{"id":588110,"date":"2025-12-09T08:14:13","date_gmt":"2025-12-09T08:14:13","guid":{"rendered":"https:\/\/www.europesays.com\/fr\/588110\/"},"modified":"2025-12-09T08:14:13","modified_gmt":"2025-12-09T08:14:13","slug":"les-mensonges-les-menaces-et-les-petits-calculs-du-prisonnier-sarkozy-mediapart","status":"publish","type":"post","link":"https:\/\/www.europesays.com\/fr\/588110\/","title":{"rendered":"Les mensonges, les menaces et les petits calculs du \u00ab prisonnier \u00bb Sarkozy &#8211; Mediapart"},"content":{"rendered":"<ol>\n<li><a href=\"https:\/\/news.google.com\/rss\/articles\/CBMitwFBVV95cUxQTzRjV2k3YmVRU1o2a0hjaTJJMlNXMzBwVFpjc1V0ejhoVTBEa2ZRdkdsckw3c1NZNEFJWjM5VVVPYkd0Z3RIaFNJRDF4Y3JLMGZNSUtDZjJBYWtNdVdQT2M2Wm5CT3YyQmZJN0UyczBaWUtOTzY1Smg5aHVSenpSaXRtMW1FWjU2WWZJdXdRSTA0MDZRMGszdkZTQ20tUXZod1g5dU03RmQ2RURjaU1IZk1Kb0JfMlk?oc=5\" target=\"_blank\" rel=\"noopener\">Les mensonges, les menaces et les petits calculs du \u00ab prisonnier \u00bb Sarkozy<\/a>&nbsp;&nbsp;Mediapart<\/li>\n<li><a href=\"https:\/\/news.google.com\/rss\/articles\/CBMikAJBVV95cUxNMDBzRnRCbEpXMmpNeTZKNENzUDNYVXBCOUVzWUFEVmIzVGNvbWtUdjFYckdncmdZNERRTS0tOVkyaVJhSmswQnc2blV1NGRrZnR1RFpKZW0taEZjamo2WGtPV1B6V29mR1JfX0x1bEFJN1lXRFdpU1BEZmhrbENyZDNXUHpKSVZ6YThONDVQT2xDaGVmTlREWGRYLWhKT2tSb0ItNi05TzJFTHh1Nmxjb2RPX21BY1ZkNks5VmRUb0NudlRVVi14OVpkWDBCNWdwblRNMXZEeVNpcE1iSWxJZUJQc1djaWY5LUtiMENGaEhQMTIzRm53eFA4MUVGS3k0STNNeUd6VzJvY0RoWnhkag?oc=5\" target=\"_blank\" rel=\"noopener\">ENTRETIEN. Nicolas Sarkozy plaide pour l\u2019union des droites avec le RN : \u00ab\u00a0La majorit\u00e9 des cadres de LR va tomber d\u2019accord avec cette position\u00a0\u00bb<\/a>&nbsp;&nbsp;ladepeche.fr<\/li>\n<li><a href=\"https:\/\/news.google.com\/rss\/articles\/CBMiwAFBVV95cUxPUnFRbGppN2EtcklZR2lQNGw5S3VPOC1XWlN0bldVR1FWSnMwZkNzbWFMa1B1UUdjdkNRT0lrWlVVX29pV3liV2MyUUpKbkRtVE84YXFRdkdqR0gyS0wwVDMtOGZjZEEtSUh5azY4ZFpuenVZZlY0V1dtZzZpMlpycHU3UFEyS04zcXNDeGFkS2xnQnk2eVBYdEUzTjJGazc3dG92c3hBTnI4X1B4c0FXX2dreWFDekZmR3djQUtLZWo?oc=5\" target=\"_blank\" rel=\"noopener\">\u00c0 droite, l\u2019extr\u00eame tentation d\u2019une alliance funeste avec le RN<\/a>&nbsp;&nbsp;L&rsquo;Humanit\u00e9<\/li>\n<li><a href=\"https:\/\/news.google.com\/rss\/articles\/CBMi_wFBVV95cUxQZTdMT0hLQk1hRlRZNzkwQjlsVVFGWFBEWTlreFUzUHlzZmlQbi01dFdsZ01oV2FGTHNmZFhxbGdGT0xoVmgzbHpwZTgyQmV4QnE1ckFKTFlkallONVRnOHBpTHYtSll1ZWp2T0MxakJLY2ttQm5ZUy1aR09yb1hzMXpfVDhKa1dvZHQ5a211aDVLTnFMOXozTGxQekNkbGhNRjE4UEtjU3JGUjlFMm95VnVkNXhIVWRDb20zY1F1empEeGFWd24xbHNaZEJtOVdkLUhlcjlkZGxHQUstQjFxeGw0Q2xlMTJEZ25jeHB1TFEwbllBZC0yQnFXOVBZTEE?oc=5\" target=\"_blank\" rel=\"noopener\">\u00abLib\u00e9\u00bb a lu pour vous le \u00abJournal d\u2019un prisonnier\u00bb de Sarkozy, et a bien failli se noyer dans le pathos<\/a>&nbsp;&nbsp;Lib\u00e9ration<\/li>\n<li><a href=\"https:\/\/news.google.com\/rss\/articles\/CBMi4wFBVV95cUxPMzdrWXdzTndhQjBEaGRMNmFFWjNfYTFUd3BQOTd4QjlhZHh0MTNDY0hXcm9KZkgzakt5R2FGbjNhRTBFMXozb3ZMTFBNN1NidV9DZzhsN00zaFdIS2t4LUU1d0p4cmpNVU91NFI4b1BucWRYTXZLNllGdmlKZ0dwSU1Ib0VTYldrb1RVUkctcmpUR19IMXNDS1RtdkY5QS11MnFvdk5IaGp0aDNySm53VWVpMTJlTEdyWHFxSlRRNzlsaks0LTktWGswdEZ4Q2NucHVfR2ZaZU9Eak9mRmFJcFZNNA?oc=5\" target=\"_blank\" rel=\"noopener\">EXCLU \u2013 Nicolas Sarkozy soutenu par Brigitte Macron : ce geste qu\u2019il a appr\u00e9ci\u00e9 avant son incarc\u00e9ration<\/a>&nbsp;&nbsp;Gala<\/li>\n<\/ol>\n","protected":false},"excerpt":{"rendered":"Les mensonges, les menaces et les petits calculs du \u00ab prisonnier \u00bb Sarkozy&nbsp;&nbsp;Mediapart ENTRETIEN. Nicolas Sarkozy plaide pour&hellip;\n","protected":false},"author":2,"featured_media":588111,"comment_status":"","ping_status":"","sticky":false,"template":"","format":"standard","meta":{"footnotes":""},"categories":[4],"tags":[54364,11,55952,70134,1770,1011,27,303,1380,8168,12,3091,25],"class_list":{"0":"post-588110","1":"post","2":"type-post","3":"status-publish","4":"format-standard","5":"has-post-thumbnail","7":"category-france","8":"tag-abdallah-senoussi","9":"tag-actualites","10":"tag-affaire-sarkozy-kadhafi","11":"tag-attentat-du-dc-10-duta","12":"tag-corruption","13":"tag-fr","14":"tag-france","15":"tag-justice","16":"tag-livres","17":"tag-mouammar-kadhafi","18":"tag-news","19":"tag-nicolas-sarkozy","20":"tag-republique-francaise"},"share_on_mastodon":{"url":"https:\/\/pubeurope.com\/@fr\/115688614558735196","error":""},"_links":{"self":[{"href":"https:\/\/www.europesays.com\/fr\/wp-json\/wp\/v2\/posts\/588110","targetHints":{"allow":["GET"]}}],"collection":[{"href":"https:\/\/www.europesays.com\/fr\/wp-json\/wp\/v2\/posts"}],"about":[{"href":"https:\/\/www.europesays.com\/fr\/wp-json\/wp\/v2\/types\/post"}],"author":[{"embeddable":true,"href":"https:\/\/www.europesays.com\/fr\/wp-json\/wp\/v2\/users\/2"}],"replies":[{"embeddable":true,"href":"https:\/\/www.europesays.com\/fr\/wp-json\/wp\/v2\/comments?post=588110"}],"version-history":[{"count":0,"href":"https:\/\/www.europesays.com\/fr\/wp-json\/wp\/v2\/posts\/588110\/revisions"}],"wp:featuredmedia":[{"embeddable":true,"href":"https:\/\/www.europesays.com\/fr\/wp-json\/wp\/v2\/media\/588111"}],"wp:attachment":[{"href":"https:\/\/www.europesays.com\/fr\/wp-json\/wp\/v2\/media?parent=588110"}],"wp:term":[{"taxonomy":"category","embeddable":true,"href":"https:\/\/www.europesays.com\/fr\/wp-json\/wp\/v2\/categories?post=588110"},{"taxonomy":"post_tag","embeddable":true,"href":"https:\/\/www.europesays.com\/fr\/wp-json\/wp\/v2\/tags?post=588110"}],"curies":[{"name":"wp","href":"https:\/\/api.w.org\/{rel}","templated":true}]}}