{"id":588116,"date":"2025-12-09T08:17:13","date_gmt":"2025-12-09T08:17:13","guid":{"rendered":"https:\/\/www.europesays.com\/fr\/588116\/"},"modified":"2025-12-09T08:17:13","modified_gmt":"2025-12-09T08:17:13","slug":"saint-etienne-le-pizzaiolo-de-la-mafia-sest-eteint-en-prison-pres-de-lyon","status":"publish","type":"post","link":"https:\/\/www.europesays.com\/fr\/588116\/","title":{"rendered":"Saint-\u00c9tienne : le pizza\u00efolo de la mafia s&rsquo;est \u00e9teint en prison, pr\u00e8s de Lyon"},"content":{"rendered":"<p>Arr\u00eat\u00e9 \u00e0 Saint-\u00c9tienne en f\u00e9vrier 2023 apr\u00e8s seize ans de cavale, Edgardo Greco est d\u00e9c\u00e9d\u00e9, ce dimanche 7 d\u00e9cembre, dans sa cellule, \u00e0 la maison d&rsquo;arr\u00eat de Corbas, pr\u00e8s de Lyon.<\/p>\n<p>Le feuilleton a brutalement pris fin.<\/p>\n<p><b>Edgardo Greco<\/b>, ancien membre de la mafia calabraise, s&rsquo;est \u00e9teint, ce dimanche 7 d\u00e9cembre. Selon son avocat, ma\u00eetre David Metaxas, il est d\u00e9c\u00e9d\u00e9 d&rsquo;un arr\u00eat cardiaque dans sa cellule, \u00e0 la maison d&rsquo;arr\u00eat de <b>Corbas<\/b>.<\/p>\n<p>C&rsquo;est l\u00e0 qu&rsquo;il \u00e9tait incarc\u00e9r\u00e9, dans l&rsquo;attente de son extradition vers l&rsquo;Italie, o\u00f9 il a \u00e9t\u00e9 condamn\u00e9 en 2006 \u00e0 la r\u00e9clusion \u00e0 perp\u00e9tuit\u00e9 pour un double meurtre commis dans les ann\u00e9es 1990.<\/p>\n<p>Une vie \u00ab\u00a0menac\u00e9e\u00a0\u00bb en Italie<\/p>\n<p>Apr\u00e8s seize ans de cavale, il avait \u00e9t\u00e9 interpell\u00e9 en f\u00e9vrier 2023 \u00e0 <b>Saint-\u00c9tienne<\/b>. Les carabiniers italiens l&rsquo;avaient notamment rep\u00e9r\u00e9 gr\u00e2ce \u00e0 la reconnaissance faciale, <a class=\"url\" href=\"https:\/\/www.radioscoop.com\/infos\/saint-etienne-le-mafieux-pizzaiolo-attrape-grace-a-la-reconnaissance-faciale_266441\" target=\"_blank\" rel=\"noopener\">apr\u00e8s un article publi\u00e9 dans Le Progr\u00e8s<\/a>.<\/p>\n<p>Apr\u00e8s <a class=\"url\" href=\"https:\/\/www.radioscoop.com\/infos\/pizzaiolo-de-la-mafia-la-demande-de-liberation-rejetee-par-la-justice_294323\" target=\"_blank\" rel=\"noopener\">plusieurs demandes de remise en libert\u00e9 qui ont \u00e9chou\u00e9<\/a>, Edgardo Greco devait prochainement \u00eatre renvoy\u00e9 en Italie. La justice a, en effet, donn\u00e9 son feu vert en 2024 pour son extradition. Le gouvernement a ensuite sign\u00e9 le d\u00e9cret en question en d\u00e9but d&rsquo;ann\u00e9e.<\/p>\n<p>Mais celui qui se faisait passer pour <b>Paolo Dimitrio<\/b> \u00e0 Saint-\u00c9tienne \u00e9tait r\u00e9cemment \u00ab\u00a0affaibli par la maladie \u00e0 la suite d&rsquo;un cancer et avait fait plusieurs malaises r\u00e9cemment\u00a0\u00bb, selon son avocat.<\/p>\n<p>\u00ab\u00a0La seule satisfaction que m&rsquo;inspire son d\u00e9c\u00e8s est qu&rsquo;il ne voulait \u00e0 aucun prix retourner en Italie o\u00f9 <b>sa vie \u00e9tait menac\u00e9e<\/b>\u00ab\u00a0, conclut ma\u00eetre David Metaxas.<\/p>\n<p>Une autopsie a \u00e9t\u00e9 ordonn\u00e9e par le parquet de Lyon pour confirmer la cause du d\u00e9c\u00e8s.<\/p>\n<p><img loading=\"lazy\" decoding=\"async\" src=\"https:\/\/www.europesays.com\/fr\/wp-content\/uploads\/2025\/12\/1765268233_829_img\" width=\"350\" height=\"200\" border=\"0\" title=\"La R\u00c3\u00a9gion a distribu\u00c3\u00a9 les premiers boutons d'alerte pour am\u00c3\u00a9liorer la s\u00c3\u00a9curit\u00c3\u00a9 des buralistes\"\/><\/p>\n<p>\u25baSoci\u00e9t\u00e9<\/p>\n<p style=\"font-size: 22px;\"><b>C&rsquo;est quoi ce petit bouton qui doit prot\u00e9ger les buralistes lors d&rsquo;un braquage ou d&rsquo;une agression ?<\/b><\/p>\n<p>La R\u00e9gion Auvergne-Rh\u00f4ne-Alpes a d\u00e9but\u00e9 ce lundi&#8230;<\/p>\n<p><\/p>\n","protected":false},"excerpt":{"rendered":"Arr\u00eat\u00e9 \u00e0 Saint-\u00c9tienne en f\u00e9vrier 2023 apr\u00e8s seize ans de cavale, Edgardo Greco est d\u00e9c\u00e9d\u00e9, ce dimanche 7&hellip;\n","protected":false},"author":2,"featured_media":588117,"comment_status":"","ping_status":"","sticky":false,"template":"","format":"standard","meta":{"footnotes":""},"categories":[9653],"tags":[1111,11,2430,70137,24503,70136,70135,1777,674,1011,27,303,3642,12,70138,806,25,9920,4001],"class_list":{"0":"post-588116","1":"post","2":"type-post","3":"status-publish","4":"format-standard","5":"has-post-thumbnail","7":"category-saint-etienne","8":"tag-actu","9":"tag-actualites","10":"tag-auvergne-rhone-alpes","11":"tag-calabraise","12":"tag-corbas","13":"tag-david-metaxas","14":"tag-edgardo-greco","15":"tag-eu","16":"tag-europe","17":"tag-fr","18":"tag-france","19":"tag-justice","20":"tag-mafia","21":"tag-news","22":"tag-paolo-dimitrio","23":"tag-prison","24":"tag-republique-francaise","25":"tag-saint-tienne","26":"tag-saint-etienne"},"share_on_mastodon":{"url":"https:\/\/pubeurope.com\/@fr\/115688627043071798","error":""},"_links":{"self":[{"href":"https:\/\/www.europesays.com\/fr\/wp-json\/wp\/v2\/posts\/588116","targetHints":{"allow":["GET"]}}],"collection":[{"href":"https:\/\/www.europesays.com\/fr\/wp-json\/wp\/v2\/posts"}],"about":[{"href":"https:\/\/www.europesays.com\/fr\/wp-json\/wp\/v2\/types\/post"}],"author":[{"embeddable":true,"href":"https:\/\/www.europesays.com\/fr\/wp-json\/wp\/v2\/users\/2"}],"replies":[{"embeddable":true,"href":"https:\/\/www.europesays.com\/fr\/wp-json\/wp\/v2\/comments?post=588116"}],"version-history":[{"count":0,"href":"https:\/\/www.europesays.com\/fr\/wp-json\/wp\/v2\/posts\/588116\/revisions"}],"wp:featuredmedia":[{"embeddable":true,"href":"https:\/\/www.europesays.com\/fr\/wp-json\/wp\/v2\/media\/588117"}],"wp:attachment":[{"href":"https:\/\/www.europesays.com\/fr\/wp-json\/wp\/v2\/media?parent=588116"}],"wp:term":[{"taxonomy":"category","embeddable":true,"href":"https:\/\/www.europesays.com\/fr\/wp-json\/wp\/v2\/categories?post=588116"},{"taxonomy":"post_tag","embeddable":true,"href":"https:\/\/www.europesays.com\/fr\/wp-json\/wp\/v2\/tags?post=588116"}],"curies":[{"name":"wp","href":"https:\/\/api.w.org\/{rel}","templated":true}]}}