{"id":588123,"date":"2025-12-09T08:23:15","date_gmt":"2025-12-09T08:23:15","guid":{"rendered":"https:\/\/www.europesays.com\/fr\/588123\/"},"modified":"2025-12-09T08:23:15","modified_gmt":"2025-12-09T08:23:15","slug":"transfert-de-la-clinique-clementville-un-nouveau-lieu-dimplantation-choisi-au-nord-de-montpellier-apres-labandon-du-projet-de-la-mosson","status":"publish","type":"post","link":"https:\/\/www.europesays.com\/fr\/588123\/","title":{"rendered":"Transfert de la clinique Cl\u00e9mentville\u00a0: un nouveau lieu d\u2019implantation choisi au nord de Montpellier, apr\u00e8s l\u2019abandon du projet de La Mosson"},"content":{"rendered":"<p>\n                                                                Apr\u00e8s l\u2019abandon d\u2019un transfert \u00e0 la Mosson au nord de Montpellier, le groupe Oc Sant\u00e9 a finalement opt\u00e9 pour une implantation sur la ZAC de Gimel \u00e0 Grabels. Guillaume Ponseill\u00e9, directeur g\u00e9n\u00e9ral, explique les raisons qui ont pr\u00e9valu \u00e0 ce choix. L\u2019ouverture est pr\u00e9vue en septembre\u00a02029.\n                            <\/p>\n<p>Exit la Mosson, c\u2019est \u00e0 Grabels que la clinique Cl\u00e9mentville sera finalement transf\u00e9r\u00e9e d\u2019ici 2029. Guillaume Ponseill\u00e9, directeur g\u00e9n\u00e9ral d\u2019Oc Sant\u00e9, en a inform\u00e9 ce lundi l\u2019ensemble des salari\u00e9s de la structure. L\u2019\u00e9tablissement de sant\u00e9, \u00e0 l\u2019\u00e9troit dans son emplacement historique de la Cit\u00e9 Astruc, avait besoin d\u2019un nouveau point de chute pour poursuivre son activit\u00e9 dans de meilleures conditions. Annonc\u00e9 en septembre\u00a02024, ce d\u00e9m\u00e9nagement est attendu par\u00a0les m\u00e9decins impatients de\u00a0b\u00e9n\u00e9ficier de plateaux techniques dernier cri. Mais aussi\u00a0par les patients d\u00e9sireux d\u2019acc\u00e9der et de se garer\u00a0plus facilement \u00e0 la clinique.<\/p>\n<p>Juvignac et Grabels ont propos\u00e9 des terrains<\/p>\n<p>En qu\u00eate d\u2019un terrain au nord de Montpellier apr\u00e8s l\u2019\u00e9chec du transfert \u00e0 la Mosson l\u2019\u00e9t\u00e9 dernier, la direction d\u2019Oc Sant\u00e9 a re\u00e7u deux propositions \u00e9manant des communes de Juvignac et de\u00a0Grabels, en lien avec la M\u00e9tropole. C\u2019est cette deuxi\u00e8me proposition qui a \u00e9t\u00e9 retenue. La clinique verra donc le jour\u00a0sur une parcelle de 1,4\u00a0ha, au sein de la\u00a0ZAC de Gimel, \u00e0 la lisi\u00e8re avec Montpellier. \u00ab\u00a0Les deux dossiers \u00e9taient tr\u00e8s int\u00e9ressants avec des localisations qui correspondaient \u00e0 notre cahier des charges, explique Guillaume Ponseill\u00e9. Ce qui a fait la diff\u00e9rence, c\u2019est que Grabels proposait une implantation dans une ZAC d\u00e9j\u00e0 valid\u00e9e. Le d\u00e9lai de construction est moins soumis aux al\u00e9as. Le terrain propos\u00e9 par la mairie de\u00a0Juvignac\u00a0offrait des perspectives de travaux plus lointains et plus incertains.\u00a0\u00bb<\/p>\n<p>        <img decoding=\"async\" class=\"std-img__img responsive-img\" src=\"https:\/\/www.europesays.com\/fr\/wp-content\/uploads\/2025\/12\/1765268595_552_image.jpg\" alt=\"L\u2019am\u00e9nagement des 19\u00a0ha de la ZAC Gimel a \u00e9t\u00e9 confi\u00e9 \u00e0 GGL.\"\/><\/p>\n<p>                L\u2019am\u00e9nagement des 19\u00a0ha de la ZAC Gimel a \u00e9t\u00e9 confi\u00e9 \u00e0 GGL.<br \/>\n                                    OC Sant\u00e9<\/p>\n<p>Une clinique et un centre de consultation sur la ZAC Gimel<\/p>\n<p>Le projet s\u2019articule en deux parties avec\u00a0la clinique et un\u00a0centre de consultation sur\u00a0une surface de plancher de 20\u00a0000 m\u00b2. Une r\u00e9serve fonci\u00e8re permettra une extension \u00e9ventuelle en fonction des besoins. Un concours d\u2019architecte sera lanc\u00e9 prochainement pour d\u00e9finir plus pr\u00e9cis\u00e9ment les contours du projet. \u00ab\u00a0On va pouvoir proposer un meilleur accueil \u00e0 nos patients avec les m\u00eames sp\u00e9cialit\u00e9s qu\u00a0\u00bb\u00e0 l\u2019heure actuelle et de meilleures conditions de travail \u00e0 notre personnel soignant\u00a0\u00bb, indique Guillaume Ponseill\u00e9. Co\u00fbt de l\u2019investissement\u00a0: 60\u00a0M\u20ac. Apr\u00e8s avoir envisag\u00e9 la suppression de la maternit\u00e9 il y a un an, l\u2019\u00e9quipe dirigeante s\u2019est ravis\u00e9e. \u00ab\u00a0Nous avons d\u00e9cid\u00e9 de conserver la maternit\u00e9 \u00e0 Grabels. Le nombre d\u2019accouchements a continu\u00e9 \u00e0 baisser mais l\u2019option aujourd\u2019hui est de maintenir une maternit\u00e9 au sud de la Ville \u00e0 Saint-Roch et une au nord \u00e0 Grabels.\u00a0\u00bb<\/p>\n<p>Des r\u00e9ticences pour aller \u00e0 la Mosson<\/p>\n<p>Le projet d\u2019implantation\u00a0\u00e0 la place de l\u2019ancienne\u00a0Tour d\u2019Assas, \u00e0 l\u2019entr\u00e9e sud de la Mosson, a donc fait long feu.\u00a0Le foncier propos\u00e9 par la M\u00e9tropole pr\u00e9sentait des contraintes techniques trop lourdes puisqu\u2019il fallait d\u00e9placer une station de tramway\u00a0avec un surco\u00fbt \u00e0 la cl\u00e9. Soit\u00a02\u00a0M\u20ac pour Oc Sant\u00e9 et quasi autant pour la M\u00e9tropole dans l\u2019obligation d\u2019assurer la continuit\u00e9 des transports durant les travaux. La perspective de ce d\u00e9m\u00e9nagement n\u2019enchantait gu\u00e8re en interne non plus.<\/p>\n<p>Ouverture pr\u00e9vue en septembre\u00a02029<\/p>\n<p>Une commission m\u00e9dicale d\u2019\u00e9tablissement avait rendu un avis d\u00e9favorable \u00e0 une large majorit\u00e9 des\u00a0m\u00e9decins pr\u00e9sents. Ces derniers \u00e9voquaient des inqui\u00e9tudes \u00ab\u00a0li\u00e9es \u00e0 la g\u00e9ographie du nouveau site et \u00e0 la perte d\u2019une activit\u00e9 m\u00e9dicale et chirurgicale\u00a0\u00bb ainsi que des craintes sur \u00ab\u00a0la s\u00e9curit\u00e9 des employ\u00e9s aux alentours du site\u00a0\u00bb. Guillaume Ponseill\u00e9 reconna\u00eet que ce projet d\u2019implantation \u00e0 la Mosson avait fait l\u2019objet \u00ab\u00a0d\u2019une communication trop pr\u00e9coce. Nous n\u2019avions pas travaill\u00e9 tous les aspects du dossier. La dimension s\u00e9curitaire sera moins pr\u00e9sente dans l\u2019esprit de certains avec une implantation \u00e0 Gimel.\u00a0\u00bb<\/p>\n<p>Le d\u00e9p\u00f4t du permis de construire est envisag\u00e9 d\u2019ici un an et un d\u00e9marrage\u00a0des travaux mi-2027. La nouvelle clinique Cl\u00e9mentville devrait ouvrir\u00a0ses portes \u00e0 Grabels \u00e0 la rentr\u00e9e 2029.<\/p>\n","protected":false},"excerpt":{"rendered":"Apr\u00e8s l\u2019abandon d\u2019un transfert \u00e0 la Mosson au nord de Montpellier, le groupe Oc Sant\u00e9 a finalement opt\u00e9&hellip;\n","protected":false},"author":2,"featured_media":588124,"comment_status":"","ping_status":"","sticky":false,"template":"","format":"standard","meta":{"footnotes":""},"categories":[9599],"tags":[1111,11,1777,674,1011,27,7089,2208,12,2680,25,8755],"class_list":{"0":"post-588123","1":"post","2":"type-post","3":"status-publish","4":"format-standard","5":"has-post-thumbnail","7":"category-montpellier","8":"tag-actu","9":"tag-actualites","10":"tag-eu","11":"tag-europe","12":"tag-fr","13":"tag-france","14":"tag-herault","15":"tag-montpellier","16":"tag-news","17":"tag-occitanie","18":"tag-republique-francaise","19":"tag-santu00e9"},"share_on_mastodon":{"url":"https:\/\/pubeurope.com\/@fr\/115688650553710940","error":""},"_links":{"self":[{"href":"https:\/\/www.europesays.com\/fr\/wp-json\/wp\/v2\/posts\/588123","targetHints":{"allow":["GET"]}}],"collection":[{"href":"https:\/\/www.europesays.com\/fr\/wp-json\/wp\/v2\/posts"}],"about":[{"href":"https:\/\/www.europesays.com\/fr\/wp-json\/wp\/v2\/types\/post"}],"author":[{"embeddable":true,"href":"https:\/\/www.europesays.com\/fr\/wp-json\/wp\/v2\/users\/2"}],"replies":[{"embeddable":true,"href":"https:\/\/www.europesays.com\/fr\/wp-json\/wp\/v2\/comments?post=588123"}],"version-history":[{"count":0,"href":"https:\/\/www.europesays.com\/fr\/wp-json\/wp\/v2\/posts\/588123\/revisions"}],"wp:featuredmedia":[{"embeddable":true,"href":"https:\/\/www.europesays.com\/fr\/wp-json\/wp\/v2\/media\/588124"}],"wp:attachment":[{"href":"https:\/\/www.europesays.com\/fr\/wp-json\/wp\/v2\/media?parent=588123"}],"wp:term":[{"taxonomy":"category","embeddable":true,"href":"https:\/\/www.europesays.com\/fr\/wp-json\/wp\/v2\/categories?post=588123"},{"taxonomy":"post_tag","embeddable":true,"href":"https:\/\/www.europesays.com\/fr\/wp-json\/wp\/v2\/tags?post=588123"}],"curies":[{"name":"wp","href":"https:\/\/api.w.org\/{rel}","templated":true}]}}