{"id":588125,"date":"2025-12-09T08:24:16","date_gmt":"2025-12-09T08:24:16","guid":{"rendered":"https:\/\/www.europesays.com\/fr\/588125\/"},"modified":"2025-12-09T08:24:16","modified_gmt":"2025-12-09T08:24:16","slug":"un-jeune-de-19-ans-condamne-apres-une-serie-de-vols-a-la-roulotte","status":"publish","type":"post","link":"https:\/\/www.europesays.com\/fr\/588125\/","title":{"rendered":"un jeune de 19 ans condamn\u00e9 apr\u00e8s une s\u00e9rie de vols \u00e0 la roulotte"},"content":{"rendered":"<p>\n\t\t\t\t\t25 victimes identifi\u00e9es entre le 21 et le 30 novembre. Un jeune homme a \u00e9t\u00e9 condamn\u00e9 \u00e0 quinze mois de prison avec sursis. \t\t\t\t<\/p>\n<p>\n\t\t\t\t\t\t\t\t\t\u00a9 InfOccitanie \/ Camille Casanova \u2013 photo d\u2019illustration.\t\t\t\t\t\t\t\t<\/p>\n<p>\t\t\t\t\t<a data-no-instant=\"1\" href=\"https:\/\/militantdugout.gard.fr\/accueil.html\" rel=\"noopener\" class=\"a2t-link\" aria-label=\"DEP30-COM-MG-2025-1120x260px\" target=\"_blank\"><img decoding=\"async\" src=\"https:\/\/www.europesays.com\/fr\/wp-content\/uploads\/2025\/12\/DEP30-COM-MG-2025-1120x260px.gif\" alt=\"\"\/><\/a><a data-no-instant=\"1\" href=\"https:\/\/scaira.grantplatform.com\/\" rel=\"noopener\" class=\"a2t-link\" aria-label=\"3222-image\" target=\"_blank\"><img decoding=\"async\" src=\"https:\/\/www.europesays.com\/fr\/wp-content\/uploads\/2025\/12\/1765268656_24_3222-image.png\" alt=\"\"  \/><\/a><\/p>\n<p>\u00c0 la fin du mois de novembre, les policiers montpelli\u00e9rains ont \u00e9t\u00e9 alert\u00e9s d\u2019une recrudescence de <strong>vols \u00e0 la roulotte <\/strong>dans les quartiers <strong>Port Marianne<\/strong>, <strong>Rondelet<\/strong> et <strong>Figuerolles<\/strong>. Un suspect ayant \u00e9t\u00e9 identifi\u00e9 par la brigade d\u2019atteinte aux biens, il a finalement \u00e9t\u00e9 <strong>interpell\u00e9<\/strong> le 1er d\u00e9cembre dernier. <\/p>\n<p>Le suspect de 19 ans, entendu par les forces de l\u2019ordre, a <strong>reconnu quasiment l\u2019ensemble des faits <\/strong>reproch\u00e9s. Au total,<strong> 25 victimes <\/strong>ont \u00e9t\u00e9 identifi\u00e9es. Il serait rentr\u00e9 dans des parkings, aurait bris\u00e9 la vitre de v\u00e9hicules avant de d\u00e9rober ce qu\u2019il se trouvait \u00e0 l\u2019int\u00e9rieur : montres, AirPods, v\u00eatements, cartes bancaires, etc. <\/p>\n<p>Quinze mois de prison avec sursis<\/p>\n<p>Jug\u00e9 en <strong>comparution imm\u00e9diate<\/strong> par le <a href=\"https:\/\/infoccitanie.fr\/tag\/tribunal\/\" target=\"_blank\" rel=\"noopener\">tribunal correctionnel de Montpellier<\/a> ce vendredi, il a \u00e9t\u00e9 reconnu <strong>coupable<\/strong> de l\u2019ensemble des faits reproch\u00e9s. Il a \u00e9t\u00e9 condamn\u00e9 <strong>\u00e0 quinze mois de prison avec sursis<\/strong>. <\/p>\n","protected":false},"excerpt":{"rendered":"25 victimes identifi\u00e9es entre le 21 et le 30 novembre. Un jeune homme a \u00e9t\u00e9 condamn\u00e9 \u00e0 quinze&hellip;\n","protected":false},"author":2,"featured_media":81670,"comment_status":"","ping_status":"","sticky":false,"template":"","format":"standard","meta":{"footnotes":""},"categories":[9599],"tags":[1111,11,1777,674,1011,27,2208,12,2680,25,3693],"class_list":{"0":"post-588125","1":"post","2":"type-post","3":"status-publish","4":"format-standard","5":"has-post-thumbnail","7":"category-montpellier","8":"tag-actu","9":"tag-actualites","10":"tag-eu","11":"tag-europe","12":"tag-fr","13":"tag-france","14":"tag-montpellier","15":"tag-news","16":"tag-occitanie","17":"tag-republique-francaise","18":"tag-tribunal"},"share_on_mastodon":{"url":"https:\/\/pubeurope.com\/@fr\/115688654406577279","error":""},"_links":{"self":[{"href":"https:\/\/www.europesays.com\/fr\/wp-json\/wp\/v2\/posts\/588125","targetHints":{"allow":["GET"]}}],"collection":[{"href":"https:\/\/www.europesays.com\/fr\/wp-json\/wp\/v2\/posts"}],"about":[{"href":"https:\/\/www.europesays.com\/fr\/wp-json\/wp\/v2\/types\/post"}],"author":[{"embeddable":true,"href":"https:\/\/www.europesays.com\/fr\/wp-json\/wp\/v2\/users\/2"}],"replies":[{"embeddable":true,"href":"https:\/\/www.europesays.com\/fr\/wp-json\/wp\/v2\/comments?post=588125"}],"version-history":[{"count":0,"href":"https:\/\/www.europesays.com\/fr\/wp-json\/wp\/v2\/posts\/588125\/revisions"}],"wp:featuredmedia":[{"embeddable":true,"href":"https:\/\/www.europesays.com\/fr\/wp-json\/wp\/v2\/media\/81670"}],"wp:attachment":[{"href":"https:\/\/www.europesays.com\/fr\/wp-json\/wp\/v2\/media?parent=588125"}],"wp:term":[{"taxonomy":"category","embeddable":true,"href":"https:\/\/www.europesays.com\/fr\/wp-json\/wp\/v2\/categories?post=588125"},{"taxonomy":"post_tag","embeddable":true,"href":"https:\/\/www.europesays.com\/fr\/wp-json\/wp\/v2\/tags?post=588125"}],"curies":[{"name":"wp","href":"https:\/\/api.w.org\/{rel}","templated":true}]}}