{"id":588128,"date":"2025-12-09T08:26:11","date_gmt":"2025-12-09T08:26:11","guid":{"rendered":"https:\/\/www.europesays.com\/fr\/588128\/"},"modified":"2025-12-09T08:26:11","modified_gmt":"2025-12-09T08:26:11","slug":"sinstaller-sur-le-marche-de-noel-de-rouen-coute-t-il-plus-cher-quailleurs","status":"publish","type":"post","link":"https:\/\/www.europesays.com\/fr\/588128\/","title":{"rendered":"s&rsquo;installer sur le march\u00e9 de No\u00ebl de Rouen co\u00fbte-t-il plus cher qu&rsquo;ailleurs\u00a0?"},"content":{"rendered":"<p>                    Par<br \/>\n        <strong><br \/>\n            <a href=\"https:\/\/actu.fr\/auteur\/adrien-filoche\" title=\"Consulter tous les articles de Adrien Filoche\" target=\"_blank\" rel=\"noopener\">Adrien Filoche<\/a><br \/>\n                    <\/strong><\/p>\n<p>        Publi\u00e9 le<\/p>\n<p>            9 d\u00e9c. 2025 \u00e0 8h18        <\/p>\n<p>La magie de <a href=\"https:\/\/actu.fr\/tag\/noel\" target=\"_blank\" rel=\"noopener\">No\u00ebl<\/a> s\u2019est empar\u00e9e de la ville de <a href=\"https:\/\/actu.fr\/normandie\/rouen_76540\" target=\"_blank\" rel=\"noopener\">Rouen<\/a> le 21\u00a0novembre 2025. Ce jour-l\u00e0,<strong> une cinquantaine de chalets<\/strong> ont ouvert leurs portes sur<strong> la place de la cath\u00e9drale<\/strong>, marquant le d\u00e9but du traditionnel march\u00e9 de No\u00ebl. Ils resteront jusqu\u2019au dimanche 28\u00a0d\u00e9cembre. Comme chaque ann\u00e9e, on retrouve des habitu\u00e9s, et \u00e9galement quelques nouveaut\u00e9s. On s\u2019y rend pour fl\u00e2ner, d\u00e9nicher des id\u00e9es de cadeaux pour les f\u00eates, mais aussi manger. Au fait,<strong> combien co\u00fbte la location d\u2019un chalet<\/strong> pour les exposants sur le march\u00e9 de No\u00ebl de Rouen\u2009? Et est-ce plus cher qu\u2019ailleurs\u2009? <strong>On s\u2019est renseign\u00e9.<\/strong><\/p>\n<p>De 4\u2009000\u00a0\u00e0 19\u2009000\u00a0euros<\/p>\n<p class=\" wall-content\">Sur le march\u00e9 de No\u00ebl de Rouen (hormis la Rue des cr\u00e9ateurs), c\u2019est la soci\u00e9t\u00e9 2A Groupe qui s\u2019occupe de la mise en location des chalets.<\/p>\n<p class=\" wall-content\">Interrog\u00e9e par 76actu, l\u2019entreprise nous a pr\u00e9sent\u00e9 ses tarifs. Les artisans, qui disposent d\u2019un tarif pr\u00e9f\u00e9rentiel, d\u00e9boursent 4\u2009059\u00a0euros pour un chalet de 6m\u00b2, et ce sans compter le raccordement \u00e9lectrique ni d\u2019option suppl\u00e9mentaire.<\/p>\n<p class=\" wall-content\">Pour un chalet de 6m\u00b2 <strong>avec angle comme option <\/strong>(mais toujours sans le raccordement \u00e9lectrique)<strong>,<\/strong> un artisan s\u2019acquitte de 4\u2009559\u00a0euros, tandis qu\u2019un exposant non-artisan d\u00e9bourse 5\u2009409\u00a0euros.<\/p>\n<p class=\" wall-content\">Plus la taille du chalet augmente, plus le tarif augmente. Sur un chalet de 16m\u00b2 (sans angle), un exposant au march\u00e9 de No\u00ebl de Rouen paye 10\u2009923\u00a0euros. Sur les plus grands mod\u00e8les (24 m\u00b2), le prix oscille<strong> entre 17\u2009535\u00a0euros et 19\u2009235\u00a0euros<\/strong> (avec ou sans angle).<\/p>\n<p>\u00ab\u2009\u00c7a augmente tous les ans\u2009\u00bb<\/p>\n<p class=\" wall-content\">\u00ab\u2009C\u2019est la premi\u00e8re fois que l\u2019on fait le march\u00e9 de No\u00ebl de Rouen\u2009\u00bb, note un exposant qui souhaite rester anonyme. Pour un grand chalet install\u00e9 au niveau de la sc\u00e8ne musicale, il indique avoir d\u00e9bours\u00e9 <strong>12\u2009000\u00a0euros.<\/strong><\/p>\n<p>Votre r\u00e9gion, votre actu !<\/p>\n<p>Recevez chaque jour les infos qui comptent pour vous.<\/p>\n<p>\t<a href=\"https:\/\/actu.fr\/newsletter\" class=\"ac-btn ac-btn--corner ac-btn--medium ac-btn--blue800\" target=\"_blank\" rel=\"noopener\">S&rsquo;incrire<\/a><\/p>\n<p class=\" wall-content\">Thibaut, un des cofondateurs de la brasserie 1989 Brewing install\u00e9e Saint-\u00c9tienne-du-Rouvray, en est \u00e0 son troisi\u00e8me march\u00e9 de No\u00ebl de suite \u00e0 Rouen. <strong>Pour son chalet, il a pay\u00e9\u00a08\u2009000\u00a0euros.<\/strong> \u00ab\u2009Il y a eu une augmentation pour les chalets install\u00e9s devant la sc\u00e8ne. Auparavant, on profitait d\u2019une remise artisan. Mais comme on est au niveau de la sc\u00e8ne et que \u00e7a apporte pas mal de monde, on n\u2019en profite plus\u2009\u00bb, d\u00e9taille-t-il.<\/p>\n<p class=\" wall-content\">S\u2019il reconna\u00eet que les tarifs sont \u00ab\u2009assez chers\u2009\u00bb et en hausse par rapport aux ann\u00e9es pr\u00e9c\u00e9dentes, il conc\u00e8de\u2009: \u00ab\u2009C\u2019est de plus en plus cher oui, mais \u00e7a vaut le coup quand m\u00eame. Le week-end, \u00e7a cartonne bien pour nous\u2009\u00bb.<\/p>\n<p class=\" wall-content\">M\u00eame constat pour Laetitia du bar \u00e0 jouer rouennais <a href=\"https:\/\/actu.fr\/normandie\/rouen_76540\/rouen-boutique-bar-restaurant-fun-rooms-le-faire-play-nouveau-repere-pour-les-joueurs_55118271.html\" target=\"_blank\" rel=\"noopener\">le Faire Play<\/a>, qui cumule son quatri\u00e8me march\u00e9 de No\u00ebl de suite \u00e0 Rouen. \u00ab\u2009\u00c7a augmente tous les ans, mais \u00e7a reste rentable. Heureusement\u2009\u00bb, confie celle qui a d\u00e9bours\u00e9 6\u2009500\u00a0euros pour son chalet.<\/p>\n<p class=\" wall-content\">Olivia, fondatrice Vol\u2019ut, une boutique artisanale locale, participe \u00e0 son premier march\u00e9 de No\u00ebl \u00e0 Rouen. \u00ab\u2009Les derni\u00e8res ann\u00e9es, nous \u00e9tions sur la Rue des cr\u00e9ateurs pour la semaine\u2009\u00bb, explique-t-elle. Pour la Rue des cr\u00e9ateurs, c\u2019est la ville de Rouen qui loue les chalets, \u00ab\u2009c\u2019\u00e9tait environ 90 euros la semaine\u2009\u00bb, pr\u00e9sente Olivia.<\/p>\n<p class=\" wall-content\">Cette ann\u00e9e, le tarif est grimp\u00e9 \u00e0 4\u2009800\u00a0euros pour s\u2019installer sur le march\u00e9 de No\u00ebl principal pendant un mois.<\/p>\n<blockquote class=\"ac-article-quote wall-content\">\n<p>On est content, \u00e7a marche vraiment bien. Et on partage les frais avec un autre cr\u00e9ateur, la M\u00e8re Guy, qui est install\u00e9 avec nous.<\/p>\n<p>    <strong>Olivia<\/strong><br \/>\n        fondatrice de Vol&rsquo;ut    <\/p><\/blockquote>\n<p class=\" wall-content\">Mohamed, g\u00e9rant au sein de la soci\u00e9t\u00e9 LVMP sp\u00e9cialis\u00e9e dans la revente de produits alimentaires (notamment le nougat), indique avoir d\u00e9bours\u00e9 <strong>entre 10\u2009000\u00a0et 15\u2009000 euros<\/strong> pour son chalet qui correspond \u00e0 l\u2019un des formats les plus grands. \u00ab\u2009\u00c0 Nantes, on retrouve des prix \u00e9quivalents. Mais oui, \u00e7a augmente tous les ans\u2009\u00bb, confie-t-il.<\/p>\n<p>Quid du prix des chalets dans les autres villes\u2009?<\/p>\n<p class=\" wall-content\">Alors, les tarifs de location des chalets sont-ils plus \u00e9lev\u00e9s \u00e0 Rouen qu\u2019ailleurs\u2009? \u00c0 titre de comparaison, <strong>pour le march\u00e9 de No\u00ebl de Metz en 2024<\/strong> qui s\u2019\u00e9tendait du 22\u00a0novembre au 30\u00a0d\u00e9cembre, le prix de location (hors taxe) variait entre 3\u2009060\u00a0euros (chalet de 2\u00a0m\u00e8tres lin\u00e9aires) et 5\u2009080\u00a0euros (chalet de 6\u00a0m\u00e8tres lin\u00e9aires).<\/p>\n<p class=\" wall-content\">\u00c0 noter \u00e9galement que cette grille tarifaire \u00e9tait diff\u00e9rente selon les activit\u00e9s des exposants. Ainsi, pour les chalets de restauration, il fallait rajouter 50\u2009% du co\u00fbt du chalet \u00e0 la somme finale. Mais pour les professionnels qui exercent une activit\u00e9 artisanale, le co\u00fbt \u00e9tait r\u00e9duit de 50\u2009%.<\/p>\n<p class=\" wall-content\">Pour \u00eatre parfaitement exhaustif, des frais de s\u00e9curit\u00e9 (entre 840 et 1\u2009680\u00a0euros) ainsi que des frais de raccordement \u00e9lectrique (entre 90 et 1\u2009000\u00a0euros) \u00e9taient \u00e9galement \u00e0 la charge des exposants.<\/p>\n<p class=\" wall-content\">En 2024, sur le march\u00e9 de No\u00ebl de Toulouse, le prix de locations des chalets oscillait entre 5\u2009000\u00a0et 9\u2009000\u00a0euros. \u00ab\u2009Un co\u00fbt qui varie selon la taille du chalet, mais qui pour certains serait rentabilis\u00e9 en trois jours d\u2019ouverture\u2009\u00bb, notait nos coll\u00e8gues <a href=\"https:\/\/actu.fr\/occitanie\/toulouse_31555\/toulouse-si-on-revient-tous-les-ans-c-est-que-c-est-rentable-combien-coute-un-chalet-au-marche-de-noel_61978862.html\" target=\"_blank\" rel=\"noopener\">d\u2019actu Toulouse<\/a>.<\/p>\n<p class=\" wall-content\">Du c\u00f4t\u00e9 du march\u00e9 de No\u00ebl d\u2019Arras (du 28\u00a0novembre au 30\u00a0d\u00e9cembre 2025), qui est le plus grand au Nord de Paris avec 150 chalets, la moyenne cette ann\u00e9e pour un chalet de 12 m\u00b2 est situ\u00e9e entre\u00a02\u2009500 et\u00a03\u2009000\u00a0euros. \u00ab\u2009Le moins cher est \u00e0 1500, le plus cher peut monter \u00e0 6, 7 voire 8\u2009000\u00a0euros. C\u2019est en coh\u00e9rence avec la taille du chalet. Mais ils veulent tous revenir, ils sont tr\u00e8s \u00e9tonn\u00e9s des prix\u2009\u00bb, pr\u00e9sente Fabien Cousin, directeur du d\u00e9partement \u00ab\u2009culture et attractivit\u00e9\u2009\u00bb \u00e0 la ville d\u2019Arras aupr\u00e8s de nos coll\u00e8gues de <a href=\"https:\/\/actu.fr\/hauts-de-france\/arras_62041\/arras-chiffre-record-nouveaux-exposants-loyers-ce-quil-faut-savoir-sur-les-chalets-de-la-ville-de-noel_63525565.html\" target=\"_blank\" rel=\"noopener\">Lille actu.<\/a><\/p>\n<p>Rouen, plus cher qu\u2019ailleurs\u2009?<\/p>\n<p class=\" wall-content\">\u00c0 Strasbourg, <a href=\"https:\/\/actu.fr\/grand-est\/strasbourg_67482\/voici-combien-coute-la-location-d-un-chalet-sur-le-marche-de-noel-de-strasbourg_55688640.html\" target=\"_blank\" rel=\"noopener\">les chiffres que nous nous sommes procur\u00e9s datent de 2022.<\/a> Pour un chalet de 6m\u00b2, il fallait compter en moyenne 4\u2009800\u00a0euros (hors taxe) avec l\u2019installation \u00e9lectrique et 8\u2009300\u00a0euros pour un chalet de 12m\u00b2.<\/p>\n<p class=\" wall-content\">Du c\u00f4t\u00e9 de Caen, Caen \u00c9v\u00e8nement, l\u2019agence qui g\u00e8re la location des chalets sur le march\u00e9 de No\u00ebl, n\u2019a pas souhait\u00e9 nous communiquer ses tarifs. Sur le site <a href=\"https:\/\/mon-marche-de-noel.com\/\" target=\"_blank\" rel=\"noopener\">mon-march\u00e9-de-no\u00ebl.com,<\/a> <strong>le prix d\u2019un emplacement en 2023<\/strong> \u00e9tait de 2\u2009400\u00a0euros en moyenne. La m\u00eame ann\u00e9e pour Reims, le tarif grimpait \u00e0 3\u2009800\u00a0euros, et 4\u2009000 pour le march\u00e9 de No\u00ebl d\u2019Amiens. Toujours sur le site et pour la m\u00eame ann\u00e9e, Rouen affichait un prix moyen de 3\u2009150\u00a0euros.<\/p>\n<p class=\" wall-content\">En comparaison avec d\u2019autres march\u00e9s de No\u00ebl, on retrouve des tarifs plus ou moins similaires, parfois l\u00e9g\u00e8rement au-dessus, parfois en-dessous. \u00ab\u2009Pour cette ann\u00e9e, nous avons mis \u00e0 disposition des chalets enti\u00e8rement neufs. Ils sont lab\u00e9lis\u00e9s \u2018Origine France garantie\u2019 et sont fabriqu\u00e9s dans nos ateliers en p\u00e9riph\u00e9rie de Nantes\u2009\u00bb, souligne par ailleurs l\u2019agence 2A Group.<\/p>\n<p class=\" wall-content\">Et comme l\u2019ont rappel\u00e9 plusieurs exposants du march\u00e9 de Rouen interrog\u00e9s, s\u2019ils sont bien pr\u00e9sents et s\u2019ils reviennent apr\u00e8s plusieurs ann\u00e9es, c\u2019est que cela reste rentable pour eux. Plut\u00f4t logique en effet\u2009!<\/p>\n<p>Suivez l\u2019actualit\u00e9 de Rouen sur <a href=\"https:\/\/www.whatsapp.com\/channel\/0029VaKfnf99hXF2ddApFB1D\" target=\"_blank\" rel=\"noopener\">notre cha\u00eene WhatsApp<\/a> et sur <a href=\"https:\/\/www.tiktok.com\/@76actu.fr?lang=fr\" target=\"_blank\" rel=\"noopener\">notre compte TikTok<\/a><\/p>\n<p class=\" wall-content\">Personnalisez votre actualit\u00e9 en ajoutant vos villes et m\u00e9dias en favori avec <a href=\"https:\/\/moncompte.actu.fr\" title=\"D\u00e9couvez Mon Actu\" rel=\"nofollow noopener\" data-trk=\"{&quot;cta&quot;:{&quot;action&quot;:&quot;https:\\\/\\\/moncompte.actu.fr&quot;,&quot;category&quot;:&quot;mon compte&quot;,&quot;from&quot;:&quot;article footer&quot;,&quot;name&quot;:&quot;Mon actu&quot;,&quot;type&quot;:&quot;cta&quot;}}\" target=\"_blank\">Mon Actu<\/a>.<\/p>\n<p>                    <script async src=\"\/\/www.tiktok.com\/embed.js\"><\/script><\/p>\n","protected":false},"excerpt":{"rendered":"Par Adrien Filoche Publi\u00e9 le 9 d\u00e9c. 2025 \u00e0 8h18 La magie de No\u00ebl s\u2019est empar\u00e9e de la&hellip;\n","protected":false},"author":2,"featured_media":588129,"comment_status":"","ping_status":"","sticky":false,"template":"","format":"standard","meta":{"footnotes":""},"categories":[9587],"tags":[1111,11,1477,215,33,1777,674,1011,27,12,15830,5161,25,9590],"class_list":{"0":"post-588128","1":"post","2":"type-post","3":"status-publish","4":"format-standard","5":"has-post-thumbnail","7":"category-rouen","8":"tag-actu","9":"tag-actualites","10":"tag-artisanat","11":"tag-commerce","12":"tag-economie","13":"tag-eu","14":"tag-europe","15":"tag-fr","16":"tag-france","17":"tag-news","18":"tag-noel","19":"tag-normandie","20":"tag-republique-francaise","21":"tag-rouen"},"share_on_mastodon":{"url":"https:\/\/pubeurope.com\/@fr\/115688661539382746","error":""},"_links":{"self":[{"href":"https:\/\/www.europesays.com\/fr\/wp-json\/wp\/v2\/posts\/588128","targetHints":{"allow":["GET"]}}],"collection":[{"href":"https:\/\/www.europesays.com\/fr\/wp-json\/wp\/v2\/posts"}],"about":[{"href":"https:\/\/www.europesays.com\/fr\/wp-json\/wp\/v2\/types\/post"}],"author":[{"embeddable":true,"href":"https:\/\/www.europesays.com\/fr\/wp-json\/wp\/v2\/users\/2"}],"replies":[{"embeddable":true,"href":"https:\/\/www.europesays.com\/fr\/wp-json\/wp\/v2\/comments?post=588128"}],"version-history":[{"count":0,"href":"https:\/\/www.europesays.com\/fr\/wp-json\/wp\/v2\/posts\/588128\/revisions"}],"wp:featuredmedia":[{"embeddable":true,"href":"https:\/\/www.europesays.com\/fr\/wp-json\/wp\/v2\/media\/588129"}],"wp:attachment":[{"href":"https:\/\/www.europesays.com\/fr\/wp-json\/wp\/v2\/media?parent=588128"}],"wp:term":[{"taxonomy":"category","embeddable":true,"href":"https:\/\/www.europesays.com\/fr\/wp-json\/wp\/v2\/categories?post=588128"},{"taxonomy":"post_tag","embeddable":true,"href":"https:\/\/www.europesays.com\/fr\/wp-json\/wp\/v2\/tags?post=588128"}],"curies":[{"name":"wp","href":"https:\/\/api.w.org\/{rel}","templated":true}]}}