{"id":588130,"date":"2025-12-09T08:29:12","date_gmt":"2025-12-09T08:29:12","guid":{"rendered":"https:\/\/www.europesays.com\/fr\/588130\/"},"modified":"2025-12-09T08:29:12","modified_gmt":"2025-12-09T08:29:12","slug":"petite-amende-avec-sursis-pour-linfluenceur-imad-tintin-definitivement-condamne","status":"publish","type":"post","link":"https:\/\/www.europesays.com\/fr\/588130\/","title":{"rendered":"petite amende avec sursis pour l&rsquo;influenceur Imad Tintin, d\u00e9finitivement condamn\u00e9"},"content":{"rendered":"<p itemprop=\"description\"><strong>Fin d&rsquo;une affaire qui aura \u00e9t\u00e9 rythm\u00e9 par les tensions g\u00e9opolitiques entre la France et l&rsquo;Alg\u00e9rie.<\/strong><\/p>\n<p>Ce lundi, la cour d&rsquo;appel de Grenoble a confirm\u00e9 la condamnation de l&rsquo;influenceur Imad Tintin, qui avait \u00e9cop\u00e9 en premi\u00e8re instance en juin dernier d&rsquo;une amende de 450 euros avec sursis.<\/p>\n<p>Dans une vid\u00e9o TikTok, ce ressortissant alg\u00e9rien vivant \u00e0 Echirolles tenait des propos \u00ab\u00a0ignobles\u00a0\u00bb selon le ministre de l&rsquo;Int\u00e9rieur de l&rsquo;\u00e9poque Bruno Retailleau. Une premi\u00e8re traduction lui faisait notamment dire \u00e0 ses compatriotes pr\u00e9sents en France de \u00ab\u00a0br\u00fbler vif, tuer et violer sur le sol fran\u00e7ais\u00a0\u00bb. Une version contredite par une nouvelle traduction qui avait fait retomber le soufflet au tribunal grenoblois.<\/p>\n<p>De \u00ab\u00a0provocation directe \u00e0 un acte de terrorisme\u00a0\u00bb, Imad Tintin avait finalement \u00e9t\u00e9 jug\u00e9 et condamn\u00e9 pour \u00ab\u00a0menaces de violences\u00a0\u00bb.<\/p>\n<p>Lors de son proc\u00e8s en appel, le TikTokeur alg\u00e9rien avait fait amende honorable : \u00ab\u00a0J&rsquo;aime la France\u00a0\u00bb, avait-il d\u00e9clar\u00e9, fustigeant Chawki Benzehra, le lanceur d&rsquo;alertes qui l&rsquo;avait d\u00e9nonc\u00e9 sur les r\u00e9seaux sociaux et signal\u00e9 aupr\u00e8s de Beauvau.<\/p>\n","protected":false},"excerpt":{"rendered":"Fin d&rsquo;une affaire qui aura \u00e9t\u00e9 rythm\u00e9 par les tensions g\u00e9opolitiques entre la France et l&rsquo;Alg\u00e9rie. Ce lundi,&hellip;\n","protected":false},"author":2,"featured_media":588131,"comment_status":"","ping_status":"","sticky":false,"template":"","format":"standard","meta":{"footnotes":""},"categories":[9566],"tags":[1111,11,2813,2430,1109,251,1112,2811,1777,674,118,1011,27,21780,2731,14004,1922,1110,1114,108,12,316,25,2812,517,800],"class_list":{"0":"post-588130","1":"post","2":"type-post","3":"status-publish","4":"format-standard","5":"has-post-thumbnail","7":"category-grenoble","8":"tag-actu","9":"tag-actualites","10":"tag-article","11":"tag-auvergne-rhone-alpes","12":"tag-breves","13":"tag-culture","14":"tag-depeches","15":"tag-economique","16":"tag-eu","17":"tag-europe","18":"tag-faits-divers","19":"tag-fr","20":"tag-france","21":"tag-gf38","22":"tag-grenoble","23":"tag-grenoblemag","24":"tag-info","25":"tag-informations","26":"tag-infos","27":"tag-isere","28":"tag-news","29":"tag-politique","30":"tag-republique-francaise","31":"tag-sociale","32":"tag-sport","33":"tag-transports"},"share_on_mastodon":{"url":"https:\/\/pubeurope.com\/@fr\/115688673413019912","error":""},"_links":{"self":[{"href":"https:\/\/www.europesays.com\/fr\/wp-json\/wp\/v2\/posts\/588130","targetHints":{"allow":["GET"]}}],"collection":[{"href":"https:\/\/www.europesays.com\/fr\/wp-json\/wp\/v2\/posts"}],"about":[{"href":"https:\/\/www.europesays.com\/fr\/wp-json\/wp\/v2\/types\/post"}],"author":[{"embeddable":true,"href":"https:\/\/www.europesays.com\/fr\/wp-json\/wp\/v2\/users\/2"}],"replies":[{"embeddable":true,"href":"https:\/\/www.europesays.com\/fr\/wp-json\/wp\/v2\/comments?post=588130"}],"version-history":[{"count":0,"href":"https:\/\/www.europesays.com\/fr\/wp-json\/wp\/v2\/posts\/588130\/revisions"}],"wp:featuredmedia":[{"embeddable":true,"href":"https:\/\/www.europesays.com\/fr\/wp-json\/wp\/v2\/media\/588131"}],"wp:attachment":[{"href":"https:\/\/www.europesays.com\/fr\/wp-json\/wp\/v2\/media?parent=588130"}],"wp:term":[{"taxonomy":"category","embeddable":true,"href":"https:\/\/www.europesays.com\/fr\/wp-json\/wp\/v2\/categories?post=588130"},{"taxonomy":"post_tag","embeddable":true,"href":"https:\/\/www.europesays.com\/fr\/wp-json\/wp\/v2\/tags?post=588130"}],"curies":[{"name":"wp","href":"https:\/\/api.w.org\/{rel}","templated":true}]}}