{"id":588132,"date":"2025-12-09T08:30:16","date_gmt":"2025-12-09T08:30:16","guid":{"rendered":"https:\/\/www.europesays.com\/fr\/588132\/"},"modified":"2025-12-09T08:30:16","modified_gmt":"2025-12-09T08:30:16","slug":"violente-tape-force-a-faire-des-choses-un-ado-victime-de-viols-son-bourreau-demande-sa-remise-en-liberte","status":"publish","type":"post","link":"https:\/\/www.europesays.com\/fr\/588132\/","title":{"rendered":"\u00ab\u00a0Violent\u00e9, tap\u00e9, forc\u00e9 \u00e0 faire des choses\u00a0\u00bb. Un ado victime de viols, son bourreau demande sa remise en libert\u00e9"},"content":{"rendered":"<p>                    Par<br \/>\n        <strong><br \/>\n            <a href=\"https:\/\/actu.fr\/auteur\/redaction-rennes\" title=\"Consulter tous les articles de R\u00e9daction Rennes\" target=\"_blank\" rel=\"noopener\">R\u00e9daction Rennes<\/a><br \/>\n                    <\/strong><\/p>\n<p>        Publi\u00e9 le<\/p>\n<p>            9 d\u00e9c. 2025 \u00e0 8h29        <\/p>\n<p>La chambre de l\u2019instruction de la cour d\u2019appel de Rennes s\u2019est pench\u00e9e, vendredi 5\u00a0d\u00e9cembre 2025, sur la demande de remise en libert\u00e9 d\u2019un homme soup\u00e7onn\u00e9 <strong>d\u2019avoir viol\u00e9<\/strong> \u00e0 de multiples reprises <strong>un adolescent<\/strong> rencontr\u00e9 au niveau du m\u00e9tro Atalante, \u00e0 Rennes, d\u00e9but 2025.<\/p>\n<p class=\" wall-content\">Cet Afghan, \u00e2g\u00e9 de 29 ou 26\u00a0ans \u2013 son \u00e2ge \u00e9tant difficilement compr\u00e9hensible des autorit\u00e9s judiciaires fran\u00e7aises \u00e0 cause d\u2019une \u00ab\u2009diff\u00e9rence de calendrier\u2009\u00bb avec l\u2019Afghanistan \u2013 est mis en examen pour <strong>plusieurs faits de \u00ab\u2009viols\u2009\u00bb<\/strong> et<strong> \u00ab\u2009agressions sexuelles\u2009\u00bb<\/strong> sur <strong>un jeune gar\u00e7on de 14\u00a0ans.<\/strong><\/p>\n<p>Des abus \u00ab\u2009\u00e0 r\u00e9p\u00e9tition\u2009\u00bb<\/p>\n<p class=\" wall-content\">Le 20\u00a0f\u00e9vrier 2025, l\u2019adolescent avait fini par <strong>signaler ces m\u00e9faits<\/strong> alors qu\u2019il \u00e9tait \u00ab\u2009apeur\u00e9 et en pleurs\u2009\u00bb, a-t-il \u00e9t\u00e9 dit \u00e0 l\u2019audience\u2009: un individu qu\u2019il connaissait lui avait \u00ab\u2009demand\u00e9 de le suivre <strong>dans un b\u00e2timent d\u00e9saffect\u00e9\u2009\u00bb<\/strong> et l\u2019avait forc\u00e9 \u00e0 lui pratiquer <strong>une fellation<\/strong>.<\/p>\n<p class=\" wall-content\">Il y avait en r\u00e9alit\u00e9 eu <strong>\u00ab\u2009plusieurs rencontres\u2009\u00bb depuis \u00ab\u2009un mois\u2009\u00bb,<\/strong> avait-il expliqu\u00e9. L\u2019un de ses amis s\u2019\u00e9tait d\u2019ailleurs souvenu avait \u00e9t\u00e9 \u00ab\u2009marqu\u00e9 par l\u2019attitude corporelle\u2009\u00bb de l\u2019adolescent, qui se disait \u00ab\u2009poursuivi par une personne d\u2019environ 30\u00a0ans\u2009\u00bb et \u00ab\u2009parlant mal le fran\u00e7ais\u2009\u00bb qu\u2019il avait \u00ab\u2009d\u00e9j\u00e0 rencontr\u00e9e dans un parc\u2009\u00bb\u2009: il lui infligeait <strong>des violences sexuelles \u00ab\u2009\u00e0 r\u00e9p\u00e9tition\u2009\u00bb.<\/strong><\/p>\n<p class=\" wall-content\">Dans le m\u00e9tro, le jeune homme \u00e9tait <strong>\u00ab\u2009sale\u2009\u00bb,<\/strong> avait d\u2019ailleurs observ\u00e9 son ami\u2009:<strong> ses v\u00eatements \u00e9taient tach\u00e9s de \u00ab\u2009terre\u2009\u00bb<\/strong> et il avait \u00ab\u2009des choses dans les cheveux\u2009\u00bb.<\/p>\n<p>Secouru dans un bus<\/p>\n<p class=\" wall-content\"><strong>La passag\u00e8re d\u2019un bus<\/strong> lui \u00e9tait venue en aide le 22\u00a0janvier 2025\u2009: elle l\u2019avait rep\u00e9r\u00e9 \u00e0 c\u00f4t\u00e9 d\u2019un homme qui essayait de \u00ab\u2009l\u2019interpeller du regard\u2009\u00bb et avait \u00ab\u2009fini par dire \u00e0 l\u2019adolescent de s\u2019asseoir \u00e0 c\u00f4t\u00e9 d\u2019elle\u2009\u00bb.\u00a0L\u2019homme \u00e0 c\u00f4t\u00e9 du jeune s\u2019y \u00e9tait d\u2019abord oppos\u00e9 et <strong>\u00ab\u2009sentait l\u2019alcool\u2009\u00bb,<\/strong> s\u2019est souvenue la jeune femme devant la police.<\/p>\n<p>Votre r\u00e9gion, votre actu !<\/p>\n<p>Recevez chaque jour les infos qui comptent pour vous.<\/p>\n<p>\t<a href=\"https:\/\/actu.fr\/newsletter\" class=\"ac-btn ac-btn--corner ac-btn--medium ac-btn--blue800\" target=\"_blank\" rel=\"noopener\">S&rsquo;incrire<\/a><\/p>\n<p class=\" wall-content\">Le jeune avait fini par \u00ab\u2009la rejoindre\u2009\u00bb et lui avait dit avoir \u00e9t\u00e9 \u00ab\u2009contraint \u00e0 boire de l\u2019alcool\u2009\u00bb par cet homme se montrant \u00ab\u2009tr\u00e8s insistant avec lui\u2009\u00bb. Le temps que la jeune femme alerte le chauffeur de bus, <strong>l\u2019homme avait fui.<\/strong><\/p>\n<p class=\" wall-content\"><strong>Un m\u00e9decin<\/strong> du Centre hospitalier universitaire (CHU) de Rennes avait pris en charge le jeune gar\u00e7on la veille de cet \u00e9pisode\u2009: il avait fait<strong> un signalement<\/strong> <strong>\u00e0 propos de ce jeune<\/strong> qui souffre d\u2019un Trouble de l\u2019attention avec ou sans hyperactivit\u00e9 (TDAH) et qui avait relat\u00e9 \u00ab\u2009des viols\u2009\u00bb commis \u00ab\u2009par un adulte\u2009\u00bb.<\/p>\n<p>\u00ab\u2009Violent\u00e9, tap\u00e9, forc\u00e9 \u00e0 faire des choses\u2009\u00bb<\/p>\n<p class=\" wall-content\"><strong>Le p\u00e8re de l\u2019adolescent<\/strong> \u00e9tait, lui, revenu sur les \u00ab\u2009probl\u00e8mes comportementaux\u2009\u00bb de cet adolescent ayant \u00ab\u2009du mal \u00e0 se rep\u00e9rer dans le temps et l\u2019espace\u2009\u00bb. Le 19\u00a0f\u00e9vrier 2025, il l\u2019avait appel\u00e9 en soir\u00e9e alors qu\u2019il \u00e9tait <strong>\u00ab\u2009perdu dans un parc\u2009\u00bb<\/strong>\u2009: son fils n\u2019\u00e9tait rentr\u00e9 qu\u2019\u00e0 \u00ab\u200922h\u2009\u00bb,<strong> les v\u00eatements \u00ab\u2009pleins de terre\u2009\u00bb<\/strong> et avec un discours \u00ab\u2009incoh\u00e9rent\u2009\u00bb.<\/p>\n<p class=\" wall-content\">Son fils, qui lui a d\u00e9clar\u00e9 \u00eatre homosexuel \u00e0 l\u2019\u00e2ge de 11-12\u00a0ans, avait par la suite reconnu son agresseur\u2009: les faits s\u2019\u00e9taient renouvel\u00e9s <strong>\u00ab\u2009dix \u00e0 vingt fois\u2009\u00bb, dans la rue, \u00e0 l\u2019h\u00f4tel,<\/strong> et il lui avait m\u00eame \u00ab\u2009montr\u00e9 sa maison\u2009\u00bb.<\/p>\n<p class=\" wall-content\">L\u2019adolescent avait \u00e9t\u00e9 <strong>\u00ab\u2009violent\u00e9, tap\u00e9, forc\u00e9 \u00e0 faire des choses\u2009\u00bb<\/strong> alors qu\u2019il avait pourtant \u00ab\u2009plusieurs fois dit non\u2009\u00bb. En tout \u00e9tat de cause, \u00e0 son \u00e2ge, <strong>l\u2019absence de consentement est pr\u00e9sum\u00e9e<\/strong>, du point de vue l\u00e9gal.<\/p>\n<p>Le sperme de l\u2019agresseur retrouv\u00e9 sur le jeune homme<\/p>\n<p class=\" wall-content\">L\u2019exploitation de la <strong>vid\u00e9osurveillance<\/strong> avait permis d\u2019identifier clairement le suspect, un demandeur d\u2019asile qui souffre de \u00ab\u2009probl\u00e8mes psychiatriques\u2009\u00bb apr\u00e8s avoir \u00e9t\u00e9 bless\u00e9 en Afghanistan, son pays d\u2019origine.<\/p>\n<p class=\" wall-content\">Cet homme \u00ab\u2009bisexuel\u2009\u00bb mais qui nie toutefois avoir eu \u00ab\u2009des relations avec des hommes\u2009\u00bb <strong>avait r\u00e9fut\u00e9 \u00ab\u2009tout lien\u2009\u00bb avec l\u2019adolescent.<\/strong><\/p>\n<p class=\" wall-content\">Une expertise g\u00e9n\u00e9tique a toutefois permis de retrouver <strong>son \u00ab\u2009sperme\u2009\u00bb sur le corps du plaignant<\/strong>, a-t-il \u00e9t\u00e9 relev\u00e9 lors de l\u2019audience publique de la chambre de l\u2019instruction.<\/p>\n<p>Une demande de remise en libert\u00e9<\/p>\n<p class=\" wall-content\">Arriv\u00e9 en France en 2023, <strong>Hayatullahjan<\/strong> \u00e9tait en fait \u00ab\u2009une cible\u2009\u00bb pour les talibans \u00e0 cause de ses \u00ab\u2009liens avec le gouvernement\u2009\u00bb. Ici, \u00e0 Rennes, il n\u2019a<strong> pas de \u00ab\u2009domicile fixe\u2009\u00bb<\/strong> et n\u2019a \u00ab\u2009ni attaches, ni ressources\u2009\u00bb.<\/p>\n<p class=\" wall-content\">Le 1\u1d49\u02b3 mars\u00a02025, il a <strong>\u00ab\u2009tent\u00e9 de se suicider\u2009\u00bb en prison<\/strong>, a-t-on appris jeudi, et, un \u00ab\u2009gros mois avant les faits\u2009\u00bb, il a \u00e9t\u00e9 condamn\u00e9 pour <strong>\u00ab\u2009trafic de stup\u00e9fiants\u2009\u00bb.<\/strong><\/p>\n<p class=\" wall-content\">Ce jeudi 4\u00a0d\u00e9cembre 2025, son avocate est donc venue <strong>solliciter sa remise en libert\u00e9<\/strong>\u2009: dans ce dossier, \u00ab\u2009tout le monde\u2009\u00bb a d\u00e9j\u00e0 pu \u00eatre \u00ab\u2009entendu\u2009\u00bb, que ce soit les t\u00e9moins, le plaignant et Hayatullahjan.<\/p>\n<p class=\" wall-content\">Le suspect a d\u2019ailleurs \u00ab\u2009demand\u00e9\u2009\u00bb \u00e0 \u00eatre interrog\u00e9 par le juge d\u2019instruction sur le fond de l\u2019affaire le 3\u00a0septembre 2025. Et <strong>sa sant\u00e9 mentale<\/strong> n\u00e9cessite \u00ab\u2009un suivi m\u00e9dical r\u00e9gulier\u2009\u00bb, a soulign\u00e9 son avocate, alors que ces besoins ne sont \u00ab\u2009pas remplis en d\u00e9tention\u2009\u00bb.<\/p>\n<p>Une \u00ab\u2009grande fragilit\u00e9\u2009\u00bb<\/p>\n<p class=\" wall-content\">Reste que \u00ab\u2009la vuln\u00e9rabilit\u00e9 de cet adolescent est bien sup\u00e9rieure \u00e0 celle de Hayatullahjan\u2009\u00bb, a recadr\u00e9 l\u2019avocate g\u00e9n\u00e9rale. La repr\u00e9sentante du parquet g\u00e9n\u00e9ral a d\u2019ailleurs \u00ab\u2009le sentiment\u2009\u00bb que le jeune homme a \u00e9t\u00e9 pr\u00e9cis\u00e9ment <strong>\u00ab\u2009cibl\u00e9\u2009\u00bb en raison de sa \u00ab\u2009grande fragilit\u00e9\u2009\u00bb<\/strong> pour devenir<strong> un v\u00e9ritable \u00ab\u2009jouet sexuel\u2009\u00bb.<\/strong><\/p>\n<p class=\" wall-content\">\u00ab\u2009Il nie les \u00e9vidences\u2009\u00bb, a-t-elle par ailleurs grinc\u00e9 \u00e0 propos de Hayatullahjan,<strong> craignant \u00ab\u2009un risque de pression et de r\u00e9it\u00e9ration des faits\u2009\u00bb<\/strong> et d\u00e9plorant \u00ab\u2009des garanties de repr\u00e9sentation en justice \u00e9gales \u00e0 z\u00e9ro, voire n\u00e9gatives\u2009\u00bb.<\/p>\n<p class=\" wall-content\">L\u2019int\u00e9ress\u00e9 a n\u00e9anmoins soutenu qu\u2019il comptait faire les d\u00e9marches pour b\u00e9n\u00e9ficier de l\u2019asile et, par la suite, \u00ab\u2009trouver du travail\u2009\u00bb apr\u00e8s avoir suivi \u00ab\u2009une formation\u2009\u00bb. Des \u00ab\u2009amis\u2009\u00bb pourraient d\u2019ailleurs le loger.<\/p>\n<p class=\" wall-content\">Mais, vendredi 5\u00a0d\u00e9cembre 2025, la chambre de l\u2019instruction de la cour d\u2019appel de Rennes <strong>l\u2019a maintenu en d\u00e9tention.<\/strong><\/p>\n<p class=\" wall-content\"><strong>CB et GF (PressPepper)<\/strong><\/p>\n<p class=\" wall-content\">Personnalisez votre actualit\u00e9 en ajoutant vos villes et m\u00e9dias en favori avec <a href=\"https:\/\/moncompte.actu.fr\" title=\"D\u00e9couvez Mon Actu\" rel=\"nofollow noopener\" data-trk=\"{&quot;cta&quot;:{&quot;action&quot;:&quot;https:\\\/\\\/moncompte.actu.fr&quot;,&quot;category&quot;:&quot;mon compte&quot;,&quot;from&quot;:&quot;article footer&quot;,&quot;name&quot;:&quot;Mon actu&quot;,&quot;type&quot;:&quot;cta&quot;}}\" target=\"_blank\">Mon Actu<\/a>.<\/p>\n","protected":false},"excerpt":{"rendered":"Par R\u00e9daction Rennes Publi\u00e9 le 9 d\u00e9c. 2025 \u00e0 8h29 La chambre de l\u2019instruction de la cour d\u2019appel&hellip;\n","protected":false},"author":2,"featured_media":588133,"comment_status":"","ping_status":"","sticky":false,"template":"","format":"standard","meta":{"footnotes":""},"categories":[2821],"tags":[1111,11,829,1777,674,118,1011,27,303,5000,12,584,25,799],"class_list":{"0":"post-588132","1":"post","2":"type-post","3":"status-publish","4":"format-standard","5":"has-post-thumbnail","7":"category-rennes","8":"tag-actu","9":"tag-actualites","10":"tag-bretagne","11":"tag-eu","12":"tag-europe","13":"tag-faits-divers","14":"tag-fr","15":"tag-france","16":"tag-justice","17":"tag-metro-de-rennes","18":"tag-news","19":"tag-rennes","20":"tag-republique-francaise","21":"tag-violences-sexuelles"},"share_on_mastodon":{"url":"https:\/\/pubeurope.com\/@fr\/115688677373852770","error":""},"_links":{"self":[{"href":"https:\/\/www.europesays.com\/fr\/wp-json\/wp\/v2\/posts\/588132","targetHints":{"allow":["GET"]}}],"collection":[{"href":"https:\/\/www.europesays.com\/fr\/wp-json\/wp\/v2\/posts"}],"about":[{"href":"https:\/\/www.europesays.com\/fr\/wp-json\/wp\/v2\/types\/post"}],"author":[{"embeddable":true,"href":"https:\/\/www.europesays.com\/fr\/wp-json\/wp\/v2\/users\/2"}],"replies":[{"embeddable":true,"href":"https:\/\/www.europesays.com\/fr\/wp-json\/wp\/v2\/comments?post=588132"}],"version-history":[{"count":0,"href":"https:\/\/www.europesays.com\/fr\/wp-json\/wp\/v2\/posts\/588132\/revisions"}],"wp:featuredmedia":[{"embeddable":true,"href":"https:\/\/www.europesays.com\/fr\/wp-json\/wp\/v2\/media\/588133"}],"wp:attachment":[{"href":"https:\/\/www.europesays.com\/fr\/wp-json\/wp\/v2\/media?parent=588132"}],"wp:term":[{"taxonomy":"category","embeddable":true,"href":"https:\/\/www.europesays.com\/fr\/wp-json\/wp\/v2\/categories?post=588132"},{"taxonomy":"post_tag","embeddable":true,"href":"https:\/\/www.europesays.com\/fr\/wp-json\/wp\/v2\/tags?post=588132"}],"curies":[{"name":"wp","href":"https:\/\/api.w.org\/{rel}","templated":true}]}}