{"id":588134,"date":"2025-12-09T08:31:47","date_gmt":"2025-12-09T08:31:47","guid":{"rendered":"https:\/\/www.europesays.com\/fr\/588134\/"},"modified":"2025-12-09T08:31:47","modified_gmt":"2025-12-09T08:31:47","slug":"voici-ce-qui-vous-attend-10","status":"publish","type":"post","link":"https:\/\/www.europesays.com\/fr\/588134\/","title":{"rendered":"voici ce qui vous attend"},"content":{"rendered":"<p>                    Par<br \/>\n        <strong><br \/>\n            <a href=\"https:\/\/actu.fr\/auteur\/brian-legoff\" title=\"Consulter tous les articles de Brian Le Goff\" target=\"_blank\" rel=\"noopener\">Brian Le Goff<\/a><br \/>\n                    <\/strong><\/p>\n<p>        Publi\u00e9 le<\/p>\n<p>            8 d\u00e9c. 2025 \u00e0 18h14        <\/p>\n<p>La <a href=\"https:\/\/actu.fr\/bretagne\/rennes_35238\/mma-a-rennes-un-nouveau-gala-du-championnat-aec-prevu-en-fin-d-annee-la-billetterie-est-ouverte_63231942.html\" target=\"_blank\" rel=\"noopener\">comp\u00e9tition de MMA, AEC, avait entam\u00e9 sa saison 2025 \u00e0 Rennes<\/a>. Elle<strong> terminera l\u2019ann\u00e9e l\u00e0 o\u00f9 elle a \u00e9t\u00e9 cr\u00e9\u00e9e, en 2022,<\/strong> par <a href=\"https:\/\/actu.fr\/bretagne\/rennes_35238\/rennes-willy-sirope-champion-du-monde-du-jiu-jitsu-bresilien-va-defendre-son-titre_39302615.html\" target=\"_blank\" rel=\"noopener\">Willy Sirope<\/a>. Samedi 20\u00a0d\u00e9cembre, au sein de la salle Colette Besson, ce nouveau gala verra de nombreux combats avoir lieu devant plusieurs milliers de spectateurs.<\/p>\n<p>Les combats attendus<\/p>\n<p class=\" wall-content\">\u00c0 quelques jours de l\u2019\u00e9v\u00e9nement, voici une partie des combattants attendus dans l\u2019octogone\u2009:<\/p>\n<ul class=\" wall-content\">\n<li>le Main-Event a \u00e9t\u00e9 officialis\u00e9 il y a quelques jours sur les r\u00e9seaux de l\u2019AEC. Le Rennais <strong>Louis Bokola<\/strong> (1-0 PRO, Rennes Combat Association) tentera de venir \u00e0 bout du Lorientais<strong> Geoffray Elliot<\/strong> (D\u00e9buts pros, Delariva Nantes). Les deux restent sur une victoire chacun en amateur, la belle se passera en pro\u2009;<\/li>\n<li>autre Rennais, le combat de Luka Gabelia (Monkey Gym) a \u00e9t\u00e9 officialis\u00e9 face \u00e0 Oussama Laklit (AJSR)\u2009;<\/li>\n<li>le<strong> Brestois Kouroufia Conte<\/strong> (Pancrace et Ben JJB) avec un bilan de quatre victoires pour deux d\u00e9faites. Il effectuera ainsi ses d\u00e9buts pro \u00e0 l\u2019AEC 17\u2009en d\u00e9fiant <strong>Alex Hue<\/strong> (pro Debut) lors d\u2019un combat pro en Welterweight\u2009;<\/li>\n<\/ul>\n<p class=\" wall-content\"><a href=\"https:\/\/www.instagram.com\/p\/DR-eFmMgJyq\/embed\" title=\"Ouvrir le lien sur Instagram\" target=\"_blank\" rel=\"noopener\">Visualiser le contenu sur Instagram<\/a><\/p>\n<ul class=\" wall-content\">\n<li><strong>Adam Laoudi<\/strong> et<strong> Gurvan Babet<\/strong> se feront face dans un combat en Featherweight\u2009;<\/li>\n<li><strong>Luka Gabellia<\/strong> (Monkey Gym, quatre victoires d\u2019affil\u00e9e, deux d\u00e9faites) combattra <strong>Oussama Laklit (AJSR)<\/strong> en Featherweight\u2009;<\/li>\n<li>Theo Hemon (1-2) affrontera Edie Jahani (1-1) en lightweight\u2009;<\/li>\n<li>jeune espoir, le Rennais <strong>Kenji Aliamane<\/strong> (RCA, huit victoires, quatre d\u00e9faites, n\u1d52 7 Fran\u00e7ais en moins de 66\u00a0kg).<\/li>\n<\/ul>\n<p class=\" wall-content\">Acc\u00e9dez \u00e0 la <a href=\"https:\/\/www.aec-mma.com\/billetterie\" target=\"_blank\" rel=\"noopener\">billetterie via ce lien<\/a>.<\/p>\n<p class=\" wall-content\">Personnalisez votre actualit\u00e9 en ajoutant vos villes et m\u00e9dias en favori avec <a href=\"https:\/\/moncompte.actu.fr\" title=\"D\u00e9couvez Mon Actu\" rel=\"nofollow noopener\" data-trk=\"{&quot;cta&quot;:{&quot;action&quot;:&quot;https:\\\/\\\/moncompte.actu.fr&quot;,&quot;category&quot;:&quot;mon compte&quot;,&quot;from&quot;:&quot;article footer&quot;,&quot;name&quot;:&quot;Mon actu&quot;,&quot;type&quot;:&quot;cta&quot;}}\" target=\"_blank\">Mon Actu<\/a>.<\/p>\n<p>                    <script async src=\"\/\/www.instagram.com\/embed.js\"><\/script><\/p>\n","protected":false},"excerpt":{"rendered":"Par Brian Le Goff Publi\u00e9 le 8 d\u00e9c. 2025 \u00e0 18h14 La comp\u00e9tition de MMA, AEC, avait entam\u00e9&hellip;\n","protected":false},"author":2,"featured_media":588135,"comment_status":"","ping_status":"","sticky":false,"template":"","format":"standard","meta":{"footnotes":""},"categories":[2821],"tags":[1111,11,3062,829,1777,674,1011,27,1847,12,584,25,60],"class_list":{"0":"post-588134","1":"post","2":"type-post","3":"status-publish","4":"format-standard","5":"has-post-thumbnail","7":"category-rennes","8":"tag-actu","9":"tag-actualites","10":"tag-autres-sports","11":"tag-bretagne","12":"tag-eu","13":"tag-europe","14":"tag-fr","15":"tag-france","16":"tag-mma","17":"tag-news","18":"tag-rennes","19":"tag-republique-francaise","20":"tag-sports"},"share_on_mastodon":{"url":"https:\/\/pubeurope.com\/@fr\/115688681536363657","error":""},"_links":{"self":[{"href":"https:\/\/www.europesays.com\/fr\/wp-json\/wp\/v2\/posts\/588134","targetHints":{"allow":["GET"]}}],"collection":[{"href":"https:\/\/www.europesays.com\/fr\/wp-json\/wp\/v2\/posts"}],"about":[{"href":"https:\/\/www.europesays.com\/fr\/wp-json\/wp\/v2\/types\/post"}],"author":[{"embeddable":true,"href":"https:\/\/www.europesays.com\/fr\/wp-json\/wp\/v2\/users\/2"}],"replies":[{"embeddable":true,"href":"https:\/\/www.europesays.com\/fr\/wp-json\/wp\/v2\/comments?post=588134"}],"version-history":[{"count":0,"href":"https:\/\/www.europesays.com\/fr\/wp-json\/wp\/v2\/posts\/588134\/revisions"}],"wp:featuredmedia":[{"embeddable":true,"href":"https:\/\/www.europesays.com\/fr\/wp-json\/wp\/v2\/media\/588135"}],"wp:attachment":[{"href":"https:\/\/www.europesays.com\/fr\/wp-json\/wp\/v2\/media?parent=588134"}],"wp:term":[{"taxonomy":"category","embeddable":true,"href":"https:\/\/www.europesays.com\/fr\/wp-json\/wp\/v2\/categories?post=588134"},{"taxonomy":"post_tag","embeddable":true,"href":"https:\/\/www.europesays.com\/fr\/wp-json\/wp\/v2\/tags?post=588134"}],"curies":[{"name":"wp","href":"https:\/\/api.w.org\/{rel}","templated":true}]}}