{"id":588140,"date":"2025-12-09T08:36:23","date_gmt":"2025-12-09T08:36:23","guid":{"rendered":"https:\/\/www.europesays.com\/fr\/588140\/"},"modified":"2025-12-09T08:36:23","modified_gmt":"2025-12-09T08:36:23","slug":"nice-de-lhiver-a-lete-les-quatre-saisons-balneaires","status":"publish","type":"post","link":"https:\/\/www.europesays.com\/fr\/588140\/","title":{"rendered":"Nice. De l\u2019hiver \u00e0 l\u2019\u00e9t\u00e9, les quatre saisons\u2026 baln\u00e9aires."},"content":{"rendered":"<p><img decoding=\"async\" alt=\"\" src=\"https:\/\/www.europesays.com\/fr\/wp-content\/uploads\/2025\/12\/LIVRE_UNESCO_Gilletta.jpg\" title=\"\"\/><\/p>\n<p>Nous avons tendance \u00e0 oublier que, si Nice rayonne aujourd\u2019hui l\u2019\u00e9t\u00e9, c\u2019est l\u2019hiver qui fit sa renomm\u00e9e au XIXe si\u00e8cle. Les aristocraties anglaise et russe principalement fuyant les rudesses de leurs hivers mirent le Sud \u00e0 la mode. A leur suite, cette douceur climatique attire toute une client\u00e8le cosmopolite venue des quatre coins du monde. Des fastes de la Belle \u00c9poque aux lignes stylis\u00e9es de l\u2019Art d\u00e9co, palais, villas et jardins exub\u00e9rants composent un ensemble exceptionnel, inscrit en 2021 au patrimoine mondial de l\u2019Unesco comme \u00ab\u00a0ville de vill\u00e9giature d\u2019hiver de Riviera\u00a0\u00bb.\u00a0<\/p>\n<p>Fruit d\u2019une collaboration entre l\u2019Office de Tourisme, la Mission Nice Patrimoine Mondial et les \u00c9ditions Gilletta, cet ouvrage d\u00e9voile la splendeur et la diversit\u00e9 d\u2019une cit\u00e9 unique, dans un voyage visuel et sensible. Au d\u00e9clencheur de son appareil photo, Olivier Huitel. Originaire de Calvi mais depuis longtemps install\u00e9 \u00e0 Nice, il couvre les grands \u00e9v\u00e9nements de toute la C\u00f4te d\u2019Azur, comme ceux \u00e0 l\u2019international. En parall\u00e8le \u00e0 ses expositions, il signe \u00ab\u00a0La French Riviera Gourmande\u00a0\u00bb, un guide illustr\u00e9 qui met \u00e0 l\u2019honneur artisans et producteurs du territoire.<\/p>\n<p>Un r\u00e9cit vivant et tr\u00e8s document\u00e9 qui \u00e9voque, au travers d\u2019une d\u00e9ambulation dans huit quartiers, la diversit\u00e9 du paysage ni\u00e7ois, entre littoral, c\u0153ur de ville et collines. CQFD\u00a0!<\/p>\n","protected":false},"excerpt":{"rendered":"Nous avons tendance \u00e0 oublier que, si Nice rayonne aujourd\u2019hui l\u2019\u00e9t\u00e9, c\u2019est l\u2019hiver qui fit sa renomm\u00e9e au&hellip;\n","protected":false},"author":2,"featured_media":588141,"comment_status":"","ping_status":"","sticky":false,"template":"","format":"standard","meta":{"footnotes":""},"categories":[2819],"tags":[1111,47,11,1777,674,1011,27,1110,1031,12,2401,882,25],"class_list":{"0":"post-588140","1":"post","2":"type-post","3":"status-publish","4":"format-standard","5":"has-post-thumbnail","7":"category-nice","8":"tag-actu","9":"tag-actualite","10":"tag-actualites","11":"tag-eu","12":"tag-europe","13":"tag-fr","14":"tag-france","15":"tag-informations","16":"tag-magazine","17":"tag-news","18":"tag-nice","19":"tag-provence-alpes-cote-dazur","20":"tag-republique-francaise"},"share_on_mastodon":{"url":"https:\/\/pubeurope.com\/@fr\/115688701649736461","error":""},"_links":{"self":[{"href":"https:\/\/www.europesays.com\/fr\/wp-json\/wp\/v2\/posts\/588140","targetHints":{"allow":["GET"]}}],"collection":[{"href":"https:\/\/www.europesays.com\/fr\/wp-json\/wp\/v2\/posts"}],"about":[{"href":"https:\/\/www.europesays.com\/fr\/wp-json\/wp\/v2\/types\/post"}],"author":[{"embeddable":true,"href":"https:\/\/www.europesays.com\/fr\/wp-json\/wp\/v2\/users\/2"}],"replies":[{"embeddable":true,"href":"https:\/\/www.europesays.com\/fr\/wp-json\/wp\/v2\/comments?post=588140"}],"version-history":[{"count":0,"href":"https:\/\/www.europesays.com\/fr\/wp-json\/wp\/v2\/posts\/588140\/revisions"}],"wp:featuredmedia":[{"embeddable":true,"href":"https:\/\/www.europesays.com\/fr\/wp-json\/wp\/v2\/media\/588141"}],"wp:attachment":[{"href":"https:\/\/www.europesays.com\/fr\/wp-json\/wp\/v2\/media?parent=588140"}],"wp:term":[{"taxonomy":"category","embeddable":true,"href":"https:\/\/www.europesays.com\/fr\/wp-json\/wp\/v2\/categories?post=588140"},{"taxonomy":"post_tag","embeddable":true,"href":"https:\/\/www.europesays.com\/fr\/wp-json\/wp\/v2\/tags?post=588140"}],"curies":[{"name":"wp","href":"https:\/\/api.w.org\/{rel}","templated":true}]}}