{"id":588146,"date":"2025-12-09T08:41:29","date_gmt":"2025-12-09T08:41:29","guid":{"rendered":"https:\/\/www.europesays.com\/fr\/588146\/"},"modified":"2025-12-09T08:41:29","modified_gmt":"2025-12-09T08:41:29","slug":"70-km-de-bouchons-sur-le-peripherique-ce-matin","status":"publish","type":"post","link":"https:\/\/www.europesays.com\/fr\/588146\/","title":{"rendered":"70 km de bouchons sur le p\u00e9riph\u00e9rique ce matin"},"content":{"rendered":"<p>                    Par<br \/>\n        <strong><br \/>\n            <a href=\"https:\/\/actu.fr\/auteur\/redaction-nantes\" title=\"Consulter tous les articles de R\u00e9daction Nantes\" rel=\"nofollow noopener\" target=\"_blank\">R\u00e9daction Nantes<\/a><br \/>\n                    <\/strong><\/p>\n<p>        Publi\u00e9 le<\/p>\n<p>            9 d\u00e9c. 2025 \u00e0 8h59        <\/p>\n<p>Patience sur les routes. Le trafic est tr\u00e8s dense sur les routes du p\u00e9riph\u00e9rique de Nantes. Ce mardi 9 d\u00e9cembre 2025, <a href=\"https:\/\/www.bison-fute.gouv.fr\/courbes-bouchons,11025.html\" rel=\"nofollow noopener\" target=\"_blank\">Bison Fut\u00e9<\/a> recense <b>un pic de 70,2 km cumul\u00e9s sur les routes, \u00e0 8 h 25<\/b>.\u00a0<\/p>\n<p>V\u00e9hicule arr\u00eat\u00e9 sur l\u2019A11<\/p>\n<p class=\" wall-content\">La circulation est importante sur la N844 avec 36 km de bouchons \u00e0 8 h 45. Le trafic est difficile \u00e0 l\u2019est du p\u00e9riph\u00e9rique de Nantes, au niveau du pont de Bellevue.\u00a0<\/p>\n<p class=\" wall-content\">De plus, Bison Fut\u00e9 recense <b>deux incidents qui affectent la circulation<\/b>. Un v\u00e9hicule arr\u00eat\u00e9 sur l\u2019A11, de Paris vers Nantes (sens est-ouest), au niveau de la commune de la <a href=\"https:\/\/actu.fr\/pays-de-la-loire\/la-chapelle-sur-erdre_44035\" rel=\"nofollow noopener\" target=\"_blank\">Chapelle-sur-Erdre<\/a>, entra\u00eene une r\u00e9duction de voies et un ralentissement dans le secteur.\u00a0<\/p>\n<p class=\" wall-content\">Au sud du p\u00e9riph\u00e9rique de Nantes, direction porte d\u2019Orvault vers porte d\u2019Anjou, un accident de la route a \u00e9t\u00e9 notifi\u00e9, \u00e0 <a href=\"https:\/\/actu.fr\/pays-de-la-loire\/reze_44143\" rel=\"nofollow noopener\" target=\"_blank\">Rez\u00e9<\/a>.\u00a0<\/p>\n<p class=\" wall-content\">\u00c0 8 h 45, Bison Fut\u00e9 fait \u00e9tat de 64,7 km de bouchons cumul\u00e9s. \u00c0 titre de comparaison, au m\u00eame cr\u00e9neau horaire, la circulation est jug\u00e9e \u00ab\u00a0exceptionnelle\u00a0\u00bb quand on d\u00e9passe les 59 km de bouchons.\u00a0<\/p>\n<p class=\" wall-content\">Personnalisez votre actualit\u00e9 en ajoutant vos villes et m\u00e9dias en favori avec <a href=\"https:\/\/moncompte.actu.fr\" title=\"D\u00e9couvez Mon Actu\" rel=\"nofollow noopener\" data-trk=\"{&quot;cta&quot;:{&quot;action&quot;:&quot;https:\\\/\\\/moncompte.actu.fr&quot;,&quot;category&quot;:&quot;mon compte&quot;,&quot;from&quot;:&quot;article footer&quot;,&quot;name&quot;:&quot;Mon actu&quot;,&quot;type&quot;:&quot;cta&quot;}}\" target=\"_blank\">Mon Actu<\/a>.<\/p>\n","protected":false},"excerpt":{"rendered":"Par R\u00e9daction Nantes Publi\u00e9 le 9 d\u00e9c. 2025 \u00e0 8h59 Patience sur les routes. Le trafic est tr\u00e8s&hellip;\n","protected":false},"author":2,"featured_media":588147,"comment_status":"","ping_status":"","sticky":false,"template":"","format":"standard","meta":{"footnotes":""},"categories":[2818],"tags":[1111,11,3542,1777,674,1011,27,766,12,2636,4013,25,104],"class_list":{"0":"post-588146","1":"post","2":"type-post","3":"status-publish","4":"format-standard","5":"has-post-thumbnail","7":"category-nantes","8":"tag-actu","9":"tag-actualites","10":"tag-circulation","11":"tag-eu","12":"tag-europe","13":"tag-fr","14":"tag-france","15":"tag-nantes","16":"tag-news","17":"tag-pays-de-la-loire","18":"tag-peripherique","19":"tag-republique-francaise","20":"tag-societe"},"share_on_mastodon":{"url":"https:\/\/pubeurope.com\/@fr\/115688720598478862","error":""},"_links":{"self":[{"href":"https:\/\/www.europesays.com\/fr\/wp-json\/wp\/v2\/posts\/588146","targetHints":{"allow":["GET"]}}],"collection":[{"href":"https:\/\/www.europesays.com\/fr\/wp-json\/wp\/v2\/posts"}],"about":[{"href":"https:\/\/www.europesays.com\/fr\/wp-json\/wp\/v2\/types\/post"}],"author":[{"embeddable":true,"href":"https:\/\/www.europesays.com\/fr\/wp-json\/wp\/v2\/users\/2"}],"replies":[{"embeddable":true,"href":"https:\/\/www.europesays.com\/fr\/wp-json\/wp\/v2\/comments?post=588146"}],"version-history":[{"count":0,"href":"https:\/\/www.europesays.com\/fr\/wp-json\/wp\/v2\/posts\/588146\/revisions"}],"wp:featuredmedia":[{"embeddable":true,"href":"https:\/\/www.europesays.com\/fr\/wp-json\/wp\/v2\/media\/588147"}],"wp:attachment":[{"href":"https:\/\/www.europesays.com\/fr\/wp-json\/wp\/v2\/media?parent=588146"}],"wp:term":[{"taxonomy":"category","embeddable":true,"href":"https:\/\/www.europesays.com\/fr\/wp-json\/wp\/v2\/categories?post=588146"},{"taxonomy":"post_tag","embeddable":true,"href":"https:\/\/www.europesays.com\/fr\/wp-json\/wp\/v2\/tags?post=588146"}],"curies":[{"name":"wp","href":"https:\/\/api.w.org\/{rel}","templated":true}]}}