{"id":588160,"date":"2025-12-09T08:51:18","date_gmt":"2025-12-09T08:51:18","guid":{"rendered":"https:\/\/www.europesays.com\/fr\/588160\/"},"modified":"2025-12-09T08:51:18","modified_gmt":"2025-12-09T08:51:18","slug":"la-laicite-cest-une-loi-de-libertes-pas-dinterdictions-rappelle-lessayiste-jad-zahab","status":"publish","type":"post","link":"https:\/\/www.europesays.com\/fr\/588160\/","title":{"rendered":"\u00ab\u00a0La la\u00efcit\u00e9, c\u2019est une loi de libert\u00e9s, pas d\u2019interdictions\u00a0\u00bb, rappelle l&rsquo;essayiste Jad Zahab"},"content":{"rendered":"<p><strong>La Loi de\u00a01905 a \u00e9t\u00e9 une rupture, mais elle est le fruit d\u2019un long processus\u2026<\/strong>&#13;\n<\/p>\n<p>Elle est l\u2019aboutissement d\u2019un processus, parti de la R\u00e9volution de\u00a01789, de l\u2019affirmation des libert\u00e9s et des droits fondamentaux dans un contexte pas du tout pacifique en\u00a01905. Il y a eu des ruptures majeures, des relations diplomatiques interrompues avec le Vatican. C\u2019est la version mod\u00e9r\u00e9e de la<a href=\"https:\/\/www.laprovence.com\/article\/societe\/3179229548275714\/najat-vallaud-belkacem-a-avignon-pour-debattre-sur-la-laicite-et-ses-enjeux\" target=\"_blank\" rel=\"noopener\"> la\u00efcit\u00e9<\/a>, celle d\u2019Aristide Briand qui a \u00e9t\u00e9 finalement adopt\u00e9e, \u00e0 un moment ou la soci\u00e9t\u00e9 \u00e9tait en \u00e9bullition. Voil\u00e0 qui fait \u00e9cho au contexte actuel.<\/p>\n<p><strong>Celui o\u00f9 le compromis peine \u00e0 se faire entendre\u00a0?<\/strong>&#13;\n<\/p>\n<p>Il est tr\u00e8s important de r\u00e9expliquer aux jeunes g\u00e9n\u00e9rations que la loi de\u00a01905 est une loi de libert\u00e9s, pas d\u2019interdictions. Les jeunes n\u2019y adh\u00e8rent pas tous, les sondages le montrent, mais le c\u0153ur de la loi est de garantir la libert\u00e9 de conscience, dont d\u00e9coule la neutralit\u00e9 de l\u2019\u00c9tat, pour que chacun se sente \u00e9gal aux autres. Dans mon pays d\u2019origine, le Liban, il n\u2019y a pas d\u2019\u00e9tat civil et les confessions r\u00e9gissent la vie en soci\u00e9t\u00e9. Ce sont les minorit\u00e9s qui en paient le prix.<\/p>\n<p><strong>La loi de\u00a02004 qui r\u00e9git le port de signes religieux ostentatoires \u00e9tait-elle une prolongation de\u00a01905\u00a0?<\/strong>&#13;\n<\/p>\n<p>Elle s\u2019inscrit dans cette logiqu&#8230;<\/p>\n","protected":false},"excerpt":{"rendered":"La Loi de\u00a01905 a \u00e9t\u00e9 une rupture, mais elle est le fruit d\u2019un long processus\u2026&#13; Elle est l\u2019aboutissement&hellip;\n","protected":false},"author":2,"featured_media":588161,"comment_status":"","ping_status":"","sticky":false,"template":"","format":"standard","meta":{"footnotes":""},"categories":[2814],"tags":[17142,70060,17,1111,11,1764,2511,1777,674,1011,27,4743,15430,420,884,12,316,882,25],"class_list":{"0":"post-588160","1":"post","2":"type-post","3":"status-publish","4":"format-standard","5":"has-post-thumbnail","7":"category-marseille","8":"tag-17142","9":"tag-70060","10":"tag-17","11":"tag-actu","12":"tag-actualites","13":"tag-ans","14":"tag-cest","15":"tag-eu","16":"tag-europe","17":"tag-fr","18":"tag-france","19":"tag-la","20":"tag-laicite","21":"tag-loi","22":"tag-marseille","23":"tag-news","24":"tag-politique","25":"tag-provence-alpes-cote-dazur","26":"tag-republique-francaise"},"share_on_mastodon":{"url":"https:\/\/pubeurope.com\/@fr\/115688759951696646","error":""},"_links":{"self":[{"href":"https:\/\/www.europesays.com\/fr\/wp-json\/wp\/v2\/posts\/588160","targetHints":{"allow":["GET"]}}],"collection":[{"href":"https:\/\/www.europesays.com\/fr\/wp-json\/wp\/v2\/posts"}],"about":[{"href":"https:\/\/www.europesays.com\/fr\/wp-json\/wp\/v2\/types\/post"}],"author":[{"embeddable":true,"href":"https:\/\/www.europesays.com\/fr\/wp-json\/wp\/v2\/users\/2"}],"replies":[{"embeddable":true,"href":"https:\/\/www.europesays.com\/fr\/wp-json\/wp\/v2\/comments?post=588160"}],"version-history":[{"count":0,"href":"https:\/\/www.europesays.com\/fr\/wp-json\/wp\/v2\/posts\/588160\/revisions"}],"wp:featuredmedia":[{"embeddable":true,"href":"https:\/\/www.europesays.com\/fr\/wp-json\/wp\/v2\/media\/588161"}],"wp:attachment":[{"href":"https:\/\/www.europesays.com\/fr\/wp-json\/wp\/v2\/media?parent=588160"}],"wp:term":[{"taxonomy":"category","embeddable":true,"href":"https:\/\/www.europesays.com\/fr\/wp-json\/wp\/v2\/categories?post=588160"},{"taxonomy":"post_tag","embeddable":true,"href":"https:\/\/www.europesays.com\/fr\/wp-json\/wp\/v2\/tags?post=588160"}],"curies":[{"name":"wp","href":"https:\/\/api.w.org\/{rel}","templated":true}]}}