{"id":588164,"date":"2025-12-09T08:54:26","date_gmt":"2025-12-09T08:54:26","guid":{"rendered":"https:\/\/www.europesays.com\/fr\/588164\/"},"modified":"2025-12-09T08:54:26","modified_gmt":"2025-12-09T08:54:26","slug":"il-fait-une-chute-mortelle-en-essayant-de-nourrir-des-chats","status":"publish","type":"post","link":"https:\/\/www.europesays.com\/fr\/588164\/","title":{"rendered":"il fait une chute mortelle en essayant de nourrir des chats"},"content":{"rendered":"<p itemprop=\"description\"><strong>Il voulait bien faire, mais ses acrobaties lui ont co\u00fbt\u00e9 la vie.<\/strong><\/p>\n<p>Ce dimanche matin, un habitant de la route de Feurs \u00e0 Tarare a fait une chute mortelle d&rsquo;environ 8 m\u00e8tres de haut.<\/p>\n<p>Mont\u00e9 sur le toit, le sexag\u00e9naire voulait nourrir des chats. Dans des circonstances encore floues, le toit s&rsquo;est d\u00e9rob\u00e9 sous ses pieds.<\/p>\n<p>Malgr\u00e9 l&rsquo;intervention rapide des secours, appuy\u00e9s par un h\u00e9licopt\u00e8re, la victime est d\u00e9c\u00e9d\u00e9e sur place.<\/p>\n","protected":false},"excerpt":{"rendered":"Il voulait bien faire, mais ses acrobaties lui ont co\u00fbt\u00e9 la vie. Ce dimanche matin, un habitant de&hellip;\n","protected":false},"author":2,"featured_media":588165,"comment_status":"","ping_status":"","sticky":false,"template":"","format":"standard","meta":{"footnotes":""},"categories":[1889],"tags":[1111,11,2813,2190,2430,1109,251,1112,2811,1777,674,118,1011,27,1922,1110,1114,2428,2810,12,241,316,25,2812,517,800],"class_list":{"0":"post-588164","1":"post","2":"type-post","3":"status-publish","4":"format-standard","5":"has-post-thumbnail","7":"category-lyon","8":"tag-actu","9":"tag-actualites","10":"tag-article","11":"tag-asvel","12":"tag-auvergne-rhone-alpes","13":"tag-breves","14":"tag-culture","15":"tag-depeches","16":"tag-economique","17":"tag-eu","18":"tag-europe","19":"tag-faits-divers","20":"tag-fr","21":"tag-france","22":"tag-info","23":"tag-informations","24":"tag-infos","25":"tag-lyon","26":"tag-lyonmag","27":"tag-news","28":"tag-ol","29":"tag-politique","30":"tag-republique-francaise","31":"tag-sociale","32":"tag-sport","33":"tag-transports"},"share_on_mastodon":{"url":"https:\/\/pubeurope.com\/@fr\/115688771862265608","error":""},"_links":{"self":[{"href":"https:\/\/www.europesays.com\/fr\/wp-json\/wp\/v2\/posts\/588164","targetHints":{"allow":["GET"]}}],"collection":[{"href":"https:\/\/www.europesays.com\/fr\/wp-json\/wp\/v2\/posts"}],"about":[{"href":"https:\/\/www.europesays.com\/fr\/wp-json\/wp\/v2\/types\/post"}],"author":[{"embeddable":true,"href":"https:\/\/www.europesays.com\/fr\/wp-json\/wp\/v2\/users\/2"}],"replies":[{"embeddable":true,"href":"https:\/\/www.europesays.com\/fr\/wp-json\/wp\/v2\/comments?post=588164"}],"version-history":[{"count":0,"href":"https:\/\/www.europesays.com\/fr\/wp-json\/wp\/v2\/posts\/588164\/revisions"}],"wp:featuredmedia":[{"embeddable":true,"href":"https:\/\/www.europesays.com\/fr\/wp-json\/wp\/v2\/media\/588165"}],"wp:attachment":[{"href":"https:\/\/www.europesays.com\/fr\/wp-json\/wp\/v2\/media?parent=588164"}],"wp:term":[{"taxonomy":"category","embeddable":true,"href":"https:\/\/www.europesays.com\/fr\/wp-json\/wp\/v2\/categories?post=588164"},{"taxonomy":"post_tag","embeddable":true,"href":"https:\/\/www.europesays.com\/fr\/wp-json\/wp\/v2\/tags?post=588164"}],"curies":[{"name":"wp","href":"https:\/\/api.w.org\/{rel}","templated":true}]}}