{"id":588180,"date":"2025-12-09T09:07:20","date_gmt":"2025-12-09T09:07:20","guid":{"rendered":"https:\/\/www.europesays.com\/fr\/588180\/"},"modified":"2025-12-09T09:07:20","modified_gmt":"2025-12-09T09:07:20","slug":"guerre-en-ukraine-kiev-detruit-encore-le-buk-m3-une-arme-defensive-evaluee-a-plus-de-100-millions-de-dollars","status":"publish","type":"post","link":"https:\/\/www.europesays.com\/fr\/588180\/","title":{"rendered":"Guerre en Ukraine : Kiev d\u00e9truit encore le Buk-M3, une arme d\u00e9fensive \u00e9valu\u00e9e \u00e0 plus de 100 millions de dollars"},"content":{"rendered":"<p>Pr\u00e8s de trois mois apr\u00e8s jour pour jour, <strong>Kiev aurait r\u00e9cidiv\u00e9<\/strong>. En effet, comme l\u2019a appris <a href=\"https:\/\/www.leparisien.fr\/international\/ukraine\/guerre-en-ukraine-un-coup-decisif-porte-a-la-russie-kiev-detruit-un-systeme-de-defense-aerienne-buk-m3-a-100-millions-de-dollars-09-12-2025-3W33RF6Q7RG6TP3ABEV5KS52IM.php\" rel=\"nofollow noopener\" target=\"_blank\">Le Parisien<\/a>, \u00ables ma\u00eetres de l\u2019unit\u00e9 sp\u00e9ciale Primas du GUR du minist\u00e8re de la D\u00e9fense ukrainien\u00bb auraient d\u00e9truit \u00e0 nouveau un Buk-M3. Ce syst\u00e8me de d\u00e9fense a\u00e9rienne russe, une des armes les plus puissantes poss\u00e9d\u00e9es <a href=\"https:\/\/www.capital.fr\/economie-politique\/guerre-en-ukraine-moscou-deploie-le-drone-shahed-107-plus-simple-et-moins-cher-a-produire-1521179\" target=\"_blank\" rel=\"noopener\">par Moscou<\/a>, aurait \u00e9t\u00e9 pris pour cible encore une fois dans la <strong>r\u00e9gion de Zaporijia<\/strong>. C\u2019est la Direction principale du renseignement ukrainien (HUR) qui a publi\u00e9 l\u2019information sur Telegram, pr\u00e9cisant que l\u2019attaque avait \u00e9t\u00e9 men\u00e9e samedi 6 d\u00e9cembre.<\/p>\n<p>Une vid\u00e9o publi\u00e9e par le HUR montre pr\u00e9cis\u00e9ment un drone s\u2019approcher du Buk-M3 avant de le d\u00e9truire. Une grande nouvelle pour Kiev qui se f\u00e9licite de \u00abpoursuivre la d\u00e9militarisation syst\u00e9matique de la p\u00e9ninsule temporairement occup\u00e9e\u00bb. Car si les Russes multiplient les d\u00e9monstrations de force ces derni\u00e8res semaines, notamment avec des bombardiers <a href=\"https:\/\/www.capital.fr\/economie-politique\/guerre-en-ukraine-demonstration-de-force-russe-avec-des-bombardiers-tu-22m3-et-missiles-kh-32-en-baltique-1521421\" target=\"_blank\" rel=\"noopener\">Tu-22M3 ou des missiles Kh-32<\/a>, <strong>Kiev a d\u00e9truit de nombreuses cibles<\/strong> depuis quelques mois, \u00e0 l\u2019image de bombardiers Su-24, de v\u00e9hicules a\u00e9riens sans pilote Orion, d&rsquo;h\u00e9licopt\u00e8res ou <a href=\"https:\/\/www.capital.fr\/economie-politique\/guerre-en-ukraine-un-couteux-mig-29-russe-reduit-a-neant-dans-un-banal-accident-1517533\" target=\"_blank\" rel=\"noopener\">d&rsquo;un MiG-29<\/a>.<\/p>\n<p>Le quatri\u00e8me Buk-M3 d\u00e9truit depuis le d\u00e9but de l\u2019ann\u00e9e<\/p>\n<p>Toutefois, la destruction de ce nouveau Buk-M3 est d\u00e9j\u00e0 d\u00e9crite comme un nouveau coup port\u00e9 \u00e0 Moscou, \u00e0 cause de son importance sur le plan d\u00e9fensif, mais \u00e9galement pour son co\u00fbt. Selon nos confr\u00e8res qui s\u2019appuient sur les chiffres du site United24, il pourrait valoir aux alentours de <strong>100 millions de dollars<\/strong>. Le Buk-M3 peut ainsi intercepter des drones, des avions ou des missiles de croisi\u00e8re. Il s\u2019agit de la toute derni\u00e8re version du Buk mis en place par les Sovi\u00e9tiques dans les ann\u00e9es 1970.<\/p>\n<p>Or, avec sa capacit\u00e9 d\u2019interception pouvant atteindre <strong>simultan\u00e9ment 36 cibles<\/strong>, cette arme d\u00e9fensive est redoutable. Le 14 septembre dernier, le HUR avait <a href=\"https:\/\/www.capital.fr\/economie-politique\/guerre-en-ukraine-kiev-detruit-un-buk-m3-lun-des-plus-puissants-systemes-de-defense-aerienne-russes-1518502\" target=\"_blank\" rel=\"noopener\">d\u00e9j\u00e0 vis\u00e9 un Buk-M3<\/a> pr\u00e8s d\u2019Oleksandrivka (au nord de Zaporijia et de Donetsk). Deux autres avaient \u00e9galement \u00e9t\u00e9 d\u00e9truits en d\u00e9but d\u2019ann\u00e9e. Comme nous vous l\u2019\u00e9voquions, c\u2019est ce syst\u00e8me qui avait \u00e9t\u00e9 rendu tristement c\u00e9l\u00e8bre lors du crash du vol de la Malaysia Airlines MH17. En 2014, il s\u2019\u00e9tait d\u00e9sint\u00e9gr\u00e9 au-dessus de la r\u00e9gion de Donetsk.<\/p>\n","protected":false},"excerpt":{"rendered":"Pr\u00e8s de trois mois apr\u00e8s jour pour jour, Kiev aurait r\u00e9cidiv\u00e9. En effet, comme l\u2019a appris Le Parisien,&hellip;\n","protected":false},"author":2,"featured_media":588181,"comment_status":"","ping_status":"","sticky":false,"template":"","format":"standard","meta":{"footnotes":""},"categories":[1590],"tags":[11,564,9929,1777,674,131,3343,12,132,220],"class_list":{"0":"post-588180","1":"post","2":"type-post","3":"status-publish","4":"format-standard","5":"has-post-thumbnail","7":"category-ukraine","8":"tag-actualites","9":"tag-drone","10":"tag-du00e9fense","11":"tag-eu","12":"tag-europe","13":"tag-guerre-en-ukraine","14":"tag-missile","15":"tag-news","16":"tag-russie","17":"tag-ukraine"},"share_on_mastodon":{"url":"https:\/\/pubeurope.com\/@fr\/115688822919390232","error":""},"_links":{"self":[{"href":"https:\/\/www.europesays.com\/fr\/wp-json\/wp\/v2\/posts\/588180","targetHints":{"allow":["GET"]}}],"collection":[{"href":"https:\/\/www.europesays.com\/fr\/wp-json\/wp\/v2\/posts"}],"about":[{"href":"https:\/\/www.europesays.com\/fr\/wp-json\/wp\/v2\/types\/post"}],"author":[{"embeddable":true,"href":"https:\/\/www.europesays.com\/fr\/wp-json\/wp\/v2\/users\/2"}],"replies":[{"embeddable":true,"href":"https:\/\/www.europesays.com\/fr\/wp-json\/wp\/v2\/comments?post=588180"}],"version-history":[{"count":0,"href":"https:\/\/www.europesays.com\/fr\/wp-json\/wp\/v2\/posts\/588180\/revisions"}],"wp:featuredmedia":[{"embeddable":true,"href":"https:\/\/www.europesays.com\/fr\/wp-json\/wp\/v2\/media\/588181"}],"wp:attachment":[{"href":"https:\/\/www.europesays.com\/fr\/wp-json\/wp\/v2\/media?parent=588180"}],"wp:term":[{"taxonomy":"category","embeddable":true,"href":"https:\/\/www.europesays.com\/fr\/wp-json\/wp\/v2\/categories?post=588180"},{"taxonomy":"post_tag","embeddable":true,"href":"https:\/\/www.europesays.com\/fr\/wp-json\/wp\/v2\/tags?post=588180"}],"curies":[{"name":"wp","href":"https:\/\/api.w.org\/{rel}","templated":true}]}}