{"id":588182,"date":"2025-12-09T09:08:16","date_gmt":"2025-12-09T09:08:16","guid":{"rendered":"https:\/\/www.europesays.com\/fr\/588182\/"},"modified":"2025-12-09T09:08:16","modified_gmt":"2025-12-09T09:08:16","slug":"derriere-la-strategie-de-securite-nationale-de-trump-le-controverse-projet-2025","status":"publish","type":"post","link":"https:\/\/www.europesays.com\/fr\/588182\/","title":{"rendered":"Derri\u00e8re la strat\u00e9gie de s\u00e9curit\u00e9 nationale de Trump, le controvers\u00e9 Projet 2025"},"content":{"rendered":"<p>\n                                                                    l&rsquo;essentiel<br \/>\n                                                                La strat\u00e9gie nationale de s\u00e9curit\u00e9 des \u00c9tats-Unis marque un tournant id\u00e9ologique majeur. Inspir\u00e9e du Projet 2025, elle red\u00e9finit la souverainet\u00e9 et cible la Chine comme menace centrale. Cette approche assure-t-elle une stabilit\u00e9 ou un d\u00e9fi g\u00e9opolitique accru\u00a0?\n                            <\/p>\n<p>En d\u00e9voilant leur strat\u00e9gie nationale de s\u00e9curit\u00e9 (<a href=\"https:\/\/www.whitehouse.gov\/wp-content\/uploads\/2025\/12\/2025-National-Security-Strategy.pdf\" target=\"_blank\" rel=\"noopener\">National Security Strategy, NSS<\/a>), sign\u00e9e par Donald Trump en personne, les \u00c9tats-Unis ne publient pas seulement un document d\u2019orientation mais actent une bascule id\u00e9ologique.<\/p>\n<p>        <img decoding=\"async\" class=\"std-img__img responsive-img\" src=\"https:\/\/www.europesays.com\/fr\/wp-content\/uploads\/2025\/12\/1765271296_837_image.png\" alt=\"La strat\u00e9gie nationale de s\u00e9curit\u00e9 (National Security Strategy, NSS)\"\/><\/p>\n<p>                La strat\u00e9gie nationale de s\u00e9curit\u00e9 (National Security Strategy, NSS)<br \/>\n                                    DR<\/p>\n<p>Et derri\u00e8re les formules pr\u00e9sidentielles et les promesses de \u00ab\u00a0restaurer la force am\u00e9ricaine\u00a0\u00bb, on devine nettement l\u2019architecture doctrinale du <a href=\"https:\/\/static.heritage.org\/project2025\/2025_MandateForLeadership_FULL.pdf\" target=\"_blank\" rel=\"noopener\">Projet 2025<\/a>, ce programme de 900 pages concoct\u00e9 par la Heritage Foundation, un cercle de r\u00e9flexion ultraconservateur, dont Donald Trump avait pourtant assur\u00e9 qu\u2019il ne constituait pas son programme \u00e9lectoral. La NSS a pourtant bel et bien absorb\u00e9 ses principales propositions\u2026<\/p>\n<p>Un recentrage strat\u00e9gique sous couvert de souverainet\u00e9<\/p>\n<p>Officiellement, la NSS pr\u00e9tend corriger des d\u00e9cennies d\u2019errance diplomatique. En r\u00e9alit\u00e9, elle consacre un retour m\u00e9thodique \u00e0 la souverainet\u00e9 nationale, pr\u00e9sent\u00e9e comme le socle d\u2019un \u00c9tat fragilis\u00e9 par le multilat\u00e9ralisme et par une bureaucratie jug\u00e9e tentaculaire.<\/p>\n<p>Le texte reprend un argument cl\u00e9 du Projet 2025\u00a0: trop d\u2019engagements, trop de normes, trop de d\u00e9pendances ont dilu\u00e9 la capacit\u00e9 am\u00e9ricaine \u00e0 hi\u00e9rarchiser ses priorit\u00e9s.<\/p>\n<p>La Chine, pivot autour duquel tout se r\u00e9organise<\/p>\n<p>Rien n\u2019est laiss\u00e9 au hasard\u00a0: technologies critiques, routes maritimes, cha\u00eenes d\u2019approvisionnement, op\u00e9rations d\u2019influence,\u00a0etc. P\u00e9kin devient la cl\u00e9 de lecture de l\u2019ensemble de la politique \u00e9trang\u00e8re am\u00e9ricaine.<\/p>\n<p>Cette centralit\u00e9 n\u2019est pas nouvelle, mais la NSS lui donne un caract\u00e8re syst\u00e9mique, conforme au Projet 2025, qui \u00e9rige la Chine en menace totale \u2013 \u00e9conomique, militaire, normative. Officiellement, Washington veut \u00ab\u00a0un Indo-Pacifique libre et ouvert\u00a0\u00bb. Implicitement, il s\u2019agit d\u2019un affrontement structurant pour les d\u00e9cennies \u00e0 venir.<\/p>\n<p>La fronti\u00e8re comme imp\u00e9ratif strat\u00e9gique<\/p>\n<p>La partie de la NSS sur les fronti\u00e8res est l\u2019un des glissements les plus significatifs. Pour la premi\u00e8re fois depuis la fin de la Guerre froide, une strat\u00e9gie nationale am\u00e9ricaine int\u00e8gre la gestion des fronti\u00e8res au c\u0153ur de la s\u00e9curit\u00e9 ext\u00e9rieure. Migration, trafic, influence \u00e9trang\u00e8re\u00a0: la NSS reprend presque litt\u00e9ralement la logique du Projet 2025, qui fusionne s\u00e9curit\u00e9 int\u00e9rieure et politique internationale.<\/p>\n<p>L\u2019objectif affich\u00e9 \u2013 \u00ab\u00a0reprendre le contr\u00f4le\u00a0\u00bb \u2013 traduit surtout la conviction qu\u2019une nation vuln\u00e9rable chez elle ne peut projeter sa puissance ailleurs. Le message est d\u00e9sormais clair et assum\u00e9.<\/p>\n<p>Alliances\u00a0: entre r\u00e9affirmation et mise en demeure<\/p>\n<p>La NSS ne renonce pas aux alliances, mais elle les requalifie. Officiellement, Washington \u00ab\u00a0soutient la libert\u00e9 et la s\u00e9curit\u00e9 de l\u2019Europe\u00a0\u00bb. Mais cette formule prudente masque une condition\u00a0: chaque engagement doit d\u00e9sormais prouver son utilit\u00e9 strat\u00e9gique. L\u2019Europe n\u2019est plus un partenaire naturel, mais un acteur somm\u00e9 de contribuer davantage. Sur l\u2019Ukraine, la NSS refl\u00e8te les h\u00e9sitations du camp conservateur\u00a0: soutien limit\u00e9, responsabilit\u00e9 accrue des Europ\u00e9ens, refus d\u2019un engagement sans bornes.<\/p>\n<p>La NSS est-elle finalement une strat\u00e9gie ou un projet politique\u00a0? C\u2019est toute la question. Derri\u00e8re les objectifs annonc\u00e9s \u2013 restaurer la puissance, garantir la paix, prot\u00e9ger l\u2019Am\u00e9rique \u2013 se dessine une coh\u00e9rence plus profonde\u00a0: celle d\u2019un pays qui red\u00e9finit ses priorit\u00e9s en fonction d\u2019un projet id\u00e9ologique structur\u00e9. La NSS devient alors plus qu\u2019un document strat\u00e9gique mais un manifeste ordonn\u00e9, inscrit dans une vision unifi\u00e9e de la souverainet\u00e9, de la puissance et de la menace.<\/p>\n<p>Reste l\u2019interrogation centrale\u00a0: cette reprise presque int\u00e9grale des th\u00e8ses du Projet 2025 marque-t-elle le retour d\u2019une Am\u00e9rique s\u00fbre d\u2019elle ou l\u2019installation durable d\u2019une g\u00e9opolitique de la d\u00e9fiance\u00a0? Au fond, c\u2019est une autre mani\u00e8re de poser la question qui traverse tout le texte\u00a0: qu\u2019advient-il d\u2019une puissance qui se replie pour mieux s\u2019affirmer\u00a0? Une promesse de stabilit\u00e9. Ou un pari risqu\u00e9 sur l\u2019avenir de l\u2019ordre international.<\/p>\n","protected":false},"excerpt":{"rendered":"l&rsquo;essentiel La strat\u00e9gie nationale de s\u00e9curit\u00e9 des \u00c9tats-Unis marque un tournant id\u00e9ologique majeur. Inspir\u00e9e du Projet 2025, elle&hellip;\n","protected":false},"author":2,"featured_media":588183,"comment_status":"","ping_status":"","sticky":false,"template":"","format":"standard","meta":{"footnotes":""},"categories":[1589],"tags":[11,73,1866,329,12,1864,1865,1863,308],"class_list":{"0":"post-588182","1":"post","2":"type-post","3":"status-publish","4":"format-standard","5":"has-post-thumbnail","7":"category-etats-unis","8":"tag-actualites","9":"tag-etats-unis","10":"tag-etats-unis-damerique","11":"tag-france-monde","12":"tag-news","13":"tag-united-states","14":"tag-united-states-of-america","15":"tag-us","16":"tag-usa"},"share_on_mastodon":{"url":"https:\/\/pubeurope.com\/@fr\/115688828078910332","error":""},"_links":{"self":[{"href":"https:\/\/www.europesays.com\/fr\/wp-json\/wp\/v2\/posts\/588182","targetHints":{"allow":["GET"]}}],"collection":[{"href":"https:\/\/www.europesays.com\/fr\/wp-json\/wp\/v2\/posts"}],"about":[{"href":"https:\/\/www.europesays.com\/fr\/wp-json\/wp\/v2\/types\/post"}],"author":[{"embeddable":true,"href":"https:\/\/www.europesays.com\/fr\/wp-json\/wp\/v2\/users\/2"}],"replies":[{"embeddable":true,"href":"https:\/\/www.europesays.com\/fr\/wp-json\/wp\/v2\/comments?post=588182"}],"version-history":[{"count":0,"href":"https:\/\/www.europesays.com\/fr\/wp-json\/wp\/v2\/posts\/588182\/revisions"}],"wp:featuredmedia":[{"embeddable":true,"href":"https:\/\/www.europesays.com\/fr\/wp-json\/wp\/v2\/media\/588183"}],"wp:attachment":[{"href":"https:\/\/www.europesays.com\/fr\/wp-json\/wp\/v2\/media?parent=588182"}],"wp:term":[{"taxonomy":"category","embeddable":true,"href":"https:\/\/www.europesays.com\/fr\/wp-json\/wp\/v2\/categories?post=588182"},{"taxonomy":"post_tag","embeddable":true,"href":"https:\/\/www.europesays.com\/fr\/wp-json\/wp\/v2\/tags?post=588182"}],"curies":[{"name":"wp","href":"https:\/\/api.w.org\/{rel}","templated":true}]}}