{"id":588186,"date":"2025-12-09T09:11:23","date_gmt":"2025-12-09T09:11:23","guid":{"rendered":"https:\/\/www.europesays.com\/fr\/588186\/"},"modified":"2025-12-09T09:11:23","modified_gmt":"2025-12-09T09:11:23","slug":"les-valeurs-de-la-defense-montent-alors-que-lallemagne-preparerait-des-commandes-massives","status":"publish","type":"post","link":"https:\/\/www.europesays.com\/fr\/588186\/","title":{"rendered":"Les valeurs de la d\u00e9fense montent alors que l&rsquo;Allemagne pr\u00e9parerait des commandes massives"},"content":{"rendered":"<td class=\"is__realtime px-5\">\n<tr wp_automatic_readability=\"2\">\n<td colspan=\"3\" class=\"is__realtime-quality js-next-event-quotes\" data-next-event=\"2025-12-09T17:35:00+01:00\">\n<p>                                                    Temps r\u00e9el                    <\/p>\n<p>                                                Euronext Paris<\/p>\n<p>Autres places de cotation<\/p>\n<p>10:08:38 09\/12\/2025<\/p>\n<\/td>\n<td class=\"txt-align-center is__realtime-quality c-none cm-table\">\n                            Varia. 5j.\n                        <\/td>\n<td class=\"txt-align-center is__realtime-quality\">\n                            Varia. 1 janv.\n                        <\/td>\n<\/tr>\n<tr>\n<td class=\"txt-s7 is__realtime-last txt-align-left\">\n<p>275,40                        EUR\n                                    <\/td>\n<td class=\"txt-s7 is__realtime-var txt-align-left\">\n                                             +2,00\u00a0%\n                                    <\/td>\n<td class=\"table-child--middle c-none cs-table table-child--no-pad\">\n                                                <img loading=\"lazy\" decoding=\"async\" style=\"vertical-align: middle\" width=\"120\" height=\"45\" alt=\"Graphique intraday de Dassault Aviation\" src=\"https:\/\/www.zonebourse.com\/zbcache\/charts\/ObjectChart.aspx?Name=5215&amp;Type=Intraday&amp;Width=120&amp;Height=45&amp;ShowAxis=0&amp;DTstart=2025-12-09&amp;Render=Line&amp;BottomMargin=3&amp;TopMargin=5&amp;Prev=270\" onerror=\"this.style.display='none'\"\/>                    <\/td>\n<td class=\"txt-s4 txt-align-center c-none cm-table\">\n                             +2,08\u00a0%\n                        <\/td>\n<td class=\"txt-s4 txt-align-center\">\n                                                             +39,66\u00a0%\n                                                    <\/td>\n<\/tr>\n<p class=\"m-0 txt-s1\">Publi\u00e9 le 09\/12\/2025<br \/>\n                    \u00e0 09:38<\/p>\n<p>\n                                            Dow Jones\n                                                        <\/p>\n<p>]]]]>]]><\/p>\n<p>D\u00e9bloquer l&rsquo;article : INSCRIVEZ-VOUS !<\/p>\n<p><img decoding=\"async\" src=\"https:\/\/www.europesays.com\/fr\/wp-content\/uploads\/2025\/04\/dj-logo-footer.gif\" alt=\"Dow Jones logo\" class=\"c-block ml-auto\"\/><br \/>\n                    \u00a9 Dow Jones &#8211;<br \/>\n                                        2025<\/p>\n<tr class=\" \" wp_automatic_readability=\"0.18620689655172\">\n<td class=\"table-child--centered table-child--top table-child--nowrap table-child--w60 txt-s1\">\n    08\/12<\/td>\n<td class=\"w-100\"><a href=\"https:\/\/www.zonebourse.com\/actualite-bourse\/-de-grands-espoirs-pour-l-afrique-les-industriels-de-la-defense-se-disputent-le-marche-des-dron-ce7d51ddd089ff23\" class=\"txt- txt-overflow-2 link link--no-underline my-5 my-m-0 \" target=\"_blank\" rel=\"noopener\"><\/p>\n<p>\u00ab De grands espoirs pour l&rsquo;Afrique \u00bb : les industriels de la d\u00e9fense se disputent le march\u00e9 des drones au salon d&rsquo;armement d&rsquo;\u00c9gypte<\/p>\n<p>                <\/a><\/td>\n<td class=\"table-child--right  table-child--top table-child--w60 c-none cm-table\">\n                                    RE\n                        <\/td>\n<\/tr>\n<tr class=\" \" wp_automatic_readability=\"0.28571428571429\">\n<td class=\"table-child--centered table-child--top table-child--nowrap table-child--w60 txt-s1\">\n    08\/12<\/td>\n<td class=\"w-100\"><a href=\"https:\/\/www.zonebourse.com\/actualite-bourse\/les-actions-indiennes-devraient-ouvrir-en-hausse-la-prudence-avant-la-decision-de-la-fed-pourrait-l-ce7d51ddda80f425\" class=\"txt- txt-overflow-2 link link--no-underline my-5 my-m-0 \" target=\"_blank\" rel=\"noopener\"><\/p>\n<p>Les actions indiennes devraient ouvrir en hausse, la prudence avant la d\u00e9cision de la Fed pourrait limiter les gains<\/p>\n<p>                <\/a><\/td>\n<td class=\"table-child--right  table-child--top table-child--w60 c-none cm-table\">\n                                    RE\n                        <\/td>\n<\/tr>\n<tr class=\" \" wp_automatic_readability=\"0.24\">\n<td class=\"table-child--centered table-child--top table-child--nowrap table-child--w60 txt-s1\">\n    06\/12<\/td>\n<td class=\"w-100\"><a href=\"https:\/\/www.zonebourse.com\/actualite-bourse\/merz-et-macron-discuteront-de-l-avenir-du-scaf-mi-decembre-source-ce7d51dddb81fe24\" class=\"txt- txt-overflow-2 link link--no-underline my-5 my-m-0 \" target=\"_blank\" rel=\"noopener\"><\/p>\n<p>Merz et Macron discuteront de l&rsquo;avenir du SCAF mi-d\u00e9cembre-source<\/p>\n<p>                <\/a><\/td>\n<td class=\"table-child--right  table-child--top table-child--w60 c-none cm-table\">\n                                    RE\n                        <\/td>\n<\/tr>\n<tr class=\" \" wp_automatic_readability=\"0.25\">\n<td class=\"table-child--centered table-child--top table-child--nowrap table-child--w60 txt-s1\">\n    06\/12<\/td>\n<td class=\"w-100\"><a href=\"https:\/\/www.zonebourse.com\/actualite-bourse\/merz-et-macron-s-appretent-a-discuter-de-l-avenir-du-chasseur-fcas-selon-une-source-industrielle-ce7d51dddb81f121\" class=\"txt- txt-overflow-2 link link--no-underline my-5 my-m-0 \" target=\"_blank\" rel=\"noopener\"><\/p>\n<p>Merz et Macron s&rsquo;appr\u00eatent \u00e0 discuter de l&rsquo;avenir du chasseur FCAS, selon une source industrielle<\/p>\n<p>                <\/a><\/td>\n<td class=\"table-child--right  table-child--top table-child--w60 c-none cm-table\">\n                                    RE\n                        <\/td>\n<\/tr>\n<tr class=\" \" wp_automatic_readability=\"0.20224719101124\">\n<td class=\"table-child--centered table-child--top table-child--nowrap table-child--w60 txt-s1\">\n    05\/12<\/td>\n<td class=\"w-100\"><a href=\"https:\/\/www.zonebourse.com\/actualite-bourse\/saab-et-airbus-discutent-d-une-cooperation-sur-les-avions-de-combat-sans-pilote-ce7d51dcdf8af225\" class=\"txt- txt-overflow-2 link link--no-underline my-5 my-m-0 \" target=\"_blank\" rel=\"noopener\"><\/p>\n<p>Saab et Airbus discutent d&rsquo;une coop\u00e9ration sur les avions de combat sans pilote<\/p>\n<p>                <\/a><\/td>\n<td class=\"table-child--right  table-child--top table-child--w60 c-none cm-table\">\n                                    RE\n                        <\/td>\n<\/tr>\n<tr class=\" \" wp_automatic_readability=\"0.30681818181818\">\n<td class=\"table-child--centered table-child--top table-child--nowrap table-child--w60 txt-s1\">\n    04\/12<\/td>\n<td class=\"w-100\"><a href=\"https:\/\/www.zonebourse.com\/actualite-bourse\/l-alemagne-pourrait-s-interesser-au-projet-d-avions-de-combat-gcap-selon-rome-ce7d51dfdd88f225\" class=\"txt- txt-overflow-2 link link--no-underline my-5 my-m-0 \" target=\"_blank\" rel=\"noopener\"><\/p>\n<p>L&rsquo;Alemagne pourrait s&rsquo;int\u00e9resser au projet d&rsquo;avions de combat GCAP, selon Rome<\/p>\n<p>                <\/a><\/td>\n<td class=\"table-child--right  table-child--top table-child--w60 c-none cm-table\">\n                                    RE\n                        <\/td>\n<\/tr>\n<tr class=\" \" wp_automatic_readability=\"0.24242424242424\">\n<td class=\"table-child--centered table-child--top table-child--nowrap table-child--w60 txt-s1\">\n    04\/12<\/td>\n<td class=\"w-100\"><a href=\"https:\/\/www.zonebourse.com\/actualite-bourse\/bourse-lvmh-se-defend-sur-hermes-wpp-dechu-snowflake-fond-et-eramet-veut-se-redresser-ce7d51dfdb80f021\" class=\"txt- txt-overflow-2 link link--no-underline my-5 my-m-0 \" target=\"_blank\" rel=\"noopener\"><\/p>\n<p>Bourse\u00a0: LVMH se d\u00e9fend sur Herm\u00e8s, WPP d\u00e9chu, Snowflake fond et Eramet veut se redresser <\/p>\n<p>                <\/a><\/td>\n<td class=\"table-child--right  table-child--top table-child--w60 c-none cm-table\"><img loading=\"lazy\" decoding=\"async\" src=\"https:\/\/www.europesays.com\/fr\/wp-content\/uploads\/2025\/05\/logo_at.gif\" width=\"14\" height=\"8\" alt=\"Zonebourse\"\/><\/td>\n<\/tr>\n<tr class=\" \" wp_automatic_readability=\"0.25531914893617\">\n<td class=\"table-child--centered table-child--top table-child--nowrap table-child--w60 txt-s1\">\n    04\/12<\/td>\n<td class=\"w-100\"><a href=\"https:\/\/www.zonebourse.com\/actualite-bourse\/ce-qui-est-petit-est-a-nouveau-mignon--ce7d51dfd88bf52c\" class=\"txt- txt-overflow-2 link link--no-underline my-5 my-m-0 \" target=\"_blank\" rel=\"noopener\"><\/p>\n<p>Ce qui est petit est \u00e0 nouveau mignon\u00a0?<\/p>\n<p>                <\/a><\/td>\n<td class=\"table-child--right  table-child--top table-child--w60 c-none cm-table\"><img loading=\"lazy\" decoding=\"async\" src=\"https:\/\/www.europesays.com\/fr\/wp-content\/uploads\/2025\/05\/logo_at.gif\" width=\"14\" height=\"8\" alt=\"Zonebourse\"\/><\/td>\n<\/tr>\n<tr class=\" \" wp_automatic_readability=\"0.27692307692308\">\n<td class=\"table-child--centered table-child--top table-child--nowrap table-child--w60 txt-s1\">\n    04\/12<\/td>\n<td class=\"w-100\"><a href=\"https:\/\/www.zonebourse.com\/actualite-bourse\/actions-francaises-et-benelux-facteurs-a-surveiller-ce7d51dfd98ef126\" class=\"txt- txt-overflow-2 link link--no-underline my-5 my-m-0 \" target=\"_blank\" rel=\"noopener\"><\/p>\n<p>Actions fran\u00e7aises et Benelux\u00a0: facteurs \u00e0 surveiller<\/p>\n<p>                <\/a><\/td>\n<td class=\"table-child--right  table-child--top table-child--w60 c-none cm-table\">\n                                    RE\n                        <\/td>\n<\/tr>\n<tr class=\" \" wp_automatic_readability=\"0.34615384615385\">\n<td class=\"table-child--centered table-child--top table-child--nowrap table-child--w60 txt-s1\">\n    03\/12<\/td>\n<td class=\"w-100\"><a href=\"https:\/\/www.zonebourse.com\/actualite-bourse\/reunion-ministerielle-sur-le-scaf-le-11-decembre-selon-une-source-ce7d51dede8df321\" class=\"txt- txt-overflow-2 link link--no-underline my-5 my-m-0 \" target=\"_blank\" rel=\"noopener\"><\/p>\n<p>R\u00e9union minist\u00e9rielle sur le SCAF le 11 d\u00e9cembre, selon une source<\/p>\n<p>                <\/a><\/td>\n<td class=\"table-child--right  table-child--top table-child--w60 c-none cm-table\">\n                                    RE\n                        <\/td>\n<\/tr>\n<tr class=\" \" wp_automatic_readability=\"0.35526315789474\">\n<td class=\"table-child--centered table-child--top table-child--nowrap table-child--w60 txt-s1\">\n    03\/12<\/td>\n<td class=\"w-100\"><a href=\"https:\/\/www.zonebourse.com\/actualite-bourse\/reunion-ministerielle-sur-le-scaf-le-11-decembre-dit-une-source-ce7d51dede8bf52c\" class=\"txt- txt-overflow-2 link link--no-underline my-5 my-m-0 \" target=\"_blank\" rel=\"noopener\"><\/p>\n<p>R\u00e9union minist\u00e9rielle sur le SCAF le 11 d\u00e9cembre, dit une source<\/p>\n<p>                <\/a><\/td>\n<td class=\"table-child--right  table-child--top table-child--w60 c-none cm-table\">\n                                    RE\n                        <\/td>\n<\/tr>\n<tr class=\" \" wp_automatic_readability=\"0.27692307692308\">\n<td class=\"table-child--centered table-child--top table-child--nowrap table-child--w60 txt-s1\">\n    03\/12<\/td>\n<td class=\"w-100\"><a href=\"https:\/\/www.zonebourse.com\/actualite-bourse\/les-ministres-de-la-defense-allemand-francais-et-espagnol-se-reuniront-le-11-decembre-pour-discuter-ce7d51dede8bf622\" class=\"txt- txt-overflow-2 link link--no-underline my-5 my-m-0 \" target=\"_blank\" rel=\"noopener\"><\/p>\n<p>Allemagne, France et Espagne se r\u00e9uniront la semaine prochaine pour r\u00e9soudre le diff\u00e9rend sur le futur avion de combat<\/p>\n<p>                <\/a><\/td>\n<td class=\"table-child--right  table-child--top table-child--w60 c-none cm-table\">\n                                    RE\n                        <\/td>\n<\/tr>\n<tr class=\" \" wp_automatic_readability=\"0.1978021978022\">\n<td class=\"table-child--centered table-child--top table-child--nowrap table-child--w60 txt-s1\">\n    02\/12<\/td>\n<td class=\"w-100\"><a href=\"https:\/\/www.zonebourse.com\/actualite-bourse\/dassault-aviation-sadif-investment-analytics-de-neutre-a-vendeur-sur-le-dossier-ce7d51d9dd8cf727\" class=\"txt- txt-overflow-2 link link--no-underline my-5 my-m-0 \" target=\"_blank\" rel=\"noopener\"><\/p>\n<p>DASSAULT AVIATION  :  Sadif Investment Analytics de neutre \u00e0 vendeur sur le dossier<\/p>\n<p>                <\/a><\/td>\n<td class=\"table-child--right  table-child--top table-child--w60 c-none cm-table\">\n                                    ZM\n                        <\/td>\n<\/tr>\n<tr class=\" \" wp_automatic_readability=\"0.33333333333333\">\n<td class=\"table-child--centered table-child--top table-child--nowrap table-child--w60 txt-s1\">\n    01\/12<\/td>\n<td class=\"w-100\"><a href=\"https:\/\/www.zonebourse.com\/actualite-bourse\/paris-termine-en-timide-baisse-dans-un-climat-d-aversion-pour-le-risque-ce7d51d8dc8af225\" class=\"txt- txt-overflow-2 link link--no-underline my-5 my-m-0 \" target=\"_blank\" rel=\"noopener\"><\/p>\n<p>Paris termine en timide baisse, dans un climat d&rsquo;aversion pour le risque<\/p>\n<p>                <\/a><\/td>\n<td class=\"table-child--right  table-child--top table-child--w60 c-none cm-table\">\n                                    AW\n                        <\/td>\n<\/tr>\n<tr class=\" \" wp_automatic_readability=\"0.23684210526316\">\n<td class=\"table-child--centered table-child--top table-child--nowrap table-child--w60 txt-s1\">\n    01\/12<\/td>\n<td class=\"w-100\"><a href=\"https:\/\/www.zonebourse.com\/actualite-bourse\/le-constructeur-aeronautique-airbus-devisse-a-la-bourse-de-paris-ce7d51d8db8ef724\" class=\"txt- txt-overflow-2 link link--no-underline my-5 my-m-0 \" target=\"_blank\" rel=\"noopener\"><\/p>\n<p>Le constructeur a\u00e9ronautique Airbus d\u00e9visse \u00e0 la Bourse de Paris<\/p>\n<p>                <\/a><\/td>\n<td class=\"table-child--right  table-child--top table-child--w60 c-none cm-table\">\n                                    AW\n                        <\/td>\n<\/tr>\n<tr class=\" \" wp_automatic_readability=\"0.17647058823529\">\n<td class=\"table-child--centered table-child--top table-child--nowrap table-child--w60 txt-s1\">\n    29\/11<\/td>\n<td class=\"w-100\"><a href=\"https:\/\/www.zonebourse.com\/actualite-bourse\/ces-geants-francaisa-et-leur-comparable-americain-meconnu-ce7d51dbdf8ffe27\" class=\"txt- txt-overflow-2 link link--no-underline my-5 my-m-0 \" target=\"_blank\" rel=\"noopener\"><\/p>\n<p>Ces g\u00e9ants fran\u00e7ais\u2026et leur comparable am\u00e9ricain m\u00e9connu<\/p>\n<p>                <\/a><\/td>\n<td class=\"table-child--right  table-child--top table-child--w60 c-none cm-table\"><img loading=\"lazy\" decoding=\"async\" src=\"https:\/\/www.europesays.com\/fr\/wp-content\/uploads\/2025\/05\/logo_at.gif\" width=\"14\" height=\"8\" alt=\"Zonebourse\"\/><\/td>\n<\/tr>\n<tr class=\" \" wp_automatic_readability=\"0.29032258064516\">\n<td class=\"table-child--centered table-child--top table-child--nowrap table-child--w60 txt-s1\">\n    27\/11<\/td>\n<td class=\"w-100\"><a href=\"https:\/\/www.zonebourse.com\/actualite-bourse\/la-france-va-lancer-un-nouveau-service-militaire-volontaire-annonce-emmanuel-macron-ce7d5ed3d08ffe25\" class=\"txt- txt-overflow-2 link link--no-underline my-5 my-m-0 \" target=\"_blank\" rel=\"noopener\"><\/p>\n<p>La France va lancer un nouveau service militaire volontaire, annonce Emmanuel Macron<\/p>\n<p>                <\/a><\/td>\n<td class=\"table-child--right  table-child--top table-child--w60 c-none cm-table\">\n                                    RE\n                        <\/td>\n<\/tr>\n<tr class=\" \" wp_automatic_readability=\"0.14285714285714\">\n<td class=\"table-child--centered table-child--top table-child--nowrap table-child--w60 txt-s1\">\n    26\/11<\/td>\n<td class=\"w-100\"><a href=\"https:\/\/www.zonebourse.com\/actualite-bourse\/safran-vise-les-3-milliards-d-euros-de-chiffre-d-affaires-en-inde-d-ici-2030-ce7d5ed3d88cfe20\" class=\"txt- txt-overflow-2 link link--no-underline my-5 my-m-0 \" target=\"_blank\" rel=\"noopener\"><\/p>\n<p>Safran : vise les 3 milliards d&rsquo;euros de chiffre d&rsquo;affaires en Inde d&rsquo;ici 2030<\/p>\n<p>                <\/a><\/td>\n<td class=\"table-child--right  table-child--top table-child--w60 c-none cm-table\"><img loading=\"lazy\" decoding=\"async\" src=\"https:\/\/www.europesays.com\/fr\/wp-content\/uploads\/2025\/05\/logo_at.gif\" width=\"14\" height=\"8\" alt=\"Zonebourse\"\/><\/td>\n<\/tr>\n<tr class=\" \" wp_automatic_readability=\"0.18947368421053\">\n<td class=\"table-child--centered table-child--top table-child--nowrap table-child--w60 txt-s1\">\n    26\/11<\/td>\n<td class=\"w-100\"><a href=\"https:\/\/www.zonebourse.com\/actualite-bourse\/safran-veut-depasser-les-3-milliards-d-euros-de-chiffre-d-affaires-en-inde-d-ici-2030-ce7d5ed2d08df62d\" class=\"txt- txt-overflow-2 link link--no-underline my-5 my-m-0 \" target=\"_blank\" rel=\"noopener\"><\/p>\n<p>Safran veut d\u00e9passer les 3 milliards d&rsquo;euros de chiffre d&rsquo;affaires en Inde d&rsquo;ici 2030<\/p>\n<p>                <\/a><\/td>\n<td class=\"table-child--right  table-child--top table-child--w60 c-none cm-table\">\n                                    DJ\n                        <\/td>\n<\/tr>\n<tr class=\" \" wp_automatic_readability=\"0.25806451612903\">\n<td class=\"table-child--centered table-child--top table-child--nowrap table-child--w60 txt-s1\">\n    26\/11<\/td>\n<td class=\"w-100\"><a href=\"https:\/\/www.zonebourse.com\/actualite-bourse\/aramis-safran-vusiongroup-transgene-les-valeurs-a-suivre-aujourd-hui-a-paris--ce7d5ed2de8bf220\" class=\"txt- txt-overflow-2 link link--no-underline my-5 my-m-0 \" target=\"_blank\" rel=\"noopener\"><\/p>\n<p>Aramis : Safran, VusionGroup, Transgene&#8230; les valeurs \u00e0 suivre aujourd&rsquo;hui \u00e0 Paris &#8211;<\/p>\n<p>                <\/a><\/td>\n<td class=\"table-child--right  table-child--top table-child--w60 c-none cm-table\"><img loading=\"lazy\" decoding=\"async\" src=\"https:\/\/www.europesays.com\/fr\/wp-content\/uploads\/2025\/05\/logo_at.gif\" width=\"14\" height=\"8\" alt=\"Zonebourse\"\/><\/td>\n<\/tr>\n<tr class=\" \" wp_automatic_readability=\"0.25471698113208\">\n<td class=\"table-child--centered table-child--top table-child--nowrap table-child--w60 txt-s1\">\n    26\/11<\/td>\n<td class=\"w-100\"><a href=\"https:\/\/www.zonebourse.com\/actualite-bourse\/cac-40-la-bourse-de-paris-devrait-ouvrir-en-hausse-soutenue-par-les-espoirs-de-baisse-des-taux-ce7d5ed2de89f022\" class=\"txt- txt-overflow-2 link link--no-underline my-5 my-m-0 \" target=\"_blank\" rel=\"noopener\"><\/p>\n<p>CAC 40 : La Bourse de Paris devrait ouvrir en hausse, soutenue par les espoirs de baisse des taux<\/p>\n<p>                <\/a><\/td>\n<td class=\"table-child--right  table-child--top table-child--w60 c-none cm-table\">\n                                    DJ\n                        <\/td>\n<\/tr>\n<tr class=\" \" wp_automatic_readability=\"0.26086956521739\">\n<td class=\"table-child--centered table-child--top table-child--nowrap table-child--w60 txt-s1\">\n    26\/11<\/td>\n<td class=\"w-100\"><a href=\"https:\/\/www.zonebourse.com\/actualite-bourse\/dassault-aviation-a-suivre-aujourd-hui-ce7d5ed2dc8eff26\" class=\"txt- txt-overflow-2 link link--no-underline my-5 my-m-0 \" target=\"_blank\" rel=\"noopener\"><\/p>\n<p>Dassault Aviation : A suivre aujourd&rsquo;hui<\/p>\n<p>                <\/a><\/td>\n<td class=\"table-child--right  table-child--top table-child--w60 c-none cm-table\"><img loading=\"lazy\" decoding=\"async\" src=\"https:\/\/www.europesays.com\/fr\/wp-content\/uploads\/2025\/05\/logo_at.gif\" width=\"14\" height=\"8\" alt=\"Zonebourse\"\/><\/td>\n<\/tr>\n<tr class=\" \" wp_automatic_readability=\"0.19285714285714\">\n<td class=\"table-child--centered table-child--top table-child--nowrap table-child--w60 txt-s1\">\n    26\/11<\/td>\n<td class=\"w-100\"><a href=\"https:\/\/www.zonebourse.com\/actualite-bourse\/dassault-aviation-et-thales-s-associent-pour-developper-une-intelligence-artificielle-controlee-dans-ce7d5ed2dd80f022\" class=\"txt- txt-overflow-2 link link--no-underline my-5 my-m-0 \" target=\"_blank\" rel=\"noopener\"><\/p>\n<p>Dassault Aviation et Thales s&rsquo;associent pour d\u00e9velopper une intelligence artificielle contr\u00f4l\u00e9e dans l&rsquo;a\u00e9ronautique de d\u00e9fense<\/p>\n<p>                <\/a><\/td>\n<td class=\"table-child--right  table-child--top table-child--w60 c-none cm-table\">\n                                    MT\n                        <\/td>\n<\/tr>\n<tr class=\" \" wp_automatic_readability=\"0.25531914893617\">\n<td class=\"table-child--centered table-child--top table-child--nowrap table-child--w60 txt-s1\">\n    25\/11<\/td>\n<td class=\"w-100\"><a href=\"https:\/\/www.zonebourse.com\/actualite-bourse\/aramis-cie-des-alpes-dassault-aviation-obiz-les-valeurs-a-suivre-demain-a-paris-ce7d5ed2d889f224\" class=\"txt- txt-overflow-2 link link--no-underline my-5 my-m-0 \" target=\"_blank\" rel=\"noopener\"><\/p>\n<p>Aramis : Cie des Alpes, Dassault Aviation, Obiz&#8230; les valeurs \u00e0 suivre demain \u00e0 Paris<\/p>\n<p>                <\/a><\/td>\n<td class=\"table-child--right  table-child--top table-child--w60 c-none cm-table\"><img loading=\"lazy\" decoding=\"async\" src=\"https:\/\/www.europesays.com\/fr\/wp-content\/uploads\/2025\/05\/logo_at.gif\" width=\"14\" height=\"8\" alt=\"Zonebourse\"\/><\/td>\n<\/tr>\n<tr class=\" \" wp_automatic_readability=\"0.1304347826087\">\n<td class=\"table-child--centered table-child--top table-child--nowrap table-child--w60 txt-s1\">\n    25\/11<\/td>\n<td class=\"w-100\"><a href=\"https:\/\/www.zonebourse.com\/actualite-bourse\/thales-et-dassault-systemes-signent-un-partenariat-strategique-dans-l-ia-de-defense-ce7d5ed2d981f72d\" class=\"txt- txt-overflow-2 link link--no-underline my-5 my-m-0 \" target=\"_blank\" rel=\"noopener\"><\/p>\n<p>Thales et Dassault Syst\u00e8mes signent un partenariat strat\u00e9gique dans l&rsquo;IA de d\u00e9fense<\/p>\n<p>                <\/a><\/td>\n<td class=\"table-child--right  table-child--top table-child--w60 c-none cm-table\"><img loading=\"lazy\" decoding=\"async\" src=\"https:\/\/www.europesays.com\/fr\/wp-content\/uploads\/2025\/05\/logo_at.gif\" width=\"14\" height=\"8\" alt=\"Zonebourse\"\/><\/td>\n<\/tr>\n<p><img decoding=\"async\" height=\"30\" alt=\"Logo Dassault Aviation\" onerror=\"this.onerror=null;this.style.display = 'none'\" src=\"https:\/\/www.europesays.com\/fr\/wp-content\/uploads\/2025\/12\/instruments-squared-5215.png\"\/><br \/>\n        Dassault Aviation figure parmi les principaux constructeurs a\u00e9ronautiques mondiaux. Le CA par famille de produits se r\u00e9partit comme suit :<\/p>\n<p>&#8211; avions militaires (63,5%) : avions de combat Mirage 2000 et Rafale, et d\u00e9monstrateur nEUROn ;<\/p>\n<p>&#8211; avions d&rsquo;affaires (36,5%) : gamme Falcon.<\/p>\n<p>67,9% du CA est r\u00e9alis\u00e9 \u00e0 l&rsquo;international.<br \/>\n    <a href=\"https:\/\/www.zonebourse.com\/cours\/action\/DASSAULT-AVIATION-5215\/societe\/\" class=\"link link__more c-block mt-10\" target=\"_blank\" rel=\"noopener\"><br \/>\n                Plus d&rsquo;informations sur la soci\u00e9t\u00e9<br \/>\n            <\/a><\/p>\n<p>Trader\n        <\/p>\n<p class=\"title txt-s2\">Trader<\/p>\n<p>Ce super rating est le r\u00e9sultat d&rsquo;une moyenne pond\u00e9r\u00e9e des classements selon les ratings Valorisation (Composite), R\u00e9visions BNA 4 mois et Visibilit\u00e9 (Composite). Nous vous recommandons de lire attentivement les descriptions associ\u00e9es.<\/p>\n<p>Investisseur\n        <\/p>\n<p class=\"title txt-s2\">Investisseur<\/p>\n<p>Ce super rating composite est le r\u00e9sultat d&rsquo;une moyenne pond\u00e9r\u00e9e des classements selon les ratings Fondamentaux (Composite), Valorisation (Composite), R\u00e9visions BNA 1 an et Visibilit\u00e9 (Composite). Nous vous recommandons de lire attentivement les descriptions associ\u00e9es.<\/p>\n<p>Globale\n        <\/p>\n<p class=\"title txt-s2\">Globale<\/p>\n<p>Ce rating composite est le r\u00e9sultat d&rsquo;une moyenne des classements selon les ratings Fondamentaux (Composite), Valorisation (Composite), R\u00e9visions Fondamentaux (Composite), Consensus (Composite) et Visibilit\u00e9 (Composite). L&rsquo;entreprise doit \u00eatre couverte par au moins 4 de ces 5 ratings pour que le calcul soit effectu\u00e9. Nous vous recommandons de lire attentivement les descriptions associ\u00e9es.<\/p>\n<p>Qualit\u00e9\n        <\/p>\n<p class=\"title txt-s2\">Qualit\u00e9<\/p>\n<p>Ce rating composite est le r\u00e9sultat d&rsquo;une moyenne des classements selon les ratings Rentabilit\u00e9 (Composite), Profitabilit\u00e9 (Composite) et Sant\u00e9 financi\u00e8re (Composite). L&rsquo;entreprise doit \u00eatre couverte par au moins 2 de ces 3 ratings pour que le calcul soit effectu\u00e9. Nous vous recommandons de lire attentivement les descriptions associ\u00e9es.<\/p>\n<p><img decoding=\"async\" src=\"https:\/\/cdn.zonebourse.com\/static\/hes\/DASSAULT-AVIATION_.svg?_=NXlMWVoxUzNiUmVJZXhZSzZyemovWFdUbmdKdGxXa05IUEt3RXpxd2E2dDEyMGdEc2lGcTFrdDBhczk2T053bjZHQjk0ZDhtM2dOb0diRFkyN24wN01xTWdLc0kxSU5WV2doU3E5L3hHTkdUZFAyemlBNTVjUjd6NUdRQVMvNXFlUUNHMWQva2F2akdXcmRTTkVCajdFSUVxQ1REWU10bkZEODJIWktYaFVkM2JMeE5GeGY1ZGpIU0JFNFZ4dnJWeVFWQUJucmhkdmNjWTlMcjRWTW80a1ZVNC9KbXk5ZlJLeVk4WG1aQVRobWdaMmQxK2Q5Myt6SWtqempueURWOEhiTG8rODdqWlpSMzE5dEhXcXk1MEx0aGYzYURRbUVGY1ZTdnIvUFZMT0FSUlZYc3c0OVlRUVdVWGNScTNqSnYydnV3YWpLSVhpTVNjenlkbzZId2xQVjJaOEluSHo2aVAvandlcWNYMEZzY093bTNRekoyRVg0M1pvOUdobzVRVTZNbkl1ZXIxeHRscHBKQ2gxTzBvYmlVY1M5OThraHE4U25TL3Awanh5OEJXMXBNcnl1eFZYbXVuQ2tTSGRMVFJEbTBvNlpBVUFzT0VHK2NRcE1VZzlmT0NyeXViRGZlMDRiR0tPT0dxaC9Hbm00ZndIeEQ0VnAySkRlQlNTdWJUd3IxSEZJSzgrYi9GQ0NHOXBVM2J1bVplcjU3YlpvWEZ5d0c1N1puVG1aQnVQcm1QR2FpVFQ5NS91cTgwTE1qcWVLUzZ6MjN5THVncHJhUHhSbjNaQT09\" alt=\"\" class=\"w-100\" height=\"320\" width=\"338\" loading=\"lazy\" onload=\"this.removeAttribute(&quot;loading&quot;)\"\/><a href=\"https:\/\/www.zonebourse.com\/cours\/action\/DASSAULT-AVIATION-5215\/notations\/\" class=\"link link__more c-block mt-10\" target=\"_blank\" rel=\"noopener\">Plus de notations<\/a>Vente<img decoding=\"async\" style=\"padding-left:60.4px;\" src=\"https:\/\/www.europesays.com\/fr\/wp-content\/uploads\/2025\/04\/consensus_flch.gif\" alt=\"Consensus\"\/>Achat<\/p>\n<p>Recommandation moyenne<\/p>\n<p>ACCUMULER<\/p>\n<p>Dernier Cours de Cloture<\/p>\n<p>270,00EUR<\/p>\n<p>Objectif de cours Moyen<\/p>\n<p>324,06EUR<\/p>\n<p>Ecart \/ Objectif Moyen<\/p>\n<p>+20,02\u00a0%<\/p>\n<p><a href=\"https:\/\/www.zonebourse.com\/cours\/action\/DASSAULT-AVIATION-5215\/consensus\/\" class=\"link link__more c-block mt-10\" target=\"_blank\" rel=\"noopener\">Consensus<\/a>Chiffre d&rsquo;affaires trimestriel &#8211; Taux de surprise<br \/>\n    <img decoding=\"async\" src=\"https:\/\/www.europesays.com\/fr\/wp-content\/uploads\/2025\/12\/img_footer_appstore.png\" alt=\"Download from Apple Store\" loading=\"lazy\"\/><\/p>\n<p class=\"m-0\">NOS EXPERTS \u00c0 VOTRE \u00c9COUTE<\/p>\n<p class=\"m-0 txt-bold\">Lundi &#8211; Vendredi 9h-12h \/ 14h-18h<\/p>\n<p><img decoding=\"async\" src=\"https:\/\/www.europesays.com\/fr\/wp-content\/uploads\/2025\/04\/footer_logo_zb.png\" width=\"181\" height=\"24\" alt=\"Zonebourse, bourse en direct\" loading=\"lazy\"\/><br \/>\n                    Mentions l\u00e9gales<br \/>\n                |<br \/>\n                Param\u00e9trer les cookies<br \/>\n            |<br \/>\n                    Blog Zonebourse<br \/>\n                |<a href=\"https:\/\/www.zonebourse.com\/qui-sommes-nous\" class=\"link txt-footer\" target=\"_blank\" rel=\"noopener\"><br \/>\n                Qui sommes-nous ?<br \/>\n            <\/a>|<br \/>\n                Copyright \u00a9 2025 Surperformance SAS. Tous droits r\u00e9serv\u00e9s.<\/p>\n<p>\n            Les cotations sont fournies par Factset, Morningstar et S&amp;P Capital IQ\n        <\/p>\n<p class=\"pl-10 txt-bold m-0\">S\u00e9lectionnez votre \u00e9dition<\/p>\n<p class=\"txt-s1 txt-muted m-0 pl-10\">Toutes les informations financi\u00e8res adapt\u00e9es au niveau national<\/p>\n<\/td>\n","protected":false},"excerpt":{"rendered":"Temps r\u00e9el Euronext Paris Autres places de cotation 10:08:38 09\/12\/2025 Varia. 5j. Varia. 1 janv. 275,40 EUR +2,00\u00a0%&hellip;\n","protected":false},"author":2,"featured_media":2490,"comment_status":"","ping_status":"","sticky":false,"template":"","format":"standard","meta":{"footnotes":""},"categories":[1587],"tags":[11,672,340,1804,1805,1803,1777,674,1801,12,1802],"class_list":{"0":"post-588186","1":"post","2":"type-post","3":"status-publish","4":"format-standard","5":"has-post-thumbnail","7":"category-allemagne","8":"tag-actualites","9":"tag-allemagne","10":"tag-bourse","11":"tag-bundesrepublik-deutschland","12":"tag-de","13":"tag-deutschland","14":"tag-eu","15":"tag-europe","16":"tag-germany","17":"tag-news","18":"tag-republique-federale-dallemagne"},"share_on_mastodon":{"url":"https:\/\/pubeurope.com\/@fr\/115688840726794985","error":""},"_links":{"self":[{"href":"https:\/\/www.europesays.com\/fr\/wp-json\/wp\/v2\/posts\/588186","targetHints":{"allow":["GET"]}}],"collection":[{"href":"https:\/\/www.europesays.com\/fr\/wp-json\/wp\/v2\/posts"}],"about":[{"href":"https:\/\/www.europesays.com\/fr\/wp-json\/wp\/v2\/types\/post"}],"author":[{"embeddable":true,"href":"https:\/\/www.europesays.com\/fr\/wp-json\/wp\/v2\/users\/2"}],"replies":[{"embeddable":true,"href":"https:\/\/www.europesays.com\/fr\/wp-json\/wp\/v2\/comments?post=588186"}],"version-history":[{"count":0,"href":"https:\/\/www.europesays.com\/fr\/wp-json\/wp\/v2\/posts\/588186\/revisions"}],"wp:featuredmedia":[{"embeddable":true,"href":"https:\/\/www.europesays.com\/fr\/wp-json\/wp\/v2\/media\/2490"}],"wp:attachment":[{"href":"https:\/\/www.europesays.com\/fr\/wp-json\/wp\/v2\/media?parent=588186"}],"wp:term":[{"taxonomy":"category","embeddable":true,"href":"https:\/\/www.europesays.com\/fr\/wp-json\/wp\/v2\/categories?post=588186"},{"taxonomy":"post_tag","embeddable":true,"href":"https:\/\/www.europesays.com\/fr\/wp-json\/wp\/v2\/tags?post=588186"}],"curies":[{"name":"wp","href":"https:\/\/api.w.org\/{rel}","templated":true}]}}