{"id":588189,"date":"2025-12-09T09:13:25","date_gmt":"2025-12-09T09:13:25","guid":{"rendered":"https:\/\/www.europesays.com\/fr\/588189\/"},"modified":"2025-12-09T09:13:25","modified_gmt":"2025-12-09T09:13:25","slug":"il-ny-a-pas-eu-de-sos-ce-que-lon-sait-apres-le-crash-dun-petit-avion-dans-lariege","status":"publish","type":"post","link":"https:\/\/www.europesays.com\/fr\/588189\/","title":{"rendered":"\u00ab\u00a0Il n&rsquo;y a pas eu de SOS\u00a0\u00bb : ce que l&rsquo;on sait apr\u00e8s le crash d&rsquo;un petit avion dans l&rsquo;Ari\u00e8ge"},"content":{"rendered":"<ul class=\"jsx-862013697 ArticleChapo__List\">\n<li class=\"jsx-862013697 ArticleChapo__List_Item flex\">Quatre personnes sont mortes dimanche dans le crash d&rsquo;un petit avion de tourisme dans l&rsquo;Ari\u00e8ge.<\/li>\n<li class=\"jsx-862013697 ArticleChapo__List_Item flex\">Le pilote et les 3 \u00e9tudiants de l&rsquo;\u00c9cole nationale de l&rsquo;aviation civile \u00e9taient \u00e2g\u00e9s de 18 \u00e0 25 ans.<\/li>\n<li class=\"jsx-862013697 ArticleChapo__List_Item flex\">Les enqu\u00eateurs tentent d\u00e9sormais de comprendre les causes du drame.<\/li>\n<\/ul>\n<p><a href=\"https:\/\/www.tf1info.fr\/emissions\/tf1\/le-20h-11001\/\" rel=\"noopener\" class=\"jsx-484472199 Link jsx-1428418400 jsx-640816507\" target=\"_blank\"><\/p>\n<p style=\"font-weight:400\" class=\"jsx-1837267516\">Suivez la couverture compl\u00e8te<\/p>\n<p style=\"font-weight:800\" class=\"jsx-1837267516\">Le 20H<\/p>\n<p><\/a><\/p>\n<p data-module=\"article-paragraph\" class=\"jsx-3046738180 Paragraph\">Que s&rsquo;est-il pass\u00e9 dimanche ? Au milieu des montagnes enneig\u00e9es de l&rsquo;Ari\u00e8ge, l&rsquo;\u00e9pave d&rsquo;un avion a finalement \u00e9t\u00e9 retrouv\u00e9e par les forces de l&rsquo;ordre. Quatre corps en ont \u00e9t\u00e9 extraits. Impossible pour notre \u00e9quipe de se rendre sur place, la zone est dangereuse et inaccessible par la route.\u00a0<\/p>\n<p data-module=\"article-paragraph\" class=\"jsx-3046738180 Paragraph Paragraph__End\">En fin de week-end, un avion de l&rsquo;a\u00e9roclub de Saint-Girons en Ari\u00e8ge (\u00e0 l&rsquo;ouest de la ville de Foix) d\u00e9colle \u00e0 17h15 pour un vol de loisir. Il \u00e9tait cens\u00e9 revenir \u00e0 17h40. \u00c0 18h, l&rsquo;a\u00e9rodrome lance un appel d&rsquo;urgence.\u00a0<\/p>\n<blockquote data-testid=\"EmbedTwitter\" id=\"tweet-1997955873696874770-:R99cmj9v79m:\" class=\"jsx-aeff1a1c40f54d7a twitter-tweet flex justify-center items-center\"><p>pic.twitter.com\/Z72JHuNGb4 \u2014 Philippe Tabarot (@PhilippeTabarot)  December 8, 2025<\/p><\/blockquote>\n<p data-module=\"article-paragraph\" class=\"jsx-3046738180 Paragraph Paragraph__End\">Deux heures plus tard, un <a href=\"https:\/\/www.tf1info.fr\/justice-faits-divers\/video-criteres-comment-devenir-pilote-helicoptere-secours-en-haute-montagne-formation-biancon-de-la-gendarmerie-francaise-reconnue-dans-le-monde-entier-2290633.html\" target=\"_blank\" rel=\"noopener\">h\u00e9licopt\u00e8re de la gendarmerie<\/a> survole un \u00e9tang \u00e0 2.000 m\u00e8tres d&rsquo;altitude, et aper\u00e7oit au sol l&rsquo;\u00e9pave de l&rsquo;appareil et ses occupants, tous d\u00e9c\u00e9d\u00e9s. Un pilote instructeur de 25 ans \u00e9tait aux commandes de l&rsquo;appareil. \u00c0 ses c\u00f4t\u00e9s, un jeune homme de 21 ans, titulaire d&rsquo;un brevet de pilote, une jeune femme de 21 ans ainsi qu&rsquo;un autre passager de 18 ans. Tous les 3 \u00e9taient \u00e9l\u00e8ves de l&rsquo;\u00c9cole nationale de l&rsquo;aviation civile.\u00a0Dans un message post\u00e9 sur X, le ministre des Transports Philippe Tabarot a exprim\u00e9 ses condol\u00e9ances aux familles et proches des victimes, assurant que \u00ab\u00a0c&rsquo;est toute la famille de l&rsquo;a\u00e9ronautique qui est en deuil\u00a0\u00bb.<\/p>\n<p><img decoding=\"async\" src=\"https:\/\/www.europesays.com\/fr\/wp-content\/uploads\/2025\/12\/cap-jt-deces-crash-ariege-647988-0@1x.jpeg\" alt=\"TF1\" loading=\"lazy\" importance=\"low\" fetchpriority=\"low\" class=\"\" data-module=\"article-image\"\/>TF1<\/p>\n<p data-module=\"article-paragraph\" class=\"jsx-3046738180 Paragraph\">Le directeur de cette institution r\u00e9put\u00e9e nous pr\u00e9cise qu&rsquo;il ne s&rsquo;agissait pas d&rsquo;une le\u00e7on de pilotage. \u00ab\u00a0C&rsquo;est hors \u00e9cole, c&rsquo;est un dimanche avec un avion d&rsquo;a\u00e9roclub. Lui, il pilotait \u00e0 titre priv\u00e9, il \u00e9tait instructeur en a\u00e9roclub. Mais il n&rsquo;est pas instructeur de vol \u00e0 l&rsquo;ENAC, il est l\u00e0 pour apprendre la th\u00e9orie \u00e0 nos \u00e9l\u00e8ves\u00a0\u00bb, explique Olivier Chanson, directeur g\u00e9n\u00e9ral de l&rsquo;\u00c9cole nationale de l&rsquo;aviation civile (ENAC).\u00a0<\/p>\n<p data-module=\"article-paragraph\" class=\"jsx-3046738180 Paragraph Paragraph__End\">Quelle est la cause exacte du crash ? Y a-t-il eu un d\u00e9faut technique ? L&rsquo;enqu\u00eate en cours s&rsquo;annonce complexe, car ces appareils ne sont pas \u00e9quip\u00e9s d&rsquo;enregistreurs de vol, les fameuses boites noires, utilis\u00e9es pour conna\u00eetre les circonstances des accidents a\u00e9riens.\u00a0<\/p>\n<p><a href=\"https:\/\/www.tf1info.fr\/justice-faits-divers\/ariege-4-morts-dans-le-crash-d-un-petit-avion-de-tourisme-2411409.html\" rel=\"noopener\" class=\"jsx-3308031228 Link flex\" target=\"_blank\"><img decoding=\"async\" src=\"https:\/\/www.europesays.com\/fr\/wp-content\/uploads\/2025\/12\/gendarmeries-vehicules-illustrations-6efb7d-1@1x.jpeg\" alt=\"Les gendarmes poursuivent les recherches ce lundi.\" loading=\"lazy\" importance=\"low\" fetchpriority=\"low\" class=\"\" aria-hidden=\"true\"\/><\/p>\n<p class=\"jsx-3657663356 ReadMoreArticle__Title\">Lire aussi<\/p>\n<p class=\"jsx-3657663356\">Ari\u00e8ge : 4 morts dans le crash d&rsquo;un petit avion de tourisme<\/p>\n<p><\/a><\/p>\n<p data-module=\"article-paragraph\" class=\"jsx-3046738180 Paragraph Paragraph__End\">Lundi soir, le procureur a d\u00e9clar\u00e9 que les conditions m\u00e9t\u00e9orologiques \u00e9taient tr\u00e8s bonnes et \u00e9voque un fait troublant. \u00ab\u00a0Il n&rsquo;y a pas eu de communication avec la tour de contr\u00f4le avant l&rsquo;accident, pas de SOS\u00a0\u00bb, a pr\u00e9cis\u00e9 Olivier Mouysset, procureur de la R\u00e9publique de Foix. Une cellule psychologique pour les \u00e9l\u00e8ves de l&rsquo;\u00e9cole et la famille des victimes a \u00e9t\u00e9 mise en place. L&rsquo;autopsie des corps sera r\u00e9alis\u00e9e dans les prochains jours.<\/p>\n<p>La r\u00e9daction de TF1info | Reportage Lazslo GELABERT, Sol\u00e8ne CORNUAU, Juliette BISIAUX<\/p>\n<p><script async src=\"https:\/\/platform.twitter.com\/widgets.js\" charset=\"utf-8\"><\/script><\/p>\n","protected":false},"excerpt":{"rendered":"Quatre personnes sont mortes dimanche dans le crash d&rsquo;un petit avion de tourisme dans l&rsquo;Ari\u00e8ge. Le pilote et&hellip;\n","protected":false},"author":2,"featured_media":588190,"comment_status":"","ping_status":"","sticky":false,"template":"","format":"standard","meta":{"footnotes":""},"categories":[1586],"tags":[3085,1111,11,1921,30556,1777,674,1779,1011,27,1922,2954,2952,12,28780,25,1778,364,133,2953],"class_list":{"0":"post-588189","1":"post","2":"type-post","3":"status-publish","4":"format-standard","5":"has-post-thumbnail","7":"category-europe","8":"tag-accidents","9":"tag-actu","10":"tag-actualites","11":"tag-article-video","12":"tag-crash-aerien","13":"tag-eu","14":"tag-europe","15":"tag-european-union","16":"tag-fr","17":"tag-france","18":"tag-info","19":"tag-justice-et-faits-divers","20":"tag-le-20h","21":"tag-news","22":"tag-philippe-tabarot","23":"tag-republique-francaise","24":"tag-ue","25":"tag-union-europeenne","26":"tag-video","27":"tag-video-police"},"share_on_mastodon":{"url":"https:\/\/pubeurope.com\/@fr\/115688847887971252","error":""},"_links":{"self":[{"href":"https:\/\/www.europesays.com\/fr\/wp-json\/wp\/v2\/posts\/588189","targetHints":{"allow":["GET"]}}],"collection":[{"href":"https:\/\/www.europesays.com\/fr\/wp-json\/wp\/v2\/posts"}],"about":[{"href":"https:\/\/www.europesays.com\/fr\/wp-json\/wp\/v2\/types\/post"}],"author":[{"embeddable":true,"href":"https:\/\/www.europesays.com\/fr\/wp-json\/wp\/v2\/users\/2"}],"replies":[{"embeddable":true,"href":"https:\/\/www.europesays.com\/fr\/wp-json\/wp\/v2\/comments?post=588189"}],"version-history":[{"count":0,"href":"https:\/\/www.europesays.com\/fr\/wp-json\/wp\/v2\/posts\/588189\/revisions"}],"wp:featuredmedia":[{"embeddable":true,"href":"https:\/\/www.europesays.com\/fr\/wp-json\/wp\/v2\/media\/588190"}],"wp:attachment":[{"href":"https:\/\/www.europesays.com\/fr\/wp-json\/wp\/v2\/media?parent=588189"}],"wp:term":[{"taxonomy":"category","embeddable":true,"href":"https:\/\/www.europesays.com\/fr\/wp-json\/wp\/v2\/categories?post=588189"},{"taxonomy":"post_tag","embeddable":true,"href":"https:\/\/www.europesays.com\/fr\/wp-json\/wp\/v2\/tags?post=588189"}],"curies":[{"name":"wp","href":"https:\/\/api.w.org\/{rel}","templated":true}]}}