{"id":588191,"date":"2025-12-09T09:14:14","date_gmt":"2025-12-09T09:14:14","guid":{"rendered":"https:\/\/www.europesays.com\/fr\/588191\/"},"modified":"2025-12-09T09:14:14","modified_gmt":"2025-12-09T09:14:14","slug":"direct-budget-de-la-secu-le-socialiste-jerome-guedj-ne-comprend-pas-a-quoi-joue-edouard-philippe-qui-appelle-a-labstention","status":"publish","type":"post","link":"https:\/\/www.europesays.com\/fr\/588191\/","title":{"rendered":"DIRECT. Budget de la S\u00e9cu : le socialiste J\u00e9r\u00f4me Guedj \u00ab ne comprend pas \u00e0 quoi joue \u00c9douard Philippe \u00bb, qui appelle \u00e0 l&rsquo;abstention"},"content":{"rendered":"<p>Jour J \u00e0 l&rsquo;Assembl\u00e9e nationale<\/p>\n<ul>\n<li>Vote crucial pour les d\u00e9put\u00e9s ce mardi sur le budget de la S\u00e9curit\u00e9 sociale. Le scrutin s&rsquo;annonce serr\u00e9.<\/li>\n<li>Les <a href=\"https:\/\/www.leparisien.fr\/politique\/budget-de-la-secu-olivier-faure-souhaite-que-le-ps-vote-pour-le-texte-08-12-2025-IIHAZ7SMOFHTFCSSW5DXYS63OE.php\" target=\"_blank\" rel=\"noopener\">socialistes<\/a>, Renaissance, le MoDem, et le groupe ind\u00e9pendant Liot devraient voter majoritairement pour.<\/li>\n<li>Les insoumis et l&rsquo;alliance RN-UDR devraient voter contre. Les communistes se dirigent vers un vote majoritairement contre.<\/li>\n<li>D\u00e8s lors, les voix des \u00e9cologistes ou m\u00eame des non-inscrits pourraient s&rsquo;av\u00e9rer cruciales. Tout comme la r\u00e9partition des voix finale chez LR et Horizons.<\/li>\n<li>M\u00eame s&rsquo;il est adopt\u00e9 mardi, le budget de la S\u00e9curit\u00e9 sociale devra faire encore un aller-retour avec le S\u00e9nat.\u00a0<\/li>\n<\/ul>\n","protected":false},"excerpt":{"rendered":"Jour J \u00e0 l&rsquo;Assembl\u00e9e nationale Vote crucial pour les d\u00e9put\u00e9s ce mardi sur le budget de la S\u00e9curit\u00e9&hellip;\n","protected":false},"author":2,"featured_media":588192,"comment_status":"","ping_status":"","sticky":false,"template":"","format":"standard","meta":{"footnotes":""},"categories":[2],"tags":[11,1011,27,1227,12,25],"class_list":{"0":"post-588191","1":"post","2":"type-post","3":"status-publish","4":"format-standard","5":"has-post-thumbnail","7":"category-actualites","8":"tag-actualites","9":"tag-fr","10":"tag-france","11":"tag-horizontal","12":"tag-news","13":"tag-republique-francaise"},"share_on_mastodon":{"url":"https:\/\/pubeurope.com\/@fr\/115688850314260449","error":""},"_links":{"self":[{"href":"https:\/\/www.europesays.com\/fr\/wp-json\/wp\/v2\/posts\/588191","targetHints":{"allow":["GET"]}}],"collection":[{"href":"https:\/\/www.europesays.com\/fr\/wp-json\/wp\/v2\/posts"}],"about":[{"href":"https:\/\/www.europesays.com\/fr\/wp-json\/wp\/v2\/types\/post"}],"author":[{"embeddable":true,"href":"https:\/\/www.europesays.com\/fr\/wp-json\/wp\/v2\/users\/2"}],"replies":[{"embeddable":true,"href":"https:\/\/www.europesays.com\/fr\/wp-json\/wp\/v2\/comments?post=588191"}],"version-history":[{"count":0,"href":"https:\/\/www.europesays.com\/fr\/wp-json\/wp\/v2\/posts\/588191\/revisions"}],"wp:featuredmedia":[{"embeddable":true,"href":"https:\/\/www.europesays.com\/fr\/wp-json\/wp\/v2\/media\/588192"}],"wp:attachment":[{"href":"https:\/\/www.europesays.com\/fr\/wp-json\/wp\/v2\/media?parent=588191"}],"wp:term":[{"taxonomy":"category","embeddable":true,"href":"https:\/\/www.europesays.com\/fr\/wp-json\/wp\/v2\/categories?post=588191"},{"taxonomy":"post_tag","embeddable":true,"href":"https:\/\/www.europesays.com\/fr\/wp-json\/wp\/v2\/tags?post=588191"}],"curies":[{"name":"wp","href":"https:\/\/api.w.org\/{rel}","templated":true}]}}