{"id":588197,"date":"2025-12-09T09:17:12","date_gmt":"2025-12-09T09:17:12","guid":{"rendered":"https:\/\/www.europesays.com\/fr\/588197\/"},"modified":"2025-12-09T09:17:12","modified_gmt":"2025-12-09T09:17:12","slug":"rory-mcilroy-plaide-pour-un-changement-de-date-de-laustralian-open","status":"publish","type":"post","link":"https:\/\/www.europesays.com\/fr\/588197\/","title":{"rendered":"Rory McIlroy plaide pour un changement de date de l\u2019Australian Open"},"content":{"rendered":"<p>\t\t\t\t\t\t<img width=\"770\" height=\"556\" src=\"https:\/\/www.europesays.com\/fr\/wp-content\/uploads\/2025\/12\/afp__20251206__2250415918__v2__highres__crownaustralianopen2025dayfour-770x556.jpg\" class=\"img-responsive wp-post-image\" alt=\"\" decoding=\"async\" fetchpriority=\"high\"  \/>\t\t\t\t\t<\/p>\n<p>\t\t\t\t\t\t Partager cet article <\/p>\n<p class=\"screen-reader-text juiz_sps_maybe_hidden_text\">Partager la publication \u00ab\u00a0Rory McIlroy plaide pour un changement de date de l\u2019Australian Open\u00a0\u00bb<\/p>\n<p><strong>Rory McIlroy appelle les organisateurs \u00e0 reprogrammer l\u2019Australian Open pour permettre \u00e0 davantage de joueurs de participer, soulignant les contraintes du calendrier mondial du golf.<\/strong><\/p>\n<p><strong>N.C.<\/strong><\/p>\n<p><strong>Rory McIlroy<\/strong> a profit\u00e9 de sa participation au <strong>Crown Australian Open<\/strong> pour lancer un appel aux organisateurs du tournoi : revoir la date de l\u2019\u00e9v\u00e9nement afin de donner plus de chances aux joueurs d\u2019y prendre part.<\/p>\n<p>Le Nord-Irlandais, t\u00eate d\u2019affiche sur le parcours de <strong>Royal Melbourne<\/strong>, a termin\u00e9 \u00e0 la 14e place ex aequo, <a href=\"https:\/\/www.golfplanete.com\/actualites\/rasmus-neergaard-petersen-simpose-devant-un-cameron-smith-retrouve\/\" target=\"_blank\" rel=\"noopener\">\u00e0 huit coups du vainqueur Rasmus Neergaard-Petersen<\/a>. Malgr\u00e9 cette performance correcte, <strong>McIlroy<\/strong> a mis en avant une probl\u00e9matique structurelle qui limite la participation : la co\u00efncidence avec d\u2019autres grands rendez-vous du calendrier international. Le tournoi se jouait en m\u00eame temps que le <strong>Nedbank Golf Challenge<\/strong> en Afrique du Sud (\u00e9galement pour le <strong>DP World Tour<\/strong>) et le <strong>Hero World Challenge<\/strong> (\u00e9preuve non officielle du <strong>PGA Tour<\/strong>).<\/p>\n<p>\u00ab Je suis ravi de revenir ici, cela faisait plus de dix ans que je n\u2019avais pas jou\u00e9 l\u2019Australian Open, a rappel\u00e9 le quintuple vainqueur en Majeur apr\u00e8s un dernier tour en 69 (-2). C\u2019est un tournoi de golf qui a \u00e9norm\u00e9ment de potentiel, et je pense qu\u2019il l\u2019a montr\u00e9 un peu cette semaine. Il reste encore du chemin \u00e0 parcourir. \u00bb<\/p>\n<blockquote><p>&#13;<br \/>\nIl faut que des conversations aient lieu avec des personnes beaucoup plus importantes que moi&#13;\n<\/p><\/blockquote>\n<p>L\u2019ancien num\u00e9ro un mondial a insist\u00e9 sur la n\u00e9cessit\u00e9 de revoir la programmation afin de rendre le tournoi accessible \u00e0 un plus grand nombre de joueurs : \u00ab J\u2019adorerais que davantage de joueurs viennent ici. Mais c\u2019est difficile. Il y a trois tournois qui se d\u00e9roulent en m\u00eame temps cette semaine. Il faut que des conversations aient lieu avec des personnes beaucoup plus importantes que moi, celles qui \u00e9tablissent les calendriers et s\u2019occupent de tout \u00e7a. \u00bb<\/p>\n<p>McIlroy conclut son propos avec un espoir pour l\u2019avenir : \u00ab J\u2019esp\u00e8re que l\u2019Australian Open pourra trouver une date qui convienne \u00e0 tout le monde, et que chacun pourra au moins avoir l\u2019option de venir jouer. \u00bb<\/p>\n<blockquote data-service=\"instagram\" data-category=\"marketing\" data-placeholder-image=\"https:\/\/www.golfplanete.com\/wp-content\/plugins\/complianz-gdpr-premium\/assets\/images\/placeholders\/instagram-minimal.jpg\" class=\"cmplz-placeholder-element instagram-media\" style=\"background: #FFF; border: 0; border-radius: 3px; box-shadow: 0 0 1px 0 rgba(0,0,0,0.5),0 1px 10px 0 rgba(0,0,0,0.15); margin: 1px; max-width: 540px; min-width: 326px; padding: 0; width: calc(100% - 2px);\" data-instgrm-captioned=\"\" data-instgrm-permalink=\"https:\/\/www.instagram.com\/p\/DR8QtjRElpJ\/?utm_source=ig_embed&amp;utm_campaign=loading\" data-instgrm-version=\"14\"><p>&#13;<br \/>\n&#13;\n<\/p><\/blockquote>\n<p>Des vacances bien m\u00e9rit\u00e9es<\/p>\n<p>En marge de ce plaidoyer, l\u2019<strong>Australian Open<\/strong> a marqu\u00e9 la fin d\u2019une saison historique pour <strong>McIlroy<\/strong>, qui a compl\u00e9t\u00e9 le Grand Chelem de carri\u00e8re en avril apr\u00e8s sa victoire au <strong>Masters<\/strong>. Le golfeur de 36 ans s\u2019appr\u00eate d\u00e9sormais \u00e0 profiter d\u2019une pause bien m\u00e9rit\u00e9e avant son retour sur les fairways au <strong>Dubai Invitational<\/strong> en janvier.<\/p>\n<p>\u00ab Je suis impatient de prendre un peu de repos, a confi\u00e9 le p\u00e8re de famille. J\u2019ai eu un programme assez charg\u00e9 apr\u00e8s l\u2019\u00e9t\u00e9, avec l\u2019Open d\u2019Irlande, puis la Ryder Cup, et ensuite j\u2019ai beaucoup voyag\u00e9 ces derniers mois. Je suis impatient d\u2019avoir un peu de temps libre, de r\u00e9fl\u00e9chir \u00e0 tout \u00e7a, peut-\u00eatre regarder quelques tournois en replay. Je ne me suis pas vraiment permis de le faire jusqu\u2019\u00e0 pr\u00e9sent. \u00bb<\/p>\n<p>Pour finir, le champion nord-irlandais se projette d\u00e9j\u00e0 vers les f\u00eates de fin d\u2019ann\u00e9e : \u00ab H\u00e2te de profiter de la pause de No\u00ebl, de mettre les pieds en \u00e9ventail, boire quelques verres de vin et repenser \u00e0 une ann\u00e9e incroyable. \u00bb<\/p>\n<p>\u00a0<\/p>\n<p>\u00a0<\/p>\n<p>\u00a9GRAHAM DENHOLM \/ GETTY IMAGES ASIAPAC \/ GETTY IMAGES VIA AFP<\/p>\n<p>\t\t\t<script async src=\"\/\/www.instagram.com\/embed.js\"><\/script><\/p>\n","protected":false},"excerpt":{"rendered":"Partager cet article Partager la publication \u00ab\u00a0Rory McIlroy plaide pour un changement de date de l\u2019Australian Open\u00a0\u00bb Rory&hellip;\n","protected":false},"author":2,"featured_media":588198,"comment_status":"","ping_status":"","sticky":false,"template":"","format":"standard","meta":{"footnotes":""},"categories":[1418],"tags":[1011,27,1472,60],"class_list":{"0":"post-588197","1":"post","2":"type-post","3":"status-publish","4":"format-standard","5":"has-post-thumbnail","7":"category-golf","8":"tag-fr","9":"tag-france","10":"tag-golf","11":"tag-sports"},"share_on_mastodon":{"url":"https:\/\/pubeurope.com\/@fr\/115688862851911965","error":""},"_links":{"self":[{"href":"https:\/\/www.europesays.com\/fr\/wp-json\/wp\/v2\/posts\/588197","targetHints":{"allow":["GET"]}}],"collection":[{"href":"https:\/\/www.europesays.com\/fr\/wp-json\/wp\/v2\/posts"}],"about":[{"href":"https:\/\/www.europesays.com\/fr\/wp-json\/wp\/v2\/types\/post"}],"author":[{"embeddable":true,"href":"https:\/\/www.europesays.com\/fr\/wp-json\/wp\/v2\/users\/2"}],"replies":[{"embeddable":true,"href":"https:\/\/www.europesays.com\/fr\/wp-json\/wp\/v2\/comments?post=588197"}],"version-history":[{"count":0,"href":"https:\/\/www.europesays.com\/fr\/wp-json\/wp\/v2\/posts\/588197\/revisions"}],"wp:featuredmedia":[{"embeddable":true,"href":"https:\/\/www.europesays.com\/fr\/wp-json\/wp\/v2\/media\/588198"}],"wp:attachment":[{"href":"https:\/\/www.europesays.com\/fr\/wp-json\/wp\/v2\/media?parent=588197"}],"wp:term":[{"taxonomy":"category","embeddable":true,"href":"https:\/\/www.europesays.com\/fr\/wp-json\/wp\/v2\/categories?post=588197"},{"taxonomy":"post_tag","embeddable":true,"href":"https:\/\/www.europesays.com\/fr\/wp-json\/wp\/v2\/tags?post=588197"}],"curies":[{"name":"wp","href":"https:\/\/api.w.org\/{rel}","templated":true}]}}