{"id":588209,"date":"2025-12-09T09:27:15","date_gmt":"2025-12-09T09:27:15","guid":{"rendered":"https:\/\/www.europesays.com\/fr\/588209\/"},"modified":"2025-12-09T09:27:15","modified_gmt":"2025-12-09T09:27:15","slug":"lenigme-velazquez-une-plongee-fascinante-dans-loeuvre-dun-genie-de-la-peinture","status":"publish","type":"post","link":"https:\/\/www.europesays.com\/fr\/588209\/","title":{"rendered":"\u00ab\u00a0L&rsquo;\u00e9nigme Vel\u00e1zquez\u00a0\u00bb, une plong\u00e9e fascinante dans l&rsquo;\u0153uvre d&rsquo;un g\u00e9nie de la peinture"},"content":{"rendered":"<p>Producteur depuis plus de quarante ans, St\u00e9phane Sorlat passe pour la premi\u00e8re fois derri\u00e8re la cam\u00e9ra avec le film documentaire \u00ab\u00a0L&rsquo;\u00e9nigme Vel\u00e1zquez\u00a0\u00bb: un voyage cin\u00e9matographique autour de l&rsquo;\u0153uvre et de l&rsquo;influence artistique de Diego Vel\u00e1zquez, portraitiste atypique des nobles et des humbles.\u00a0<\/p>\n<p>Troisi\u00e8me volet d&rsquo;une trilogie sur les grands ma\u00eetres du Mus\u00e9e du Prado de Madrid apr\u00e8s \u00ab\u00a0Le myst\u00e8re J\u00e9r\u00f4me Bosch\u00a0\u00bb et \u00ab\u00a0L&rsquo;ombre de Goya\u00a0\u00bb, \u00ab\u00a0L&rsquo;\u00e9nigme Vel\u00e1zquez\u00a0\u00bb cherche \u00e0 comprendre pourquoi Diego Vel\u00e1zquez (1599-1660) est consid\u00e9r\u00e9 par de nombreux artistes comme le plus grand peintre de l&rsquo;histoire, sans pour autant jouir de la m\u00eame reconnaissance aupr\u00e8s du grand public.<\/p>\n<p>Initialement, les films sur Bosch, puis sur Goya sont une semi-commande du Mus\u00e9e du Prado, \u00e0 Madrid, produits par St\u00e9phane Sorlat, et r\u00e9alis\u00e9s par Jos\u00e9 Luis L\u00f3pez-Linares. Face au succ\u00e8s en salle de ces deux premiers volets cin\u00e9matographique, St\u00e9phane Sorlat d\u00e9cide de se pencher sur un autre grand peintre expos\u00e9 au Prado: Vel\u00e1zquez.<\/p>\n<p>Mais le r\u00e9alisateur espagnol des deux premiers films n&rsquo;est pas disponible pour le tourner. Ce dernier encourage alors le producteur \u00e0 passer derri\u00e8re la cam\u00e9ra. \u00ab\u00a0Si cela avait \u00e9t\u00e9 de la fiction, je ne l&rsquo;aurais pas fait.\u00a0Mais l\u00e0, (&#8230;) j&rsquo;ai dit que j&rsquo;allais essayer'\u00a0\u00bb, raconte St\u00e9phane Sorlat dans l&rsquo;\u00e9mission Vertigo du 3 d\u00e9cembre.<\/p>\n<p>Contenu externe<\/p>\n<p> Ce contenu externe ne peut pas \u00eatre affich\u00e9 car il est susceptible de collecter des donn\u00e9es personnelles. Pour voir ce contenu vous devez autoriser la cat\u00e9gorie <strong>R\u00e9seaux sociaux<\/strong>. <\/p>\n<p> Accepter Plus d&rsquo;info <\/p>\n<p>    D\u00e9voiler le g\u00e9nie de Vel\u00e1zquez<\/p>\n<p>D\u00e8s les premi\u00e8res minutes, \u00ab\u00a0L&rsquo;\u00e9nigme Vel\u00e1zquez\u00a0\u00bb offre une plong\u00e9e au coeur m\u00eame des toiles du peintre espagnol. \u00c0 travers des analyses d&rsquo;\u0153uvres majeures comme \u00ab\u00a0Les M\u00e9nines\u00a0\u00bb ou \u00ab\u00a0La V\u00e9nus au miroir\u00a0\u00bb, le film met en lumi\u00e8re la modernit\u00e9 stup\u00e9fiante de Vel\u00e1zquez. Peintre officiel \u00e0 la cour d&rsquo;Espagne, il s&rsquo;affranchit progressivement des conventions pour d\u00e9velopper un style unique, jouant avec les regards, les reflets et la mise en ab\u00eeme.<\/p>\n<blockquote class=\"rts-quote quote\">\n<p class=\"q-text\">Les tableaux de Vel\u00e1zquez sont \u00e9nigmatiques.<\/p>\n<p>  St\u00e9phane Sorlat <\/p><\/blockquote>\n<p>Le r\u00e9alisateur a choisi de m\u00ealer les points de vue d&rsquo;artistes contemporains (Julian Schnabel, Cristobal\u00a0Del Puey) et les t\u00e9moignages de grands ma\u00eetres (Picasso, Dali, Bacon) pour \u00e9clairer le g\u00e9nie de Vel\u00e1zquez.<\/p>\n<p>La musique, omnipr\u00e9sente, participe \u00e0 cr\u00e9er une ambiance immersive qui plonge le spectateur au c\u0153ur des tableaux. \u00ab\u00a0Le cin\u00e9ma est l\u00e0 pour vous faire comprendre des choses ou pour provoquer des sensations.\u00a0J&rsquo;ai essay\u00e9 de m\u00e9langer tous les genres, et c&rsquo;est aussi pour cela que la musique est tellement importante dans mon film, parce que je veux que le spectateur ressente des choses\u00a0\u00bb, souligne-t-il.<\/p>\n<p> &gt;&gt; A \u00e9couter, l&rsquo;interview de St\u00e9phane Sorlat dans l&rsquo;\u00e9mission Vertigo\u00a0:    L\u02b9invit\u00e9\u00a0: St\u00e9phane Sorlat \u00ab\u00a0L&rsquo;\u00e9nigme Vel\u00e1zquez\u00a0\u00bb \/ Vertigo \/ 20 min. \/ mercredi \u00e0 17:06 Un peintre d&rsquo;une grande modernit\u00e9<\/p>\n<p>St\u00e9phane Sorlat souligne \u00e9galement dans son film la fa\u00e7on extr\u00eamement moderne dont Vel\u00e1zquez redonne leur dignit\u00e9 aux marginaux de la soci\u00e9t\u00e9 (nains, bossus, esclaves) en les repr\u00e9sentant avec humanit\u00e9. \u00ab\u00a0Il va affranchir son propre esclave, qui va devenir son bras droit, (&#8230;) et il va faire un tableau prodigieux de cet homme, qui est au Metropolitan Museum \u00e0 New York.\u00a0C&rsquo;est l&rsquo;un des premiers \u00e0 montrer un personnage de couleur sur un tableau qui ne soit pas un esclave\u00a0\u00bb, indique le r\u00e9alisateur.<\/p>\n<p>Loin d&rsquo;un documentaire didactique, \u00ab\u00a0L&rsquo;\u00e9nigme Vel\u00e1zquez\u00a0\u00bb privil\u00e9gie une approche sensorielle et po\u00e9tique. L&rsquo;eau, fil conducteur du film, symbolise la transmission entre les artistes \u00e0 travers les \u00e9poques. Avec ce premier film, St\u00e9phane Sorlat r\u00e9ussit le pari de faire ressentir au spectateur la puissance de l&rsquo;\u0153uvre de Vel\u00e1zquez, tout en \u00e9clairant sa place unique dans l&rsquo;histoire de l&rsquo;art.<\/p>\n<p class=\"sources\">Propos recueillis par Anne Laure Gannac<\/p>\n<p class=\"credit\">Adaptation web: ld<\/p>\n<p class=\"article-footnote\">\u00ab\u00a0L&rsquo;\u00e9nigme Vel\u00e1zquez\u00a0\u00bb de St\u00e9phane Sorlat. A voir au cin\u00e9ma depuis le 3 d\u00e9cembre.<\/p>\n","protected":false},"excerpt":{"rendered":"Producteur depuis plus de quarante ans, St\u00e9phane Sorlat passe pour la premi\u00e8re fois derri\u00e8re la cam\u00e9ra avec le&hellip;\n","protected":false},"author":2,"featured_media":588210,"comment_status":"","ping_status":"","sticky":false,"template":"","format":"standard","meta":{"footnotes":""},"categories":[1358],"tags":[2593,1348,1384,1385,1693,2502,39826,650,251,1386,70148,58,59,2081,32157,1011,27,17258,1585,4233,70149,1969],"class_list":{"0":"post-588209","1":"post","2":"type-post","3":"status-publish","4":"format-standard","5":"has-post-thumbnail","7":"category-arts-et-design","8":"tag-artiste","9":"tag-arts","10":"tag-arts-and-design","11":"tag-arts-et-design","12":"tag-arts-et-divertissement","13":"tag-arts-visuels","14":"tag-camera","15":"tag-cinema","16":"tag-culture","17":"tag-design","18":"tag-diego-velazquez","19":"tag-divertissement","20":"tag-entertainment","21":"tag-film","22":"tag-film-documentaire","23":"tag-fr","24":"tag-france","25":"tag-peintre","26":"tag-peinture","27":"tag-realisateur","28":"tag-stephane-sorlat","29":"tag-style"},"share_on_mastodon":{"url":"https:\/\/pubeurope.com\/@fr\/115688901343717075","error":""},"_links":{"self":[{"href":"https:\/\/www.europesays.com\/fr\/wp-json\/wp\/v2\/posts\/588209","targetHints":{"allow":["GET"]}}],"collection":[{"href":"https:\/\/www.europesays.com\/fr\/wp-json\/wp\/v2\/posts"}],"about":[{"href":"https:\/\/www.europesays.com\/fr\/wp-json\/wp\/v2\/types\/post"}],"author":[{"embeddable":true,"href":"https:\/\/www.europesays.com\/fr\/wp-json\/wp\/v2\/users\/2"}],"replies":[{"embeddable":true,"href":"https:\/\/www.europesays.com\/fr\/wp-json\/wp\/v2\/comments?post=588209"}],"version-history":[{"count":0,"href":"https:\/\/www.europesays.com\/fr\/wp-json\/wp\/v2\/posts\/588209\/revisions"}],"wp:featuredmedia":[{"embeddable":true,"href":"https:\/\/www.europesays.com\/fr\/wp-json\/wp\/v2\/media\/588210"}],"wp:attachment":[{"href":"https:\/\/www.europesays.com\/fr\/wp-json\/wp\/v2\/media?parent=588209"}],"wp:term":[{"taxonomy":"category","embeddable":true,"href":"https:\/\/www.europesays.com\/fr\/wp-json\/wp\/v2\/categories?post=588209"},{"taxonomy":"post_tag","embeddable":true,"href":"https:\/\/www.europesays.com\/fr\/wp-json\/wp\/v2\/tags?post=588209"}],"curies":[{"name":"wp","href":"https:\/\/api.w.org\/{rel}","templated":true}]}}