{"id":58821,"date":"2025-04-28T08:42:09","date_gmt":"2025-04-28T08:42:09","guid":{"rendered":"https:\/\/www.europesays.com\/fr\/58821\/"},"modified":"2025-04-28T08:42:09","modified_gmt":"2025-04-28T08:42:09","slug":"rugby-pro-d2-points-top-10-et-marqueur-dessais-les-derniers-enjeux-du-vrdr-apres-le-maintien-le-dauphine-libere","status":"publish","type":"post","link":"https:\/\/www.europesays.com\/fr\/58821\/","title":{"rendered":"Rugby &#8211; Pro D2. Points, top 10 et marqueur d\u2019essais : les derniers enjeux du VRDR apr\u00e8s le maintien &#8211; Le Dauphin\u00e9 Lib\u00e9r\u00e9"},"content":{"rendered":"<ol>\n<li><a href=\"https:\/\/news.google.com\/rss\/articles\/CBMiwgFBVV95cUxOVFdESzBLM01WME5zTWZObGhwWE1obWZ6NTUxRGY3akN3ZzVUd0tOQjNqcmYwVVAxb1h1UGZFdXhRWjdpVVZqb0NRV3pHaGRlQ3cycXp5WXRFcDllSFI4YXRETy0zUmFGMWwtUFFDVzlCenhKZGl5clRKNGo0V1JNc0FETzhBWGVaVGFsX0QxRF9vS3o4VGVDSDRRUEFwa284TDVZbzMtZ3BNNnhyVWVpUlZDNmJQYUE3c1Y0d3JOZmlZQQ?oc=5\" target=\"_blank\" rel=\"noopener\">Rugby &#8211; Pro D2. Points, top 10 et marqueur d\u2019essais : les derniers enjeux du VRDR apr\u00e8s le maintien<\/a>&nbsp;&nbsp;Le Dauphin\u00e9 Lib\u00e9r\u00e9<\/li>\n<li><a href=\"https:\/\/news.google.com\/rss\/articles\/CBMiwwFBVV95cUxNX044TXNvQ3hUOGs2VlZDeWFBTUNka183MWQxWlVTZlJPZE9INE9uSGpDM0swS2ZMNnZFYmNGcXJwOTNjS3dhbWdDTEtQQ3ZYUnhDeXFBSmVsX2pjZktQRVZZcjZaZ3FuMTRPc2VqVG1HbGhURmYzMnk0dk5WQXJ0QTAtRHhzRHBEbjVSQ0pwdUNEMHlGdmFPeHRkZ0l5MEEwZXdZVDU1WGhja2hzb0ZYR2RpR0MyZUhtM1J2aUpucVZrYVE?oc=5\" target=\"_blank\" rel=\"noopener\">Pro D2 \u2013 L\u2019\u00e9toile de la semaine : Adam Vargas (Valence-Romans), un tripl\u00e9 pour f\u00eater le maintien<\/a>&nbsp;&nbsp;Rugbyrama<\/li>\n<li><a href=\"https:\/\/news.google.com\/rss\/articles\/CBMiuwFBVV95cUxNQkpVNlJBT2l4enhKTnUxbDhldXY1bnRUeHRBamJ0cEJINnhGRzlMOUdkcXpPb0VKZTQxdDEtRF83a192OEVJLWN3UmY4U3BRZzR3bjJVZi1qOHN6R0ViZ21HTngyVklKQTltOXQ2LWktQlFBSm5sLTdFenlOSk9YcGdrSEQ5ZUpiNFdKU2ZoVC1HcXdwYVVVOGhyN08yeGFCQnphWHlYclFEXzE4b3JHMGNrWExTS0FmV3NR?oc=5\" target=\"_blank\" rel=\"noopener\">Rugby &#8211; Pro D2. Nice, Provence et Dax : les matches cl\u00e9s du maintien du VRDR<\/a>&nbsp;&nbsp;Le Dauphin\u00e9 Lib\u00e9r\u00e9<\/li>\n<li><a href=\"https:\/\/news.google.com\/rss\/articles\/CBMi2AFBVV95cUxNNldGMFN5LWJpTU05RVVrTXJHUFpsWmtKRjhaejNEZTVZcklfLW90M3pRUkV1aXZBT3BPZWVSMVFEcHcyWG5RZVlTRFlqNHFubVI2ZjRvMmN2ZkZEYXp1c19aSHE3S0ZaSmdTRUVwUjlWTFU2ZkZTX0JmajJUTGNCMkdxRVRNbHdPSWxTdnZzV0NNOHZxZFhWaGtLRjlhNUd3eVN5Ml9oTW1TYkhpelRVbWx6OEpQVC1PTk1DMGZ2cUpCeWktNk51bm1yQk9WdVlNZ3d4VVRtRFQ?oc=5\" target=\"_blank\" rel=\"noopener\">L&rsquo;USON Nevers est maintenue en Pro D2 mais la d\u00e9faite \u00e0 Valence Romans laisse un go\u00fbt amer<\/a>&nbsp;&nbsp;Le Journal du Centre<\/li>\n<li><a href=\"https:\/\/news.google.com\/rss\/articles\/CBMivwFBVV95cUxNVndrcDNDbjAxYkdvdTMtUGhmOFdZTDVGVThsXzR4OWJ0WjNfQlBLQ3NVdHBwQXExcER0Vl92b2tQeExrX3MxUXJvVTlpSFYxVDB0VlBxOWI4OVB2RUQtTmJkNHowbXJDdEtNWTVQVGpTVXllX2RidE1XOU4yR2lSWHNpY3RQcklLTi15eE1hYXZoMkN5LXRMQ2hvcHhBODctTkx6bjBrTFE2N1U1eGFOc3p3Vm5FZkhnX1NsaXlmcw?oc=5\" target=\"_blank\" rel=\"noopener\">Pro D2 : le VRDR \u00e9crase Nevers 69 \u00e0 21 et valide officiellement son maintien !<\/a>&nbsp;&nbsp;francebleu.fr<\/li>\n<\/ol>\n","protected":false},"excerpt":{"rendered":"Rugby &#8211; Pro D2. Points, top 10 et marqueur d\u2019essais : les derniers enjeux du VRDR apr\u00e8s le&hellip;\n","protected":false},"author":2,"featured_media":58822,"comment_status":"","ping_status":"","sticky":false,"template":"","format":"standard","meta":{"footnotes":""},"categories":[1416],"tags":[2730,2737,2735,1701,1011,27,2308,1479,2736,479,1468,517,1947,60,2733,2734,2728],"class_list":{"0":"post-58821","1":"post","2":"type-post","3":"status-publish","4":"format-standard","5":"has-post-thumbnail","7":"category-rugby","8":"tag-drome","9":"tag-edition-romans-nord-drome","10":"tag-edition-valence-rhone-crussol-vallee-de-la-drome","11":"tag-fil-info-sport","12":"tag-fr","13":"tag-france","14":"tag-pro-d2","15":"tag-romans","16":"tag-romans-sur-isere","17":"tag-rugby","18":"tag-rugby-football","19":"tag-sport","20":"tag-sport-national","21":"tag-sports","22":"tag-valence","23":"tag-valence-bassin","24":"tag-vrdr-valence-romans-drome-rugby"},"share_on_mastodon":{"url":"https:\/\/pubeurope.com\/@fr\/114414704660603229","error":""},"_links":{"self":[{"href":"https:\/\/www.europesays.com\/fr\/wp-json\/wp\/v2\/posts\/58821","targetHints":{"allow":["GET"]}}],"collection":[{"href":"https:\/\/www.europesays.com\/fr\/wp-json\/wp\/v2\/posts"}],"about":[{"href":"https:\/\/www.europesays.com\/fr\/wp-json\/wp\/v2\/types\/post"}],"author":[{"embeddable":true,"href":"https:\/\/www.europesays.com\/fr\/wp-json\/wp\/v2\/users\/2"}],"replies":[{"embeddable":true,"href":"https:\/\/www.europesays.com\/fr\/wp-json\/wp\/v2\/comments?post=58821"}],"version-history":[{"count":0,"href":"https:\/\/www.europesays.com\/fr\/wp-json\/wp\/v2\/posts\/58821\/revisions"}],"wp:featuredmedia":[{"embeddable":true,"href":"https:\/\/www.europesays.com\/fr\/wp-json\/wp\/v2\/media\/58822"}],"wp:attachment":[{"href":"https:\/\/www.europesays.com\/fr\/wp-json\/wp\/v2\/media?parent=58821"}],"wp:term":[{"taxonomy":"category","embeddable":true,"href":"https:\/\/www.europesays.com\/fr\/wp-json\/wp\/v2\/categories?post=58821"},{"taxonomy":"post_tag","embeddable":true,"href":"https:\/\/www.europesays.com\/fr\/wp-json\/wp\/v2\/tags?post=58821"}],"curies":[{"name":"wp","href":"https:\/\/api.w.org\/{rel}","templated":true}]}}