{"id":588223,"date":"2025-12-09T09:35:13","date_gmt":"2025-12-09T09:35:13","guid":{"rendered":"https:\/\/www.europesays.com\/fr\/588223\/"},"modified":"2025-12-09T09:35:13","modified_gmt":"2025-12-09T09:35:13","slug":"ikea-dit-adieu-aux-chemins-de-table-son-alternative-lumineuse","status":"publish","type":"post","link":"https:\/\/www.europesays.com\/fr\/588223\/","title":{"rendered":"IKEA dit adieu aux chemins de table : son alternative lumineuse"},"content":{"rendered":"<p class=\"p1\">\u00c0 l\u2019approche des f\u00eates, on imagine d\u00e9j\u00e0 la table<br \/>\nfamiliale dress\u00e9e, les assiettes qui s\u2019alignent, les centres de<br \/>\ntable d\u00e9cor\u00e9s\u2026 mais et si la <strong>star de l\u2019ambiance<\/strong><br \/>\nn\u2019\u00e9tait pas seulement la vaisselle ou le <a href=\"https:\/\/www.lejournaldelamaison.fr\/le-journal-de-la-maison\/noel\/decoration-de-table-noel\/chemin-table-action-deux-designs-option-parfaite-fetes-501260.html\" target=\"_blank\" rel=\"noopener\">chemin de table traditionnel<\/a> ?<br \/>\nIKEA, l\u2019enseigne tr\u00e8s appr\u00e9ci\u00e9e des Fran\u00e7ais, a r\u00e9cemment lev\u00e9 le<br \/>\nvoile sur une toute nouvelle r\u00e9f\u00e9rence de luminaire. Il s\u2019agit<br \/>\nd\u00a0\u00bbune guirlande bien pr\u00e9cise qui promet de <strong>r\u00e9volutionner la<br \/>\nd\u00e9coration de nos tables de f\u00eate<\/strong> et d\u2019apporter une touche<br \/>\nd\u2019\u00e9clat inattendue. Gros plan.<\/p>\n<p>Cette alternative lumineuse sign\u00e9e IKEA est parfaite<br \/>\npour sublimer vos tables de No\u00ebl<\/p>\n<p class=\"p1\">Cette ann\u00e9e, la marque su\u00e9doise mise tout sur<br \/>\n<strong>l\u2019\u00e9clairage<\/strong>. Avec sa <strong>guirlande<br \/>\nSTR\u00c5LA<\/strong>, IKEA propose une alternative \u00e9l\u00e9gante et pleine de<br \/>\ncharme au traditionnel chemin de table. Fonctionnant \u00e0 piles, cette<br \/>\nguirlande lumineuse se compose de 10 ampoules LED imitant<br \/>\n<strong>l\u2019effet d\u2019un feu de Bengale<\/strong>.<\/p>\n<p class=\"p1\">D\u00e9pos\u00e9e au centre de la table, gliss\u00e9e entre les<br \/>\nassiettes ou enroul\u00e9e autour d\u2019une composition florale, elle cr\u00e9e<br \/>\nun <strong>rendu f\u00e9\u00e9rique<\/strong> sans en faire trop. La <a href=\"https:\/\/www.lejournaldelamaison.fr\/le-journal-de-la-maison\/noel\/action-vient-deja-lancer-guirlande-lumineuse-pour-noel-voici-pourquoi-devriez-acheter-des-maintenant-520447.html\" target=\"_blank\" rel=\"noopener\">guirlande STR\u00c5LA<\/a> se distingue<br \/>\npar sa <strong>souplesse d\u2019utilisation<\/strong>. Sans fil<br \/>\n\u00e9lectrique visible, elle s\u2019adapte \u00e0 toutes les tables, qu\u2019elles<br \/>\nsoient rondes, carr\u00e9es ou rectangulaires. Vous pouvez \u00e9galement la<br \/>\nposer <strong>sur une simple \u00e9tag\u00e8re<\/strong>.<\/p>\n<blockquote class=\"instagram-media\" style=\"background: #ffffff;border: 0;margin: 1px;width: 100%;padding: 0;max-width: 500px;\" data-instgrm-permalink=\"https:\/\/www.instagram.com\/p\/DPgP55Xgrfh\/?img_index=1\" data-instgrm-version=\"14\"\/><p>\n\u00c0 quel prix pouvez-vous acheter cet accessoire de<br \/>\nNo\u00ebl disponible chez IKEA ?<\/p>\n<p class=\"p1\">Autre bonne nouvelle : cette guirlande lumineuse<br \/>\nSTR\u00c5LA est propos\u00e9e \u00e0 un prix tout doux de <strong>9,99 \u20ac<\/strong><br \/>\nseulement. Une somme modique pour un <strong>effet visuel<br \/>\nbluffant<\/strong>. Ce petit luminaire, \u00e0 la fois design et<br \/>\nfonctionnel, permet de relooker sa <a href=\"https:\/\/www.lejournaldelamaison.fr\/le-journal-de-la-maison\/nouveautes\/produits\/a-4e-cette-decoration-bm-a-suspendre-au-sapin-fait-de-lombre-aux-boules-de-noel-traditionnelles-524259.html\" target=\"_blank\" rel=\"noopener\">d\u00e9coration de f\u00eate<\/a> sans se<br \/>\nruiner.<\/p>\n<p class=\"p1\">Et gr\u00e2ce \u00e0 son <strong>alimentation par<br \/>\npiles<\/strong>, nul besoin de prise \u00e0 proximit\u00e9 : elle<br \/>\n<strong>s\u2019installe partout<\/strong>, sur la table, une \u00e9tag\u00e8re, une<br \/>\nconsole ou m\u00eame autour d\u2019une fen\u00eatre. Cet accessoire abordable fait<br \/>\ntoute la diff\u00e9rence lorsque l&rsquo;on souhaite cr\u00e9er une ambiance<br \/>\nconviviale sans exploser son budget.<\/p>\n<p><a href=\"https:\/\/www.europesays.com\/fr\/wp-content\/uploads\/2025\/12\/ikea-dit-adieu-aux-chemins-de-table-sa-nouvelle-alternative-lumineuse-a-9-e-sublime-les-tables-de-no.jpeg\"><br \/>\n<img loading=\"lazy\" decoding=\"async\" aria-describedby=\"caption-attachment-525288\" itemprop=\"thumbnailUrl\" class=\"size-full wp-image-525288 img-responsive pinit-here\" src=\"https:\/\/www.europesays.com\/fr\/wp-content\/uploads\/2025\/12\/ikea-dit-adieu-aux-chemins-de-table-sa-nouvelle-alternative-lumineuse-a-9-e-sublime-les-tables-de-no.jpeg\" alt=\"IKEA dit adieu aux chemins de table : sa nouvelle alternative lumineuse \u00e0 9 \u20ac sublime les tables de No\u00ebl et le r\u00e9sultat est magique\" width=\"900\" height=\"900\" data-pin-media=\"https:\/\/www.lejournaldelamaison.fr\/wp-content\/uploads\/sites\/8\/2025\/10\/ikea-dit-adieu-aux-chemins-de-table-sa-nouvelle-alternative-lumineuse-a-9-e-sublime-les-tables-de-noel-et-le-resultat-est-magique-736x736.jpg\"\/><\/a><br \/>\n\u00a9 IKEA<\/p>\n<p id=\"caption-attachment-525288\" class=\"wp-caption-text\">Guirlande<br \/>\nlumineuse, IKEA, <a href=\"https:\/\/www.ikea.com\/fr\/fr\/p\/strala-guirlande-lumineuse-led-10-ampoules-feu-de-bengale-a-pile-20606654\/\" target=\"_blank\" rel=\"nofollow noopener\">9,99\u20ac<\/a><\/p>\n<p>L\u2019enseigne IKEA d\u00e9voile petit \u00e0<br \/>\npetit sa collection de No\u00ebl<\/p>\n<p class=\"p1\">Et l&rsquo;<a href=\"https:\/\/www.lejournaldelamaison.fr\/le-journal-de-la-maison\/piece-par-piece\/cuisine-salle-a-manger-le-journal-de-la-maison\/ikea-rangement-japonais-12euros-cuisine-524999.html\" target=\"_blank\" rel=\"noopener\">enseigne IKEA<\/a> ne s\u2019arr\u00eate pas<br \/>\nl\u00e0. La gamme STR\u00c5LA est vaste. Depuis plusieurs semaines, la marque<br \/>\nsu\u00e9doise publie petit \u00e0 petit les objets d\u00e9coratifs qui sublimeront<br \/>\nvotre int\u00e9rieur \u00e0 la p\u00e9riode de No\u00ebl. Vous pouvez y retrouver<br \/>\nd\u2019autres luminaires sous forme de renne ou m\u00eame d\u2019\u00e9toile. Dans la<br \/>\nm\u00eame lign\u00e9e que la guirlande pr\u00e9sent\u00e9e pr\u00e9c\u00e9demment, ces produits<br \/>\nsont <strong>tous propos\u00e9s \u00e0 petit prix<\/strong>.<\/p>\n<p class=\"p1\">Deux autres gammes ont aussi \u00e9t\u00e9 imagin\u00e9es pour<br \/>\nrendre vos pi\u00e8ces encore plus jolies pour les f\u00eates de fin d\u2019ann\u00e9e.<br \/>\nLa premi\u00e8re, <strong>VINTERFINT<\/strong>, met \u00e0 l\u2019honneur les<br \/>\nd\u00e9corations traditionnelles de No\u00ebl. La seconde,<br \/>\n<strong>VINTERSAGA<\/strong>, s\u2019inspire davantage de la convivialit\u00e9<br \/>\ndes f\u00eates, avec des produits gourmands.<\/p>\n<p><script async src=\"\/\/www.instagram.com\/embed.js\"><\/script><\/p>\n","protected":false},"excerpt":{"rendered":"\u00c0 l\u2019approche des f\u00eates, on imagine d\u00e9j\u00e0 la table familiale dress\u00e9e, les assiettes qui s\u2019alignent, les centres de&hellip;\n","protected":false},"author":2,"featured_media":588224,"comment_status":"","ping_status":"","sticky":false,"template":"","format":"standard","meta":{"footnotes":""},"categories":[7],"tags":[5658,13041,35806,1007,31698,1805,3055,4397,2827,23544,3026,65614,1011,27,714,22502,70152,15830,2043,3837,10649,43,40,41,39,4611,42,44,7784],"class_list":{"0":"post-588223","1":"post","2":"type-post","3":"status-publish","4":"format-standard","5":"has-post-thumbnail","7":"category-sciences-et-technologies","8":"tag-5658","9":"tag-a","10":"tag-adieu","11":"tag-aux","12":"tag-chemins","13":"tag-de","14":"tag-decor","15":"tag-decoration","16":"tag-dit","17":"tag-e","18":"tag-en","19":"tag-feerique","20":"tag-fr","21":"tag-france","22":"tag-ikea","23":"tag-lumineuse","24":"tag-nimporte","25":"tag-noel","26":"tag-nouvelle","27":"tag-quelle","28":"tag-sa","29":"tag-science","30":"tag-science-and-technology","31":"tag-sciences","32":"tag-sciences-et-technologies","33":"tag-table","34":"tag-technologies","35":"tag-technology","36":"tag-transforme"},"share_on_mastodon":{"url":"https:\/\/pubeurope.com\/@fr\/115688933740155952","error":""},"_links":{"self":[{"href":"https:\/\/www.europesays.com\/fr\/wp-json\/wp\/v2\/posts\/588223","targetHints":{"allow":["GET"]}}],"collection":[{"href":"https:\/\/www.europesays.com\/fr\/wp-json\/wp\/v2\/posts"}],"about":[{"href":"https:\/\/www.europesays.com\/fr\/wp-json\/wp\/v2\/types\/post"}],"author":[{"embeddable":true,"href":"https:\/\/www.europesays.com\/fr\/wp-json\/wp\/v2\/users\/2"}],"replies":[{"embeddable":true,"href":"https:\/\/www.europesays.com\/fr\/wp-json\/wp\/v2\/comments?post=588223"}],"version-history":[{"count":0,"href":"https:\/\/www.europesays.com\/fr\/wp-json\/wp\/v2\/posts\/588223\/revisions"}],"wp:featuredmedia":[{"embeddable":true,"href":"https:\/\/www.europesays.com\/fr\/wp-json\/wp\/v2\/media\/588224"}],"wp:attachment":[{"href":"https:\/\/www.europesays.com\/fr\/wp-json\/wp\/v2\/media?parent=588223"}],"wp:term":[{"taxonomy":"category","embeddable":true,"href":"https:\/\/www.europesays.com\/fr\/wp-json\/wp\/v2\/categories?post=588223"},{"taxonomy":"post_tag","embeddable":true,"href":"https:\/\/www.europesays.com\/fr\/wp-json\/wp\/v2\/tags?post=588223"}],"curies":[{"name":"wp","href":"https:\/\/api.w.org\/{rel}","templated":true}]}}