{"id":588225,"date":"2025-12-09T09:36:16","date_gmt":"2025-12-09T09:36:16","guid":{"rendered":"https:\/\/www.europesays.com\/fr\/588225\/"},"modified":"2025-12-09T09:36:16","modified_gmt":"2025-12-09T09:36:16","slug":"nucleaire-renouvelables-surcapacite-ce-que-revele-le-dernier-bilan-previsionnel-de-rte-sur-lelectricite-en-france","status":"publish","type":"post","link":"https:\/\/www.europesays.com\/fr\/588225\/","title":{"rendered":"Nucl\u00e9aire, renouvelables \u00absurcapacit\u00e9\u00bb&#8230; Ce que r\u00e9v\u00e8le le dernier bilan pr\u00e9visionnel de RTE sur l\u2019\u00e9lectricit\u00e9 en France"},"content":{"rendered":"<p>\n    <strong>EXCLUSIF<\/strong> &#8211; Dans son dernier bilan pr\u00e9visionnel, le gestionnaire du r\u00e9seau de transport d\u2019\u00e9lectricit\u00e9 (RTE) pr\u00e9voit deux \u00e0 trois ann\u00e9es de surcapacit\u00e9s de production. De quoi tirer les prix vers le bas et favoriser les exportations. Mais si la situation actuelle se prolongeait, cela d\u00e9graderait le mod\u00e8le \u00e9conomique des producteurs.<\/p>\n<p class=\"fig-paragraph\">\u00abSouvenez-nous, il y a trois ans, nous nous demandions si nous aurions assez d\u2019\u00e9lectricit\u00e9 pour passer l\u2019hiver\u00bb, rappelle Xavier Piechaczyk, le pr\u00e9sident du directoire de R\u00e9seau de transport d\u2019\u00e9lectricit\u00e9 (RTE). Trente-six mois plus tard, le paysage a chang\u00e9. Les Europ\u00e9ens ont s\u00e9curis\u00e9 leurs approvisionnements en gaz et la production du parc nucl\u00e9aire d\u2019EDF est remont\u00e9e en fl\u00e8che, apr\u00e8s que\u00a0<a href=\"https:\/\/www.lefigaro.fr\/societes\/edf-rattrape-peu-a-peu-son-retard-pour-redemarrer-ses-centrales-nucleaires-20230116\" data-fig-type=\"Article\" data-gtm-custom-categorie=\"navigation\" data-gtm-custom-action=\"crossclick\" data-gtm-custom-label=\"Contextuel\" data-gtm-event=\"customEventSPE\" data-fig-domain=\"LEFIGARO\" target=\"_blank\" rel=\"noopener\">l\u2019\u00e9pisode de la corrosion sous contrainte<\/a>\u00a0l\u2019a faite plonger (en 2022). Le niveau de risque en cas de vague de froid hivernal n\u2019a jamais \u00e9t\u00e9 aussi faible.<\/p>\n<p class=\"fig-paragraph\">Aujourd\u2019hui, la France produit plus d\u2019\u00e9lectricit\u00e9 qu\u2019elle n\u2019en consomme, ce qui suscite une vol\u00e9e de critiques. Pour les uns, il faut arr\u00eater les renouvelables; pour les autres, ralentir les ambitions du pays dans le nucl\u00e9aire. Ces positions sont justifi\u00e9es par une consommation d\u2019\u00e9lectricit\u00e9 qui ne d\u00e9colle pas. Mais elles risquent d\u2019emp\u00eacher le pays de relever les d\u00e9fis qui l\u2019attendent dans les toutes prochaines ann\u00e9es. Dans son nouveau bilan pr\u00e9visionnel\u2026<\/p>\n<p class=\"fig-premium-paywall__infos\">\n        Cet article est r\u00e9serv\u00e9 aux abonn\u00e9s.        Il vous reste 83% \u00e0 d\u00e9couvrir.\n    <\/p>\n<p>                <img  data- alt=\"Le Figaro\" class=\"fig-img--complete fig-img\"\/><\/p>\n<p class=\"fig-premium-paywall__title\">Vente Flash<\/p>\n<p class=\"fig-premium-paywall__subtitle\">-50% sur l&rsquo;abonnement num\u00e9rique<\/p>\n<p class=\"fig-premium-paywall__connect\">\n                D\u00e9j\u00e0 abonn\u00e9\u00a0?                <a class=\"fig-premium-paywall__connect-link\" href=\"https:\/\/connect.lefigaro.fr\/login?client=horizon_web&amp;type=main&amp;redirect_uri=https%3A%2F%2Fwww.lefigaro.fr%2Fsocietes%2Fla-france-au-defi-de-reequilibrer-sa-production-d-electricite-20251209\" data-js-gtm=\"{&quot;customCategorie&quot;: &quot;conversion&quot;, &quot;customAction&quot;: &quot;before_Landing_Connexion_paywall_auto&quot;, &quot;customLabel&quot;: &quot;bGVmaWdhcm8uZnJfXzFmMGQ0NDViLWM3ODEtNjUwZS1iOGEzLTU3YmViOTg1NmU4YV9fTmV3c0ZsYXNo_Nucl\u00e9aire, renouvelables \u00absurcapacit\u00e9\u00bb... Ce que r\u00e9v\u00e8le le dernier bilan pr\u00e9visionnel de RTE sur l\u2019\u00e9lectricit\u00e9 en France_453&quot;, &quot;customIDSPE&quot;: &quot;bGVmaWdhcm8uZnJfXzFmMGQ0NDViLWM3ODEtNjUwZS1iOGEzLTU3YmViOTg1NmU4YV9fTmV3c0ZsYXNo&quot;, &quot;event&quot;: &quot;customEventSPE&quot;}\" target=\"_blank\" rel=\"noopener\"><br \/>\n                    Connectez-vous<br \/>\n                <\/a>\n            <\/p>\n","protected":false},"excerpt":{"rendered":"EXCLUSIF &#8211; Dans son dernier bilan pr\u00e9visionnel, le gestionnaire du r\u00e9seau de transport d\u2019\u00e9lectricit\u00e9 (RTE) pr\u00e9voit deux \u00e0&hellip;\n","protected":false},"author":2,"featured_media":588226,"comment_status":"","ping_status":"","sticky":false,"template":"","format":"standard","meta":{"footnotes":""},"categories":[6],"tags":[35,33,34,1647,579,1011,27,18387],"class_list":{"0":"post-588225","1":"post","2":"type-post","3":"status-publish","4":"format-standard","5":"has-post-thumbnail","7":"category-economie","8":"tag-business","9":"tag-economie","10":"tag-economy","11":"tag-edf","12":"tag-electricite","13":"tag-fr","14":"tag-france","15":"tag-rte"},"share_on_mastodon":{"url":"https:\/\/pubeurope.com\/@fr\/115688936811413738","error":""},"_links":{"self":[{"href":"https:\/\/www.europesays.com\/fr\/wp-json\/wp\/v2\/posts\/588225","targetHints":{"allow":["GET"]}}],"collection":[{"href":"https:\/\/www.europesays.com\/fr\/wp-json\/wp\/v2\/posts"}],"about":[{"href":"https:\/\/www.europesays.com\/fr\/wp-json\/wp\/v2\/types\/post"}],"author":[{"embeddable":true,"href":"https:\/\/www.europesays.com\/fr\/wp-json\/wp\/v2\/users\/2"}],"replies":[{"embeddable":true,"href":"https:\/\/www.europesays.com\/fr\/wp-json\/wp\/v2\/comments?post=588225"}],"version-history":[{"count":0,"href":"https:\/\/www.europesays.com\/fr\/wp-json\/wp\/v2\/posts\/588225\/revisions"}],"wp:featuredmedia":[{"embeddable":true,"href":"https:\/\/www.europesays.com\/fr\/wp-json\/wp\/v2\/media\/588226"}],"wp:attachment":[{"href":"https:\/\/www.europesays.com\/fr\/wp-json\/wp\/v2\/media?parent=588225"}],"wp:term":[{"taxonomy":"category","embeddable":true,"href":"https:\/\/www.europesays.com\/fr\/wp-json\/wp\/v2\/categories?post=588225"},{"taxonomy":"post_tag","embeddable":true,"href":"https:\/\/www.europesays.com\/fr\/wp-json\/wp\/v2\/tags?post=588225"}],"curies":[{"name":"wp","href":"https:\/\/api.w.org\/{rel}","templated":true}]}}