{"id":588227,"date":"2025-12-09T09:37:13","date_gmt":"2025-12-09T09:37:13","guid":{"rendered":"https:\/\/www.europesays.com\/fr\/588227\/"},"modified":"2025-12-09T09:37:13","modified_gmt":"2025-12-09T09:37:13","slug":"en-direct-guerre-en-ukraine-apres-les-critiques-de-trump-les-europeens-affichent-leur-solidarite-avec-zelensky","status":"publish","type":"post","link":"https:\/\/www.europesays.com\/fr\/588227\/","title":{"rendered":"EN DIRECT &#8211; Guerre en Ukraine : apr\u00e8s les critiques de Trump, les Europ\u00e9ens affichent leur solidarit\u00e9 avec Zelensky"},"content":{"rendered":"<p role=\"heading\" aria-level=\"3\">L\u2019Ukraine communiquera mardi son plan de paix r\u00e9vis\u00e9 aux \u00c9tats-Unis, a annonc\u00e9 Zelensky<\/p>\n<p class=\"fig-paragraph\">L\u2019Ukraine communiquera mardi aux \u00c9tats-Unis son plan de paix r\u00e9vis\u00e9 visant \u00e0 mettre fin \u00e0 la guerre men\u00e9e par la Russie, apr\u00e8s les discussions \u00e0 Londres entre le pr\u00e9sident Volodymyr Zelensky et les dirigeants fran\u00e7ais, allemand et britannique.<\/p>\n<p class=\"fig-paragraph\">Alors que la guerre approche de son quatri\u00e8me anniversaire, Kiev, sous la pression de la Maison Blanche pour accepter rapidement un accord de paix, souhaite \u00e9quilibrer un projet soutenu par les \u00c9tats-Unis qui \u00e9tait largement consid\u00e9r\u00e9 comme favorable \u00e0 Moscou.<\/p>\n<p class=\"fig-paragraph\">La r\u00e9union organis\u00e9e \u00e0 la h\u00e2te lundi entre le Premier ministre britannique Keir Starmer, le pr\u00e9sident fran\u00e7ais Emmanuel Macron, le chancelier allemand Friedrich Merz et Zelensky visait \u00e0 renforcer la position de l\u2019Ukraine.<\/p>\n<p class=\"fig-paragraph\">Zelensky a d\u00e9clar\u00e9 aux journalistes apr\u00e8s la r\u00e9union que le plan r\u00e9vis\u00e9 comprenait 20 points, mais qu\u2019il n\u2019y avait toujours pas d\u2019accord sur la question de l\u2019abandon de territoires, ce que Moscou a demand\u00e9.<\/p>\n<p>    Friedrich Merz, Keir Starmer, Volodymyr Zelensky et Emmanuel Macron.<br \/>\n                Pool\/ABACA<\/p>\n","protected":false},"excerpt":{"rendered":"L\u2019Ukraine communiquera mardi son plan de paix r\u00e9vis\u00e9 aux \u00c9tats-Unis, a annonc\u00e9 Zelensky L\u2019Ukraine communiquera mardi aux \u00c9tats-Unis&hellip;\n","protected":false},"author":2,"featured_media":588228,"comment_status":"","ping_status":"","sticky":false,"template":"","format":"standard","meta":{"footnotes":""},"categories":[5],"tags":[259,11,260,75,1011,27,3044,131,14,261,12,262,135,134,28],"class_list":{"0":"post-588227","1":"post","2":"type-post","3":"status-publish","4":"format-standard","5":"has-post-thumbnail","7":"category-international","8":"tag-actualite-internationale","9":"tag-actualites","10":"tag-affaires-etrangeres","11":"tag-donald-trump","12":"tag-fr","13":"tag-france","14":"tag-giorgia-meloni","15":"tag-guerre-en-ukraine","16":"tag-international","17":"tag-ministere-des-affaires-etrangeres","18":"tag-news","19":"tag-politique-etrangere","20":"tag-vladimir-poutine","21":"tag-volodymyr-zelensky","22":"tag-world"},"share_on_mastodon":{"url":"https:\/\/pubeurope.com\/@fr\/115688940820117947","error":""},"_links":{"self":[{"href":"https:\/\/www.europesays.com\/fr\/wp-json\/wp\/v2\/posts\/588227","targetHints":{"allow":["GET"]}}],"collection":[{"href":"https:\/\/www.europesays.com\/fr\/wp-json\/wp\/v2\/posts"}],"about":[{"href":"https:\/\/www.europesays.com\/fr\/wp-json\/wp\/v2\/types\/post"}],"author":[{"embeddable":true,"href":"https:\/\/www.europesays.com\/fr\/wp-json\/wp\/v2\/users\/2"}],"replies":[{"embeddable":true,"href":"https:\/\/www.europesays.com\/fr\/wp-json\/wp\/v2\/comments?post=588227"}],"version-history":[{"count":0,"href":"https:\/\/www.europesays.com\/fr\/wp-json\/wp\/v2\/posts\/588227\/revisions"}],"wp:featuredmedia":[{"embeddable":true,"href":"https:\/\/www.europesays.com\/fr\/wp-json\/wp\/v2\/media\/588228"}],"wp:attachment":[{"href":"https:\/\/www.europesays.com\/fr\/wp-json\/wp\/v2\/media?parent=588227"}],"wp:term":[{"taxonomy":"category","embeddable":true,"href":"https:\/\/www.europesays.com\/fr\/wp-json\/wp\/v2\/categories?post=588227"},{"taxonomy":"post_tag","embeddable":true,"href":"https:\/\/www.europesays.com\/fr\/wp-json\/wp\/v2\/tags?post=588227"}],"curies":[{"name":"wp","href":"https:\/\/api.w.org\/{rel}","templated":true}]}}