{"id":588234,"date":"2025-12-09T09:41:29","date_gmt":"2025-12-09T09:41:29","guid":{"rendered":"https:\/\/www.europesays.com\/fr\/588234\/"},"modified":"2025-12-09T09:41:29","modified_gmt":"2025-12-09T09:41:29","slug":"linfirmiere-qui-filmait-les-residents-dehpad-condamnee","status":"publish","type":"post","link":"https:\/\/www.europesays.com\/fr\/588234\/","title":{"rendered":"l\u2019infirmi\u00e8re qui filmait les r\u00e9sidents d\u2019Ehpad condamn\u00e9e"},"content":{"rendered":"<p>Jo\u00ebl Hennebois, pr\u00e9sident du tribunal correctionnel, perce l\u2019abc\u00e8s. \u00ab Pourquoi avez-vous d\u00e9cid\u00e9 de travailler en Ehpad ? Pour vous moquer des r\u00e9sidents\u00a0?\u00a0\u00bb La jeune femme debout \u00e0 la barre d\u00e9ment vigoureusement. \u00ab C\u2019est vrai que \u00e7a peut \u00eatre per\u00e7u comme de la moquerie. Mais on passe du temps avec eux. En aucun cas je ne leur voulais du mal\u2026 \u00bb<\/p>\n<p>L\u2019affaire, r\u00e9v\u00e9l\u00e9e en mai 2025 par Le Progr\u00e8s , avait sem\u00e9 une immense consternation. Cinq vid\u00e9os d\u2019une trentaine de secondes montraient des r\u00e9sidents des maisons de retraite Korian L\u2019Astr\u00e9e (Saint-\u00c9tienne) et Korian La Mounardi\u00e8re (Saint-Priest-en-Jarez) film\u00e9s dans des situations d\u00e9gradantes. Leur auteur ? Lisa de Miranda, une infirmi\u00e8re de 29 ans qui a \u00e9t\u00e9 jug\u00e9e ce lundi au tribunal correctionnel. Voix pos\u00e9e, cheveux sagement attach\u00e9s en arri\u00e8re : le contraste avec la brutalit\u00e9 des images est saisissant.<\/p>\n<p>\u00ab On s\u2019envoyait mutuellement des vid\u00e9os \u00bb<\/p>\n<p>Le pr\u00e9sident revient sur chaque vid\u00e9o. Ici, un r\u00e9sident&#8230;<\/p>\n","protected":false},"excerpt":{"rendered":"Jo\u00ebl Hennebois, pr\u00e9sident du tribunal correctionnel, perce l\u2019abc\u00e8s. \u00ab Pourquoi avez-vous d\u00e9cid\u00e9 de travailler en Ehpad ? Pour&hellip;\n","protected":false},"author":2,"featured_media":588235,"comment_status":"","ping_status":"","sticky":false,"template":"","format":"standard","meta":{"footnotes":""},"categories":[9653],"tags":[1111,11,2430,271,272,7539,1777,674,274,107,1011,27,3367,12,25,4001,7538],"class_list":{"0":"post-588234","1":"post","2":"type-post","3":"status-publish","4":"format-standard","5":"has-post-thumbnail","7":"category-saint-etienne","8":"tag-actu","9":"tag-actualites","10":"tag-auvergne-rhone-alpes","11":"tag-crime","12":"tag-delit-et-contravention","13":"tag-edition-loire-sud","14":"tag-eu","15":"tag-europe","16":"tag-faits-divers-justice","17":"tag-fil-info","18":"tag-fr","19":"tag-france","20":"tag-loire","21":"tag-news","22":"tag-republique-francaise","23":"tag-saint-etienne","24":"tag-saint-etienne-ville"},"share_on_mastodon":{"url":"https:\/\/pubeurope.com\/@fr\/115688956423145544","error":""},"_links":{"self":[{"href":"https:\/\/www.europesays.com\/fr\/wp-json\/wp\/v2\/posts\/588234","targetHints":{"allow":["GET"]}}],"collection":[{"href":"https:\/\/www.europesays.com\/fr\/wp-json\/wp\/v2\/posts"}],"about":[{"href":"https:\/\/www.europesays.com\/fr\/wp-json\/wp\/v2\/types\/post"}],"author":[{"embeddable":true,"href":"https:\/\/www.europesays.com\/fr\/wp-json\/wp\/v2\/users\/2"}],"replies":[{"embeddable":true,"href":"https:\/\/www.europesays.com\/fr\/wp-json\/wp\/v2\/comments?post=588234"}],"version-history":[{"count":0,"href":"https:\/\/www.europesays.com\/fr\/wp-json\/wp\/v2\/posts\/588234\/revisions"}],"wp:featuredmedia":[{"embeddable":true,"href":"https:\/\/www.europesays.com\/fr\/wp-json\/wp\/v2\/media\/588235"}],"wp:attachment":[{"href":"https:\/\/www.europesays.com\/fr\/wp-json\/wp\/v2\/media?parent=588234"}],"wp:term":[{"taxonomy":"category","embeddable":true,"href":"https:\/\/www.europesays.com\/fr\/wp-json\/wp\/v2\/categories?post=588234"},{"taxonomy":"post_tag","embeddable":true,"href":"https:\/\/www.europesays.com\/fr\/wp-json\/wp\/v2\/tags?post=588234"}],"curies":[{"name":"wp","href":"https:\/\/api.w.org\/{rel}","templated":true}]}}