{"id":588248,"date":"2025-12-09T09:49:11","date_gmt":"2025-12-09T09:49:11","guid":{"rendered":"https:\/\/www.europesays.com\/fr\/588248\/"},"modified":"2025-12-09T09:49:11","modified_gmt":"2025-12-09T09:49:11","slug":"retour-a-la-normale-pour-la-circulation-des-bus","status":"publish","type":"post","link":"https:\/\/www.europesays.com\/fr\/588248\/","title":{"rendered":"retour \u00e0 la normale pour la circulation des bus"},"content":{"rendered":"<p>                    Par<br \/>\n        <strong><br \/>\n            <a href=\"https:\/\/actu.fr\/auteur\/eaube\" title=\"Consulter tous les articles de Elo\u00efse Aub\u00e9\" target=\"_blank\" rel=\"noopener\">Elo\u00efse Aub\u00e9<\/a><br \/>\n                    <\/strong><\/p>\n<p>        Publi\u00e9 le<\/p>\n<p>            9 d\u00e9c. 2025 \u00e0 9h33<br \/>\n        ; mis \u00e0 jour le 9 d\u00e9c. 2025 \u00e0 10h32    <\/p>\n<p><strong>Mise \u00e0 jour le 9 d\u00e9cembre \u00e0 10h20<\/strong> : le r\u00e9seau astuce confirme que la circulation des bus est revenue \u00e0 la normale.<\/p>\n<p class=\" wall-content\">Vers 9 heures ce mardi 9 d\u00e9cembre 2025, les pompiers sont intervenus pour <strong>un incendie \u00e0 hauteur de la commune du Houlme<\/strong> pr\u00e8s de <a href=\"https:\/\/actu.fr\/normandie\/rouen_76540\" target=\"_blank\" rel=\"noopener\">Rouen<\/a> (Seine-Maritime). On ignore encore les d\u00e9tails de ce d\u00e9part de feu mais afin la ligne de bus F4, entre Hameau de Fr\u00e9vaux et le Mont-Riboudet, a \u00e9t\u00e9 d\u00e9vi\u00e9e dans les deux sens, pr\u00e9cise le r\u00e9seau Astuce par voie de communiqu\u00e9.<\/p>\n<p>Des arr\u00eats non desservis<\/p>\n<p class=\" wall-content\">Les arr\u00eats Lesueur et \u00c9glise Saint Martin n\u2019ont pas \u00e9t\u00e9 desservis le temps de l\u2019intervention des pompiers.\u00a0<\/p>\n<p>Suivez l\u2019actualit\u00e9 de Rouen sur notre <a href=\"https:\/\/www.whatsapp.com\/channel\/0029VaKfnf99hXF2ddApFB1D\" target=\"_blank\" rel=\"noopener\">cha\u00eene WhatsApp<\/a> et sur notre <a href=\"https:\/\/www.tiktok.com\/@76actu.fr?lang=fr\" target=\"_blank\" rel=\"noopener\">compte TikTok<\/a><\/p>\n<p class=\" wall-content\">Personnalisez votre actualit\u00e9 en ajoutant vos villes et m\u00e9dias en favori avec <a href=\"https:\/\/moncompte.actu.fr\" title=\"D\u00e9couvez Mon Actu\" rel=\"nofollow noopener\" data-trk=\"{&quot;cta&quot;:{&quot;action&quot;:&quot;https:\\\/\\\/moncompte.actu.fr&quot;,&quot;category&quot;:&quot;mon compte&quot;,&quot;from&quot;:&quot;article footer&quot;,&quot;name&quot;:&quot;Mon actu&quot;,&quot;type&quot;:&quot;cta&quot;}}\" target=\"_blank\">Mon Actu<\/a>.<\/p>\n<p>                    <script async src=\"\/\/www.tiktok.com\/embed.js\"><\/script><\/p>\n","protected":false},"excerpt":{"rendered":"Par Elo\u00efse Aub\u00e9 Publi\u00e9 le 9 d\u00e9c. 2025 \u00e0 9h33 ; mis \u00e0 jour le 9 d\u00e9c. 2025&hellip;\n","protected":false},"author":2,"featured_media":588249,"comment_status":"","ping_status":"","sticky":false,"template":"","format":"standard","meta":{"footnotes":""},"categories":[9587],"tags":[1111,11,1777,674,118,1011,27,1310,12,5161,1311,25,9726,9590],"class_list":{"0":"post-588248","1":"post","2":"type-post","3":"status-publish","4":"format-standard","5":"has-post-thumbnail","7":"category-rouen","8":"tag-actu","9":"tag-actualites","10":"tag-eu","11":"tag-europe","12":"tag-faits-divers","13":"tag-fr","14":"tag-france","15":"tag-incendie","16":"tag-news","17":"tag-normandie","18":"tag-pompiers","19":"tag-republique-francaise","20":"tag-reseau-astuce-tcar","21":"tag-rouen"},"share_on_mastodon":{"url":"https:\/\/pubeurope.com\/@fr\/115688987953186620","error":""},"_links":{"self":[{"href":"https:\/\/www.europesays.com\/fr\/wp-json\/wp\/v2\/posts\/588248","targetHints":{"allow":["GET"]}}],"collection":[{"href":"https:\/\/www.europesays.com\/fr\/wp-json\/wp\/v2\/posts"}],"about":[{"href":"https:\/\/www.europesays.com\/fr\/wp-json\/wp\/v2\/types\/post"}],"author":[{"embeddable":true,"href":"https:\/\/www.europesays.com\/fr\/wp-json\/wp\/v2\/users\/2"}],"replies":[{"embeddable":true,"href":"https:\/\/www.europesays.com\/fr\/wp-json\/wp\/v2\/comments?post=588248"}],"version-history":[{"count":0,"href":"https:\/\/www.europesays.com\/fr\/wp-json\/wp\/v2\/posts\/588248\/revisions"}],"wp:featuredmedia":[{"embeddable":true,"href":"https:\/\/www.europesays.com\/fr\/wp-json\/wp\/v2\/media\/588249"}],"wp:attachment":[{"href":"https:\/\/www.europesays.com\/fr\/wp-json\/wp\/v2\/media?parent=588248"}],"wp:term":[{"taxonomy":"category","embeddable":true,"href":"https:\/\/www.europesays.com\/fr\/wp-json\/wp\/v2\/categories?post=588248"},{"taxonomy":"post_tag","embeddable":true,"href":"https:\/\/www.europesays.com\/fr\/wp-json\/wp\/v2\/tags?post=588248"}],"curies":[{"name":"wp","href":"https:\/\/api.w.org\/{rel}","templated":true}]}}