{"id":588260,"date":"2025-12-09T09:56:11","date_gmt":"2025-12-09T09:56:11","guid":{"rendered":"https:\/\/www.europesays.com\/fr\/588260\/"},"modified":"2025-12-09T09:56:11","modified_gmt":"2025-12-09T09:56:11","slug":"la-magie-des-fetes-a-metz-le-challenger-de-strasbourg-au-titre-de-capitale-de-noel","status":"publish","type":"post","link":"https:\/\/www.europesays.com\/fr\/588260\/","title":{"rendered":"La magie des f\u00eates \u00e0 Metz, le challenger de Strasbourg au titre de capitale de No\u00ebl"},"content":{"rendered":"<p>Metz en passe de d\u00e9tr\u00f4ner Strasbourg au titre de capitale de No\u00ebl\u00a0? Elue <a href=\"https:\/\/www.europeanbestdestinations.com\/christmas-markets\/european-best-christmas-markets-2024\/\" target=\"_blank\" class=\"c-link c-link--is-underlined\" rel=\"noopener\">3e plus beau march\u00e9 de No\u00ebl d\u2019Europe en\u00a02024<\/a> apr\u00e8s Gda\u0144sk (Pologne) et Zagreb (Croatie), la ville de Metz a pris la premi\u00e8re place dans la <a href=\"https:\/\/www.europeanbestdestinations.com\/best-of-europe\/best-christmas-markets-for-families-in-europe\/\" target=\"_blank\" class=\"c-link c-link--is-underlined\" rel=\"noopener\">cat\u00e9gorie meilleur march\u00e9 de No\u00ebl en Europe pour les familles<\/a>. La capitale de la Lorraine se classe \u00e9galement 2e, derri\u00e8re Montb\u00e9liard mais devant Strasbourg, des <a href=\"https:\/\/www.europeanbestdestinations.com\/christmas-markets\/christmas-in-france\/\" target=\"_blank\" class=\"c-link c-link--is-underlined\" rel=\"noopener\">meilleurs march\u00e9s de No\u00ebl en France en\u00a02025<\/a>. Le march\u00e9 de No\u00ebl de Metz a accueilli 3,5\u00a0millions de visiteurs en\u00a02024, selon Orange Fluxvision, contre 3,4\u00a0millions \u00e0 Strasbourg. Un chiffre \u00e0 mettre au conditionnel, l\u2019Alsace et la Lorraine n\u2019auraient pas le syst\u00e8me de comptage, selon <a href=\"https:\/\/www.francebleu.fr\/infos\/culture-loisirs\/le-marche-de-noel-de-metz-attire-t-il-vraiment-plus-de-visiteurs-que-celui-de-strasbourg-5354500\" target=\"_blank\" class=\"c-link c-link--is-underlined\" rel=\"noopener\">France Bleu<\/a>. Un chiffre qui montre cependant \u00e0 quel point comment la ville Lorraine se positionne comme un s\u00e9rieux concurrent \u00e0 la ville alsacienne.<\/p>\n<p>De f\u00e9eriques illuminations urbaines<\/p>\n<p>Depuis la fin novembre, les ruelles pav\u00e9es et les jolies fa\u00e7ades m\u00e9di\u00e9vales en pierre de Jaumont typiques de Metz se parent de mille feux &#8211; pas moins d\u2019un millier d\u2019illuminations leds basse consommation \u2013 plongeant le c\u0153ur historique de la ville dans une ambiance de conte d\u2019hiver. La nouvelle ville, organis\u00e9e autour du centre Pompidou, n\u2019est pas en reste en mati\u00e8re de d\u00e9corations.<\/p>\n<p>L\u2019artisanat d\u2019art et la production locale \u00e0 l\u2019honneur<\/p>\n<p>Jusqu\u2019au 30\u00a0d\u00e9cembre, les quelque 130 chalets du March\u00e9 merveilleux de No\u00ebl ont investi cinq places embl\u00e9matiques de Metz, dont 3 chalets solidaires dont un chalet handi-accessible permettant \u00e0 20 associations du territoire de vendre des produits faits main.<\/p>\n<p>L\u2019artisanat d\u2019art et la production locale sont donc \u00e0 l\u2019honneur. Plus de 47\u00a0% des exposants sont des commer\u00e7ants mosellans dont plus de 34\u00a0% sont issus du territoire de l\u2019Eurom\u00e9tropole de Metz. Le march\u00e9 de No\u00ebl de Metz a \u00e9galement obtenu le 1er niveau du label Eco-manifestations, en faveur du d\u00e9veloppement durable. Tous les week-ends du march\u00e9 de No\u00ebl, les bus et les parkings relais (P +\u00a0R) du r\u00e9seau Le Met&rsquo; sont gratuits.<\/p>\n<p>On retrouve \u00e0 Metz tout ce qui fait l\u2019esprit de No\u00ebl\u00a0: des lumi\u00e8res scintillantes, des carrousels, du vin chaud, du pain d\u2019\u00e9pice, des cadeaux faits main, des sp\u00e9cialit\u00e9s r\u00e9gionales \u00e0 d\u00e9guster. Bref, un rendez-vous enchanteur pour petits et grands que 20 Minutes a visit\u00e9 \u00e0 l\u2019occasion de la Saint-Nicolas les 6 et 7\u00a0d\u00e9cembre.<\/p>\n","protected":false},"excerpt":{"rendered":"Metz en passe de d\u00e9tr\u00f4ner Strasbourg au titre de capitale de No\u00ebl\u00a0? Elue 3e plus beau march\u00e9 de&hellip;\n","protected":false},"author":2,"featured_media":588261,"comment_status":"","ping_status":"","sticky":false,"template":"","format":"standard","meta":{"footnotes":""},"categories":[2820],"tags":[1111,11,2389,2649,6196,1777,674,1011,27,775,776,29658,36053,6212,5599,12,15830,25,640],"class_list":{"0":"post-588260","1":"post","2":"type-post","3":"status-publish","4":"format-standard","5":"has-post-thumbnail","7":"category-strasbourg","8":"tag-actu","9":"tag-actualites","10":"tag-alsace","11":"tag-bas-rhin","12":"tag-diaporamas","13":"tag-eu","14":"tag-europe","15":"tag-fr","16":"tag-france","17":"tag-grand-est","18":"tag-lorraine","19":"tag-magie","20":"tag-marche-de-noel","21":"tag-metz","22":"tag-moselle","23":"tag-news","24":"tag-noel","25":"tag-republique-francaise","26":"tag-strasbourg"},"share_on_mastodon":{"url":"https:\/\/pubeurope.com\/@fr\/115689015618043527","error":""},"_links":{"self":[{"href":"https:\/\/www.europesays.com\/fr\/wp-json\/wp\/v2\/posts\/588260","targetHints":{"allow":["GET"]}}],"collection":[{"href":"https:\/\/www.europesays.com\/fr\/wp-json\/wp\/v2\/posts"}],"about":[{"href":"https:\/\/www.europesays.com\/fr\/wp-json\/wp\/v2\/types\/post"}],"author":[{"embeddable":true,"href":"https:\/\/www.europesays.com\/fr\/wp-json\/wp\/v2\/users\/2"}],"replies":[{"embeddable":true,"href":"https:\/\/www.europesays.com\/fr\/wp-json\/wp\/v2\/comments?post=588260"}],"version-history":[{"count":0,"href":"https:\/\/www.europesays.com\/fr\/wp-json\/wp\/v2\/posts\/588260\/revisions"}],"wp:featuredmedia":[{"embeddable":true,"href":"https:\/\/www.europesays.com\/fr\/wp-json\/wp\/v2\/media\/588261"}],"wp:attachment":[{"href":"https:\/\/www.europesays.com\/fr\/wp-json\/wp\/v2\/media?parent=588260"}],"wp:term":[{"taxonomy":"category","embeddable":true,"href":"https:\/\/www.europesays.com\/fr\/wp-json\/wp\/v2\/categories?post=588260"},{"taxonomy":"post_tag","embeddable":true,"href":"https:\/\/www.europesays.com\/fr\/wp-json\/wp\/v2\/tags?post=588260"}],"curies":[{"name":"wp","href":"https:\/\/api.w.org\/{rel}","templated":true}]}}