{"id":588266,"date":"2025-12-09T09:59:17","date_gmt":"2025-12-09T09:59:17","guid":{"rendered":"https:\/\/www.europesays.com\/fr\/588266\/"},"modified":"2025-12-09T09:59:17","modified_gmt":"2025-12-09T09:59:17","slug":"le-billot-la-nouvelle-boucherie-du-grand-marche-de-nantes-elle-succede-a-une-boucherie-hallal","status":"publish","type":"post","link":"https:\/\/www.europesays.com\/fr\/588266\/","title":{"rendered":"Le Billot, la nouvelle boucherie du grand march\u00e9 de Nantes : elle succ\u00e8de \u00e0 une boucherie hallal"},"content":{"rendered":"<p>Depuis avril\u00a02025, le march\u00e9 de Talensac accueille une nouvelle boucherie, le Billot de Talensac. Elle occupe le stand de l\u2019ancienne boucherie Caill\u00e9 qui a accueilli successivement une boucherie sp\u00e9cialis\u00e9e dans le wagyu puis une boucherie hallal. \u00a0Le stand est rest\u00e9 vide durant six mois, alors nous avons\u00a0saisi l\u2019opportunit\u00e9\u00a0, explique Christophe Bertin.<\/p>\n<p>Parthenayse, porc fermier de &#8230;<\/p>\n<p>\u00a0<\/p>\n","protected":false},"excerpt":{"rendered":"Depuis avril\u00a02025, le march\u00e9 de Talensac accueille une nouvelle boucherie, le Billot de Talensac. Elle occupe le stand&hellip;\n","protected":false},"author":2,"featured_media":588267,"comment_status":"","ping_status":"","sticky":false,"template":"","format":"standard","meta":{"footnotes":""},"categories":[2818],"tags":[1111,11,70172,4336,1777,674,1011,27,2515,70173,2089,766,12,2043,2636,25,3272,14720],"class_list":{"0":"post-588266","1":"post","2":"type-post","3":"status-publish","4":"format-standard","5":"has-post-thumbnail","7":"category-nantes","8":"tag-actu","9":"tag-actualites","10":"tag-billot","11":"tag-boucherie","12":"tag-eu","13":"tag-europe","14":"tag-fr","15":"tag-france","16":"tag-grand","17":"tag-hallal","18":"tag-marche","19":"tag-nantes","20":"tag-news","21":"tag-nouvelle","22":"tag-pays-de-la-loire","23":"tag-republique-francaise","24":"tag-saint-nazaire","25":"tag-succede"},"share_on_mastodon":{"url":"https:\/\/pubeurope.com\/@fr\/115689027436253038","error":""},"_links":{"self":[{"href":"https:\/\/www.europesays.com\/fr\/wp-json\/wp\/v2\/posts\/588266","targetHints":{"allow":["GET"]}}],"collection":[{"href":"https:\/\/www.europesays.com\/fr\/wp-json\/wp\/v2\/posts"}],"about":[{"href":"https:\/\/www.europesays.com\/fr\/wp-json\/wp\/v2\/types\/post"}],"author":[{"embeddable":true,"href":"https:\/\/www.europesays.com\/fr\/wp-json\/wp\/v2\/users\/2"}],"replies":[{"embeddable":true,"href":"https:\/\/www.europesays.com\/fr\/wp-json\/wp\/v2\/comments?post=588266"}],"version-history":[{"count":0,"href":"https:\/\/www.europesays.com\/fr\/wp-json\/wp\/v2\/posts\/588266\/revisions"}],"wp:featuredmedia":[{"embeddable":true,"href":"https:\/\/www.europesays.com\/fr\/wp-json\/wp\/v2\/media\/588267"}],"wp:attachment":[{"href":"https:\/\/www.europesays.com\/fr\/wp-json\/wp\/v2\/media?parent=588266"}],"wp:term":[{"taxonomy":"category","embeddable":true,"href":"https:\/\/www.europesays.com\/fr\/wp-json\/wp\/v2\/categories?post=588266"},{"taxonomy":"post_tag","embeddable":true,"href":"https:\/\/www.europesays.com\/fr\/wp-json\/wp\/v2\/tags?post=588266"}],"curies":[{"name":"wp","href":"https:\/\/api.w.org\/{rel}","templated":true}]}}