{"id":588268,"date":"2025-12-09T10:00:22","date_gmt":"2025-12-09T10:00:22","guid":{"rendered":"https:\/\/www.europesays.com\/fr\/588268\/"},"modified":"2025-12-09T10:00:22","modified_gmt":"2025-12-09T10:00:22","slug":"le-fc-nantes-feminin-veut-se-donner-le-droit-de-rever","status":"publish","type":"post","link":"https:\/\/www.europesays.com\/fr\/588268\/","title":{"rendered":"Le FC Nantes f\u00e9minin \u00ab veut se donner le droit de r\u00eaver \u00bb"},"content":{"rendered":"<p>              <strong>Vous r\u00e9alisez un excellent d\u00e9but de saison. Quelle est la clef de votre succ\u00e8s ?<\/strong><\/p>\n<p>\u00ab Nous avons bien construit l\u2019effectif de cette ann\u00e9e avec des joueuses dot\u00e9es de grandes qualit\u00e9s, \u00e0 la fois footballistiques et humaines. Au quotidien, notre groupe vit tr\u00e8s bien. Tout le monde adh\u00e8re au projet sportif, staff y compris, tous les \u00e9l\u00e9ments s\u2019alignent. Il y a une belle \u00e9nergie qui s\u2019est cr\u00e9\u00e9e autour de cette \u00e9quipe.\u00a0\u00bb<\/p>\n<p><strong>Quel objectif vous fixez-vous\u00a0?<\/strong><\/p>\n<p>\u00ab\u00a0Nous voulons faire mieux que l\u2019an dernier o\u00f9 nous avions termin\u00e9 7e. C\u2019est seulement notre seconde saison en Arkema Premi\u00e8re Ligue donc c\u2019est important de construire sur la dur\u00e9e. Avec notre 4e place actuellement, on est largement dans les temps de passage que l\u2019on s\u2019est fix\u00e9s. Il faut continuer, se donner le droit de r\u00eaver \u00e0 accrocher le top 4. On commencera \u00e0 faire des calculs en f\u00e9vrier-mars.\u00a0\u00bb<\/p>\n<p><strong>Qu\u2019est-ce que cela repr\u00e9sente pour votre \u00e9quipe de jouer \u00e0 la Beaujoire ?<\/strong><\/p>\n<p>\u00ab\u00a0C\u2019est une belle r\u00e9compense pour tout le monde et le projet que nous menons depuis quelques ann\u00e9es. Cette rencontre repr\u00e9sente aussi une mise en lumi\u00e8re rare du football f\u00e9minin, c\u2019est plus global qu\u2019un simple match de foot. Cela valorise toutes celles et ceux qui \u0153uvrent au d\u00e9veloppement du foot f\u00e9minin \u00e0 Nantes. \u00a0\u00bb<\/p>\n<p><strong>Plus de 10 000 spectateurs sont attendus dimanche. Comment percevez-vous l\u2019engouement local pour le foot f\u00e9minin ?\u00a0<\/strong><\/p>\n<p>\u00ab\u00a0Nantes est une terre de football et plus globalement une ville de sport. On ressent un engouement crescendo depuis que j\u2019ai r\u00e9cup\u00e9r\u00e9 l\u2019\u00e9quipe en deuxi\u00e8me division, il y a trois ans. Il va encore grandir, \u00e0 l\u2019image de l\u2019Arkema Premi\u00e8re Ligue qui conna\u00eet une vraie am\u00e9lioration de son audience. Contre l\u2019OM ce dimanche, on peut esp\u00e9rer battre le record de 16 800 spectateurs (r\u00e9ception du Paris-Saint-Germain en octobre 2024).\u00a0\u00bb<\/p>\n<p><strong>Un message pour vos supportrices et supporters\u00a0?<\/strong><\/p>\n<p>\u00ab\u00a0Je veux les remercier de venir en nombre. C\u2019est ce qui fait la beaut\u00e9 de notre sport. On fait tout cela pour faire vivre des \u00e9motions aux gens. J\u2019esp\u00e8re qu\u2019ils vont continuer \u00e0 nous encourager, c\u2019est ce qui marque la r\u00e9ussite de notre projet.\u00a0\u00bb\u00a0<\/p>\n","protected":false},"excerpt":{"rendered":"Vous r\u00e9alisez un excellent d\u00e9but de saison. Quelle est la clef de votre succ\u00e8s ? \u00ab Nous avons&hellip;\n","protected":false},"author":2,"featured_media":588269,"comment_status":"","ping_status":"","sticky":false,"template":"","format":"standard","meta":{"footnotes":""},"categories":[2818],"tags":[1111,11,1777,674,1011,27,766,12,2636,25],"class_list":{"0":"post-588268","1":"post","2":"type-post","3":"status-publish","4":"format-standard","5":"has-post-thumbnail","7":"category-nantes","8":"tag-actu","9":"tag-actualites","10":"tag-eu","11":"tag-europe","12":"tag-fr","13":"tag-france","14":"tag-nantes","15":"tag-news","16":"tag-pays-de-la-loire","17":"tag-republique-francaise"},"share_on_mastodon":{"url":"https:\/\/pubeurope.com\/@fr\/115689031168470517","error":""},"_links":{"self":[{"href":"https:\/\/www.europesays.com\/fr\/wp-json\/wp\/v2\/posts\/588268","targetHints":{"allow":["GET"]}}],"collection":[{"href":"https:\/\/www.europesays.com\/fr\/wp-json\/wp\/v2\/posts"}],"about":[{"href":"https:\/\/www.europesays.com\/fr\/wp-json\/wp\/v2\/types\/post"}],"author":[{"embeddable":true,"href":"https:\/\/www.europesays.com\/fr\/wp-json\/wp\/v2\/users\/2"}],"replies":[{"embeddable":true,"href":"https:\/\/www.europesays.com\/fr\/wp-json\/wp\/v2\/comments?post=588268"}],"version-history":[{"count":0,"href":"https:\/\/www.europesays.com\/fr\/wp-json\/wp\/v2\/posts\/588268\/revisions"}],"wp:featuredmedia":[{"embeddable":true,"href":"https:\/\/www.europesays.com\/fr\/wp-json\/wp\/v2\/media\/588269"}],"wp:attachment":[{"href":"https:\/\/www.europesays.com\/fr\/wp-json\/wp\/v2\/media?parent=588268"}],"wp:term":[{"taxonomy":"category","embeddable":true,"href":"https:\/\/www.europesays.com\/fr\/wp-json\/wp\/v2\/categories?post=588268"},{"taxonomy":"post_tag","embeddable":true,"href":"https:\/\/www.europesays.com\/fr\/wp-json\/wp\/v2\/tags?post=588268"}],"curies":[{"name":"wp","href":"https:\/\/api.w.org\/{rel}","templated":true}]}}