{"id":588272,"date":"2025-12-09T10:03:21","date_gmt":"2025-12-09T10:03:21","guid":{"rendered":"https:\/\/www.europesays.com\/fr\/588272\/"},"modified":"2025-12-09T10:03:21","modified_gmt":"2025-12-09T10:03:21","slug":"bordeaux-dinan-lehon-decouvrez-la-video-du-succes-qui-rapproche-les-girondins-dun-record-historique","status":"publish","type":"post","link":"https:\/\/www.europesays.com\/fr\/588272\/","title":{"rendered":"Bordeaux-Dinan L\u00e9hon : d\u00e9couvrez la vid\u00e9o du succ\u00e8s qui rapproche les Girondins d\u2019un record historique"},"content":{"rendered":"<p><img decoding=\"async\" src=\"https:\/\/www.europesays.com\/fr\/wp-content\/uploads\/2025\/12\/671_00531e3da1910b2f9ce01f5c006a2fc5.jpg\" alt=\"Bordeaux-Dinan L\u00e9hon : d\u00e9couvrez la vid\u00e9o du succ\u00e8s qui rapproche les Girondins d\u2019un record historique\" class=\"img-responsive mt-3\"\/><\/p>\n<p class=\"text-center mb-3\" style=\"font-size: 14px\">\u00a9 Iconsport<\/p>\n<p>      <strong>Les Girondins de Bordeaux encha\u00eenent et prennent la t\u00eate en National 2<\/strong><\/p>\n<p style=\"text-align: justify;\">Pour la premi\u00e8re fois de la saison, TV7 n\u2019\u00e9tait pas le seul diffuseur de la rencontre. Ligue 1+ co-diffuse d\u00e9sormais l&rsquo;ensemble des matchs des Bordelais \u00e0 domicile. Retrouvez le r\u00e9sum\u00e9 vid\u00e9o de cette victoire bordelaise, avec le penalty manqu\u00e9 de Lud\u00e9ric \u00c9tond\u00e9, le doubl\u00e9 de Royce Openda et la parade d\u00e9cisive de Jan Hoekstra en fin de partie.<\/p>\n<p>Ce navigateur ne supporte pas les iframes<\/p>\n<p style=\"text-align: justify;\">(Chaine YouTube de Sud Ouest)<\/p>\n<p><strong>Bordeaux peut viser un record historique<\/strong><\/p>\n<p style=\"text-align: justify;\">Avec ce nouveau succ\u00e8s, Bordeaux encha\u00eene onze victoires cons\u00e9cutives. Une victoire suppl\u00e9mentaire face \u00e0 Montlouis permettrait aux hommes de Bruno Irl\u00e8s <a href=\"https:\/\/www.webgirondins.com\/actualite-girondins-girondins-bruno-irles-et-ses-joueurs-tout-proches-d-egaler-un-record-historique-du-club-131415\" target=\"_blank\" rel=\"noopener\">d\u2019\u00e9galer le record historique du club<\/a> (12 victoires cons\u00e9cutives en 2009). Les Girondins peuvent m\u00eame terminer l\u2019ann\u00e9e en beaut\u00e9 en battant ce record si une treizi\u00e8me victoire est obtenue contre Le Puy Foot 43 lors du dernier match de 2025.<\/p>\n<p style=\"text-align: justify;\">\u00c0 d\u00e9couvrir : <strong><a href=\"https:\/\/www.webgirondins.com\/actualite-girondins-girondins-reaction-de-royce-openda-apres-son-double-decisif-contre-dinan-lehon-2-0-131405\" target=\"_blank\" rel=\"noopener\">Girondins : r\u00e9action de Royce Openda apr\u00e8s son doubl\u00e9 d\u00e9cisif contre Dinan L\u00e9hon (2-0)<\/a><\/strong><\/p>\n<p style=\"text-align: justify;\">\u00c9coutez dans le podcast court ci-dessous les trois tops de Bordeaux-Dinan en championnat (moins de deux minutes) :<\/p>\n<p style=\"text-align: justify;\">\u00a0<\/p>\n","protected":false},"excerpt":{"rendered":"\u00a9 Iconsport Les Girondins de Bordeaux encha\u00eenent et prennent la t\u00eate en National 2 Pour la premi\u00e8re fois&hellip;\n","protected":false},"author":2,"featured_media":588273,"comment_status":"","ping_status":"","sticky":false,"template":"","format":"standard","meta":{"footnotes":""},"categories":[2817],"tags":[1111,11,1997,3474,3472,1777,674,2823,1011,27,1987,2705,15287,3473,3238,12,2043,2219,32966,17296,3241,25,39604,3789,6006,17643,1264,133],"class_list":{"0":"post-588272","1":"post","2":"type-post","3":"status-publish","4":"format-standard","5":"has-post-thumbnail","7":"category-bordeaux","8":"tag-actu","9":"tag-actualites","10":"tag-bordeaux","11":"tag-decouvrez","12":"tag-dinan","13":"tag-eu","14":"tag-europe","15":"tag-face","16":"tag-fr","17":"tag-france","18":"tag-girondins","19":"tag-groupe","20":"tag-historique","21":"tag-lehon","22":"tag-national","23":"tag-news","24":"tag-nouvelle","25":"tag-nouvelle-aquitaine","26":"tag-prennent","27":"tag-rapproche","28":"tag-record","29":"tag-republique-francaise","30":"tag-seuls","31":"tag-signe","32":"tag-succes","33":"tag-tete","34":"tag-victoire","35":"tag-video"},"share_on_mastodon":{"url":"https:\/\/pubeurope.com\/@fr\/115689044247976332","error":""},"_links":{"self":[{"href":"https:\/\/www.europesays.com\/fr\/wp-json\/wp\/v2\/posts\/588272","targetHints":{"allow":["GET"]}}],"collection":[{"href":"https:\/\/www.europesays.com\/fr\/wp-json\/wp\/v2\/posts"}],"about":[{"href":"https:\/\/www.europesays.com\/fr\/wp-json\/wp\/v2\/types\/post"}],"author":[{"embeddable":true,"href":"https:\/\/www.europesays.com\/fr\/wp-json\/wp\/v2\/users\/2"}],"replies":[{"embeddable":true,"href":"https:\/\/www.europesays.com\/fr\/wp-json\/wp\/v2\/comments?post=588272"}],"version-history":[{"count":0,"href":"https:\/\/www.europesays.com\/fr\/wp-json\/wp\/v2\/posts\/588272\/revisions"}],"wp:featuredmedia":[{"embeddable":true,"href":"https:\/\/www.europesays.com\/fr\/wp-json\/wp\/v2\/media\/588273"}],"wp:attachment":[{"href":"https:\/\/www.europesays.com\/fr\/wp-json\/wp\/v2\/media?parent=588272"}],"wp:term":[{"taxonomy":"category","embeddable":true,"href":"https:\/\/www.europesays.com\/fr\/wp-json\/wp\/v2\/categories?post=588272"},{"taxonomy":"post_tag","embeddable":true,"href":"https:\/\/www.europesays.com\/fr\/wp-json\/wp\/v2\/tags?post=588272"}],"curies":[{"name":"wp","href":"https:\/\/api.w.org\/{rel}","templated":true}]}}