{"id":588287,"date":"2025-12-09T10:13:14","date_gmt":"2025-12-09T10:13:14","guid":{"rendered":"https:\/\/www.europesays.com\/fr\/588287\/"},"modified":"2025-12-09T10:13:14","modified_gmt":"2025-12-09T10:13:14","slug":"lhotel-de-la-metropole-de-lyon-evacue-en-urgence-ce-que-lon-sait","status":"publish","type":"post","link":"https:\/\/www.europesays.com\/fr\/588287\/","title":{"rendered":"L\u2019H\u00f4tel de la M\u00e9tropole de Lyon \u00e9vacu\u00e9 en urgence : ce que l\u2019on sait"},"content":{"rendered":"<p itemprop=\"description\"><strong>Ce mardi matin, un important dispositif de secours a afflu\u00e9 vers l\u2019H\u00f4tel de la M\u00e9tropole de Lyon.<\/strong><\/p>\n<p>Les pompiers ont \u00e9t\u00e9 appel\u00e9s vers\u00a09h50, ce mardi matin, apr\u00e8s le d\u00e9clenchement de l&rsquo;alarme incendie au sein de l\u2019H\u00f4tel de la M\u00e9tropole, situ\u00e9\u00a020 rue du Lac \u00e0 Lyon (3e).<\/p>\n<p>Conform\u00e9ment aux proc\u00e9dures internes,\u00a0l\u2019ensemble du personnel a \u00e9t\u00e9 imm\u00e9diatement \u00e9vacu\u00e9, tandis qu\u2019un important dispositif \u00e9tait d\u00e9p\u00each\u00e9 sur place.<\/p>\n<p>En raison de la taille du b\u00e2timent,\u00a0une trentaine de sapeurs-pompiers\u00a0ont imm\u00e9diatement \u00e9t\u00e9 mobilis\u00e9s. Les \u00e9quipes ont investi les lieux aux c\u00f4t\u00e9s du service de s\u00e9curit\u00e9 interne afin d\u2019\u00e9carter tout risque.<\/p>\n<p>Plus de peur que de mal<\/p>\n<p>Rapidement, l\u2019origine du d\u00e9clenchement a \u00e9t\u00e9 identifi\u00e9e :\u00a0un \u00e9chauffement mat\u00e9riel au sein du groupe de climatisation.\u00a0\u00ab\u00a0Nous sommes all\u00e9s faire des reconnaissances avec le service de s\u00e9curit\u00e9 de l\u2019\u00e9tablissement mais nous n\u2019avons pas eu besoin d\u2019intervenir\u00a0\u00bb, nous pr\u00e9cisent les pompiers.<\/p>\n<p>Apr\u00e8s\u00a0pr\u00e8s d\u2019une heure de v\u00e9rification, le personnel de la collectivit\u00e9 a \u00e9t\u00e9 autoris\u00e9 \u00e0 r\u00e9int\u00e9grer les bureaux.<\/p>\n","protected":false},"excerpt":{"rendered":"Ce mardi matin, un important dispositif de secours a afflu\u00e9 vers l\u2019H\u00f4tel de la M\u00e9tropole de Lyon. Les&hellip;\n","protected":false},"author":2,"featured_media":588288,"comment_status":"","ping_status":"","sticky":false,"template":"","format":"standard","meta":{"footnotes":""},"categories":[1889],"tags":[1111,11,2813,2190,2430,1109,251,1112,2811,1777,674,118,1011,27,1922,1110,1114,2428,2810,12,241,316,25,2812,517,800],"class_list":{"0":"post-588287","1":"post","2":"type-post","3":"status-publish","4":"format-standard","5":"has-post-thumbnail","7":"category-lyon","8":"tag-actu","9":"tag-actualites","10":"tag-article","11":"tag-asvel","12":"tag-auvergne-rhone-alpes","13":"tag-breves","14":"tag-culture","15":"tag-depeches","16":"tag-economique","17":"tag-eu","18":"tag-europe","19":"tag-faits-divers","20":"tag-fr","21":"tag-france","22":"tag-info","23":"tag-informations","24":"tag-infos","25":"tag-lyon","26":"tag-lyonmag","27":"tag-news","28":"tag-ol","29":"tag-politique","30":"tag-republique-francaise","31":"tag-sociale","32":"tag-sport","33":"tag-transports"},"share_on_mastodon":{"url":"https:\/\/pubeurope.com\/@fr\/115689082249839039","error":""},"_links":{"self":[{"href":"https:\/\/www.europesays.com\/fr\/wp-json\/wp\/v2\/posts\/588287","targetHints":{"allow":["GET"]}}],"collection":[{"href":"https:\/\/www.europesays.com\/fr\/wp-json\/wp\/v2\/posts"}],"about":[{"href":"https:\/\/www.europesays.com\/fr\/wp-json\/wp\/v2\/types\/post"}],"author":[{"embeddable":true,"href":"https:\/\/www.europesays.com\/fr\/wp-json\/wp\/v2\/users\/2"}],"replies":[{"embeddable":true,"href":"https:\/\/www.europesays.com\/fr\/wp-json\/wp\/v2\/comments?post=588287"}],"version-history":[{"count":0,"href":"https:\/\/www.europesays.com\/fr\/wp-json\/wp\/v2\/posts\/588287\/revisions"}],"wp:featuredmedia":[{"embeddable":true,"href":"https:\/\/www.europesays.com\/fr\/wp-json\/wp\/v2\/media\/588288"}],"wp:attachment":[{"href":"https:\/\/www.europesays.com\/fr\/wp-json\/wp\/v2\/media?parent=588287"}],"wp:term":[{"taxonomy":"category","embeddable":true,"href":"https:\/\/www.europesays.com\/fr\/wp-json\/wp\/v2\/categories?post=588287"},{"taxonomy":"post_tag","embeddable":true,"href":"https:\/\/www.europesays.com\/fr\/wp-json\/wp\/v2\/tags?post=588287"}],"curies":[{"name":"wp","href":"https:\/\/api.w.org\/{rel}","templated":true}]}}