{"id":588289,"date":"2025-12-09T10:15:19","date_gmt":"2025-12-09T10:15:19","guid":{"rendered":"https:\/\/www.europesays.com\/fr\/588289\/"},"modified":"2025-12-09T10:15:19","modified_gmt":"2025-12-09T10:15:19","slug":"le-premier-telepherique-dile-de-france-sera-mis-en-service-ce-samedi-13-decembre-2025","status":"publish","type":"post","link":"https:\/\/www.europesays.com\/fr\/588289\/","title":{"rendered":"Le premier t\u00e9l\u00e9ph\u00e9rique d\u2019\u00cele-de-France sera mis en service ce samedi 13 d\u00e9cembre 2025"},"content":{"rendered":"<p class=\"intro\">Le C\u00e2ble C1, premier t\u00e9l\u00e9ph\u00e9rique d\u2019\u00cele-de-France, entre en service ce samedi 13 d\u00e9cembre 2025 \u00e0 11h. Ce projet in\u00e9dit va relier plusieurs communes du Val-de-Marne gr\u00e2ce \u00e0 une t\u00e9l\u00e9cabine urbaine rapide, r\u00e9guli\u00e8re et pens\u00e9e pour d\u00e9senclaver un secteur jusqu\u2019ici mal connect\u00e9 au r\u00e9seau de transports.\u00a0<\/p>\n<p><a data-lightbox=\"article\" data-title=\"Le premier t\u00e9l\u00e9ph\u00e9rique d\u2019\u00cele-de-France sera inaugur\u00e9 ce samedi 13 d\u00e9cembre 2025 \u00a9 www.valdemarne.fr\" class=\"image detail fullwidth\" href=\"https:\/\/www.jds.fr\/medias\/image\/le-premier-telepherique-d-ile-de-france-sera-mis-e-787735-1200-0-F.webp\" title=\"Le premier t\u00e9l\u00e9ph\u00e9rique d\u2019\u00cele-de-France sera inaugur\u00e9 ce samedi 13 d\u00e9cembre 2025 \u00a9 www.valdemarne.fr\" target=\"_blank\" rel=\"noopener\"><br \/>\n<img decoding=\"async\" loading=\"lazy\" src=\"https:\/\/www.europesays.com\/fr\/wp-content\/uploads\/2025\/12\/le-premier-telepherique-d-ile-de-france-sera-mis-e-787735-1200-0.webp.webp\"   alt=\"Le premier t\u00e9l\u00e9ph\u00e9rique d\u2019\u00cele-de-France sera inaugur\u00e9 ce samedi 13 d\u00e9cembre 2025\" class=\"shortcode_image border\"\/><br \/>\n\u00a9 www.valdemarne.fr<br \/>\nLe premier t\u00e9l\u00e9ph\u00e9rique d\u2019\u00cele-de-France sera inaugur\u00e9 ce samedi 13 d\u00e9cembre 2025<br \/>\n<\/a>\n<\/p>\n<p>Ouverture du t\u00e9l\u00e9ph\u00e9rique d\u2019\u00cele-de-France ce samedi 13 d\u00e9cembre 2025<\/p>\n<p>\ud83d\udea0 Mise en service officielle\u00a0:<strong> samedi 13 d\u00e9cembre 2025.\u00a0<\/strong><\/p>\n<p>Une journ\u00e9e d\u2019inauguration est pr\u00e9vue avec animations \u00e0 chaque station, activit\u00e9s et d\u00e9couverte gratuite de la ligne entre 11h et 16h30. Le C\u00e2ble C1 circulera \u00e0 partir de 11h et jusqu&rsquo;\u00e0 minuit et demi.<\/p>\n<p>T\u00e9l\u00e9ph\u00e9rique d\u2019\u00cele-de-France\u00a0: trajet, stations et dur\u00e9e du parcours<\/p>\n<p>Le t\u00e9l\u00e9ph\u00e9rique C1 s\u2019\u00e9tend sur 4,5 km, avec <strong>5 stations<\/strong> espac\u00e9es de 500 \u00e0 1800 m\u00e8tres\u00a0:<\/p>\n<ol>&#13;<\/p>\n<li><strong>Pointe-du-Lac (Cr\u00e9teil)<\/strong> &#8211; correspondance avec le m\u00e9tro 8 et bus 23, 117, 393 428<\/li>\n<p>&#13;<\/p>\n<li><strong>Limeil-Br\u00e9vannes<\/strong> &#8211; correspondance avec le bus 430<\/li>\n<p>&#13;<\/p>\n<li><strong>Valenton<\/strong> &#8211; correspondance avec le bus 427, 428, 430<\/li>\n<p>&#13;<\/p>\n<li><strong>La V\u00e9g\u00e9tale<\/strong> &#8211; correspondance avec le bus E, 429, 430<\/li>\n<p>&#13;<\/p>\n<li><strong>Villeneuve-Saint-Georges \u2013 Villa Nova<\/strong> &#8211; correspondance avec le bus 427, E<\/li>\n<p>&#13;\n<\/ol>\n<p>Dur\u00e9e totale du trajet\u00a0: <strong>environ 18 minutes. <\/strong>Soit deux fois plus rapide que les bus actuels, soumis \u00e0 la congestion routi\u00e8re.<\/p>\n<p>Les cabines (environ 10 places assises + debout) peuvent transporter plusieurs milliers de passagers par heure. Une cabine est pr\u00e9vue toutes les<strong> 15 \u00e0 20 secondes<\/strong> en heure de pointe.<\/p>\n<p><a data-lightbox=\"article\" data-title=\"Plan des stations du t\u00e9l\u00e9ph\u00e9rique d\u2019\u00cele-de-France DR\" class=\"image detail fullwidth\" href=\"https:\/\/www.jds.fr\/medias\/image\/le-premier-telepherique-d-ile-de-france-sera-mis-e-1-787736-1200-0-F.webp\" title=\"Plan des stations du t\u00e9l\u00e9ph\u00e9rique d\u2019\u00cele-de-France DR\" target=\"_blank\" rel=\"noopener\"><br \/>\n<img decoding=\"async\" loading=\"lazy\" src=\"https:\/\/www.europesays.com\/fr\/wp-content\/uploads\/2025\/12\/le-premier-telepherique-d-ile-de-france-sera-mis-e-1-787736-1200-0.webp.webp\"   alt=\"Plan des stations du t\u00e9l\u00e9ph\u00e9rique d\u2019\u00cele-de-France\" class=\"shortcode_image border\"\/><br \/>\n\u00a9 DR<br \/>\nPlan des stations du t\u00e9l\u00e9ph\u00e9rique d\u2019\u00cele-de-France<br \/>\n<\/a>\n<\/p>\n<p>Combien co\u00fbtera le trajet en t\u00e9l\u00e9cabine\u00a0?<\/p>\n<p>Le C\u00e2ble C1 fait partie int\u00e9grante du r\u00e9seau \u00cele-de-France Mobilit\u00e9s. Il sera soumis \u00e0 la m\u00eame tarification que m\u00e9tro \/ RER \/ tram \/ bus, y compris Navigo, Imagine R, tickets t+, etc. Si vous \u00eates un voyageur occasionnel, la tarification\u00a0\u00ab\u00a0mode de surface\u00a0\u00bb s&rsquo;applique pour le t\u00e9l\u00e9ph\u00e9rique C1, comme le bus ou le tram (ticket M\u00e9tro-Train-RER + ticket Bus-Tram-C\u00e2ble, soit <strong>4,50\u20ac<\/strong> le trajet).\u00a0<\/p>\n<p>Un projet \u00e9cologique et novateur\u00a0<\/p>\n<p>L\u2019un des atouts majeurs du t\u00e9l\u00e9ph\u00e9rique C\u00e2ble C1 est son faible impact environnemental, nettement inf\u00e9rieur \u00e0 celui des transports routiers traditionnels. Ce mode de transport, d\u00e9j\u00e0 \u00e9prouv\u00e9 dans plusieurs villes du monde, s\u2019inscrit dans une strat\u00e9gie de transition \u00e9cologique visant \u00e0 r\u00e9duire les \u00e9missions polluantes tout en am\u00e9liorant la mobilit\u00e9.<\/p>\n<p>Le transport par c\u00e2ble est l\u2019un des syst\u00e8mes les plus sobres en \u00e9nergie. L\u2019infrastructure n\u00e9cessite moins d\u2019\u00e9lectricit\u00e9 par passager transport\u00e9 qu\u2019un bus ou m\u00eame un tramway. De plus, les cabines ne disposent pas de moteurs individuels\u00a0: elles sont tract\u00e9es par un unique c\u00e2ble motoris\u00e9, optimisant la d\u00e9pense \u00e9nerg\u00e9tique.<\/p>\n<p>Autre atout non n\u00e9gligeable, il s&rsquo;agit l\u00e0 d&rsquo;un mode de transport silencieux. Les cabines glissent sur le c\u00e2ble sans moteur embarqu\u00e9, ce qui r\u00e9duit fortement les nuisances sonores.\u00a0<\/p>\n<p>Le C\u00e2ble C1 marque un tournant dans les transports franciliens\u00a0: plus rapide, plus r\u00e9gulier, plus \u00e9cologique et adapt\u00e9 aux besoins d\u2019un secteur dense et satur\u00e9. Ce t\u00e9l\u00e9ph\u00e9rique deviendra rapidement un maillon essentiel du r\u00e9seau du Grand Paris.<\/p>\n<p>T\u00e9l\u00e9ph\u00e9rique d\u2019\u00cele-de-France\u00a0: la FAQ<\/p>\n<p><strong>\ud83d\udd16 Le t\u00e9l\u00e9ph\u00e9rique fonctionnera-t-il m\u00eame par mauvais temps\u00a0?<\/strong><\/p>\n<p>Oui. Il r\u00e9siste au vent et aux intemp\u00e9ries courantes en r\u00e9gion parisienne. Seules des rafales exceptionnelles pourraient perturber le service.<\/p>\n<p><strong>\ud83d\udd16 Les cabines seront-elles chauff\u00e9es \/ climatis\u00e9es\u00a0?<\/strong><\/p>\n<p>Elles sont ventil\u00e9es et con\u00e7ues pour un confort optimal. Pas de clim traditionnelle, mais une circulation d\u2019air adapt\u00e9e.<\/p>\n<p><strong>\ud83d\udd16 Peut-on monter avec une poussette ou un v\u00e9lo\u00a0?<\/strong><\/p>\n<p>Les poussettes et fauteuils roulants sont accept\u00e9s dans les cabines. Les v\u00e9los peuvent \u00eatre soumis \u00e0 restriction selon l&rsquo;affluence).\u00a0<\/p>\n<p><strong>\ud83d\udd16 Des am\u00e9nagement sp\u00e9cifiques sont-ils pr\u00e9vus aux abords des stations\u00a0?<\/strong><\/p>\n<p>Aux abords de chaque station, des am\u00e9nagements seront con\u00e7us pour faciliter l\u2019acc\u00e8s (v\u00e9lo, pi\u00e9tons, PMR, PSH&#8230;), en toute s\u00e9curit\u00e9. Des arceaux \u00e0 v\u00e9lo ainsi que des consignes abrit\u00e9es et s\u00e9curis\u00e9es seront implant\u00e9s sur toutes les stations.<\/p>\n<p>Date de derni\u00e8re mise \u00e0 jour le 09\/12\/2025.<\/p>\n","protected":false},"excerpt":{"rendered":"Le C\u00e2ble C1, premier t\u00e9l\u00e9ph\u00e9rique d\u2019\u00cele-de-France, entre en service ce samedi 13 d\u00e9cembre 2025 \u00e0 11h. Ce projet&hellip;\n","protected":false},"author":2,"featured_media":588290,"comment_status":"","ping_status":"","sticky":false,"template":"","format":"standard","meta":{"footnotes":""},"categories":[1592],"tags":[1111,11,1777,674,1011,27,662,12,626,25],"class_list":{"0":"post-588289","1":"post","2":"type-post","3":"status-publish","4":"format-standard","5":"has-post-thumbnail","7":"category-ile-de-france","8":"tag-actu","9":"tag-actualites","10":"tag-eu","11":"tag-europe","12":"tag-fr","13":"tag-france","14":"tag-ile-de-france","15":"tag-news","16":"tag-paris","17":"tag-republique-francaise"},"share_on_mastodon":{"url":"https:\/\/pubeurope.com\/@fr\/115689091048275252","error":""},"_links":{"self":[{"href":"https:\/\/www.europesays.com\/fr\/wp-json\/wp\/v2\/posts\/588289","targetHints":{"allow":["GET"]}}],"collection":[{"href":"https:\/\/www.europesays.com\/fr\/wp-json\/wp\/v2\/posts"}],"about":[{"href":"https:\/\/www.europesays.com\/fr\/wp-json\/wp\/v2\/types\/post"}],"author":[{"embeddable":true,"href":"https:\/\/www.europesays.com\/fr\/wp-json\/wp\/v2\/users\/2"}],"replies":[{"embeddable":true,"href":"https:\/\/www.europesays.com\/fr\/wp-json\/wp\/v2\/comments?post=588289"}],"version-history":[{"count":0,"href":"https:\/\/www.europesays.com\/fr\/wp-json\/wp\/v2\/posts\/588289\/revisions"}],"wp:featuredmedia":[{"embeddable":true,"href":"https:\/\/www.europesays.com\/fr\/wp-json\/wp\/v2\/media\/588290"}],"wp:attachment":[{"href":"https:\/\/www.europesays.com\/fr\/wp-json\/wp\/v2\/media?parent=588289"}],"wp:term":[{"taxonomy":"category","embeddable":true,"href":"https:\/\/www.europesays.com\/fr\/wp-json\/wp\/v2\/categories?post=588289"},{"taxonomy":"post_tag","embeddable":true,"href":"https:\/\/www.europesays.com\/fr\/wp-json\/wp\/v2\/tags?post=588289"}],"curies":[{"name":"wp","href":"https:\/\/api.w.org\/{rel}","templated":true}]}}