{"id":588295,"date":"2025-12-09T10:18:14","date_gmt":"2025-12-09T10:18:14","guid":{"rendered":"https:\/\/www.europesays.com\/fr\/588295\/"},"modified":"2025-12-09T10:18:14","modified_gmt":"2025-12-09T10:18:14","slug":"paris-le-trafic-interrompu-sur-la-ligne-8-des-voyageurs-bloques-dans-le-metro-pendant-plus-dune-heure","status":"publish","type":"post","link":"https:\/\/www.europesays.com\/fr\/588295\/","title":{"rendered":"Paris\u00a0: le trafic interrompu sur la ligne 8, des voyageurs bloqu\u00e9s dans le m\u00e9tro pendant plus d\u2019une heure"},"content":{"rendered":"<p class=\"paragraph text_align_left lp-f-body-02\">La situation reste perturb\u00e9e. Le trafic de<a href=\"https:\/\/www.leparisien.fr\/info-paris-ile-de-france-oise\/transports\/paris-larret-republique-de-la-ligne-8-du-metro-sera-ferme-pendant-neuf-mois-entre-2026-et-2027-01-12-2025-7IFVNCXJHRBFDHYYU2QQMHLZCQ.php\" target=\"_blank\" rel=\"noreferrer noopener\"> la ligne 8 du m\u00e9tro<\/a> parisien est interrompu entre les arr\u00eats <a href=\"https:\/\/www.leparisien.fr\/faits-divers\/paris-le-quartier-de-la-motte-picquet-boucle-en-raison-dune-alerte-a-la-bombe-au-mcdonalds-18-01-2025-MVV2ZWDAKJEH7AL6PQFMGEB4EY.php\" target=\"_blank\" rel=\"noreferrer noopener\">La Motte-Piquet-Grenelle<\/a> et R\u00e9publique depuis environ 9 heures et au moins jusqu\u2019\u00e0 11 heures, a annonc\u00e9 la RATP sur ses r\u00e9seaux sociaux ce mardi matin.<\/p>\n<p class=\"paragraph text_align_left lp-f-body-02\">\u00ab Cela fait suite \u00e0 un m\u00e9tro en panne \u00e0 Madeleine \u00bb, pr\u00e9cise la r\u00e9gie des transports sur son compte X.<\/p>\n<blockquote class=\"twitter-tweet\">\n<p lang=\"fr\" dir=\"ltr\">\u274cLe trafic est interrompu entre La Motte-Picquet \u2013 Grenelle et R\u00e9publique et reprendra vers 11:00. Cela fait suite \u00e0 un m\u00e9tro en panne \u00e0 Madeleine sur la <a href=\"https:\/\/twitter.com\/hashtag\/Ligne8?src=hash&amp;ref_src=twsrc%5Etfw\" target=\"_blank\" rel=\"noopener\">#Ligne8<\/a> <a href=\"https:\/\/twitter.com\/hashtag\/RATP?src=hash&amp;ref_src=twsrc%5Etfw\" target=\"_blank\" rel=\"noopener\">#RATP<\/a><br \/>\u2139\ufe0fPour poursuivre votre trajet, veuillez consulter la recherche d&rsquo;itin\u00e9raires \ud83d\udc49 <a href=\"https:\/\/t.co\/4RsrG1OYns\">https:\/\/t.co\/4RsrG1OYns<\/a><\/p>\n<p>\u2014 Ligne 8 (@Ligne8_RATP) <a href=\"https:\/\/twitter.com\/Ligne8_RATP\/status\/1998318752459284740?ref_src=twsrc%5Etfw\" target=\"_blank\" rel=\"noopener\">December 9, 2025<\/a><\/p><\/blockquote>\n<p class=\"paragraph text_align_left lp-f-body-02\">Aupr\u00e8s du Parisien, un voyageur affirme que des passagers sont rest\u00e9s bloqu\u00e9s plus d\u2019une heure dans le m\u00e9tro. \u00ab On a entendu un bruit et \u00e7a s\u2019est mis \u00e0 souffler fort, comme si un tuyau avait \u00e9t\u00e9 d\u00e9branch\u00e9 \u00bb, raconte cet usager.<\/p>\n<p>Un malaise<\/p>\n<p class=\"paragraph text_align_left lp-f-body-02\">Selon lui, l\u2019une des personnes pr\u00e9sentes dans le m\u00e9tro \u00ab a fini par <a href=\"https:\/\/www.leparisien.fr\/info-paris-ile-de-france-oise\/transports\/metros-et-rer-du-grand-paris-le-nouveau-protocole-en-cas-de-malaises-voyageurs-sappliquera-a-partir-de-juin-27-02-2024-7XDWYEAKRVE2TBJDHDW7IEFNP4.php\" target=\"_blank\" rel=\"noreferrer noopener\">faire un malaise<\/a> \u00bb. De son c\u00f4t\u00e9, la RATP indique qu\u2019elle n\u2019a \u00ab pas eu de demande d\u2019intervention des pompiers pour un malaise sur la ligne 8 \u00bb.<\/p>\n<p class=\"paragraph text_align_left lp-f-body-02\">Apr\u00e8s de longues minutes sans information, ce t\u00e9moin affirme que les portes du m\u00e9tro ont \u00e9t\u00e9 ouvertes et que les passagers ont pu \u00ab sortir sur les rails \u00bb pour marcher jusqu\u2019\u00e0 la station <a href=\"https:\/\/www.leparisien.fr\/jo-paris-2024\/metro-les-stations-concorde-et-tuileries-baissent-le-rideau-jusquen-septembre-a-partir-de-ce-lundi-17-juin-15-06-2024-TZKPCQLXORE5XFNSURPTL6DILI.php\" target=\"_blank\" rel=\"noreferrer noopener\">Concorde<\/a>. \u00ab L\u2019\u00e9vacuation s\u2019est d\u00e9roul\u00e9e dans le calme et de mani\u00e8re ma\u00eetris\u00e9e, encadr\u00e9e par les \u00e9quipes de la RATP \u00bb, assure la soci\u00e9t\u00e9 de transports. \u00ab Les voyageurs ont \u00e9t\u00e9 accueillis par des agents qui leur ont attribu\u00e9 de l\u2019eau \u00bb, ajoute-t-elle.<\/p>\n<p class=\"paragraph text_align_left lp-f-body-02\">Sur les r\u00e9seaux sociaux, de nombreuses personnes se plaignent de la situation. D\u2019autant que d\u2019autres lignes connaissent des perturbations ce mardi matin, notamment le RER A et le RER D.<\/p>\n<p><script async src=\"https:\/\/platform.twitter.com\/widgets.js\" charset=\"utf-8\"><\/script><\/p>\n","protected":false},"excerpt":{"rendered":"La situation reste perturb\u00e9e. Le trafic de la ligne 8 du m\u00e9tro parisien est interrompu entre les arr\u00eats&hellip;\n","protected":false},"author":2,"featured_media":588296,"comment_status":"","ping_status":"","sticky":false,"template":"","format":"standard","meta":{"footnotes":""},"categories":[1888],"tags":[11,1777,674,1011,27,1944,12,626,25,2382],"class_list":{"0":"post-588295","1":"post","2":"type-post","3":"status-publish","4":"format-standard","5":"has-post-thumbnail","7":"category-paris","8":"tag-actualites","9":"tag-eu","10":"tag-europe","11":"tag-fr","12":"tag-france","13":"tag-ma-ville","14":"tag-news","15":"tag-paris","16":"tag-republique-francaise","17":"tag-transport-idf-oise"},"share_on_mastodon":{"url":"https:\/\/pubeurope.com\/@fr\/115689101971172178","error":""},"_links":{"self":[{"href":"https:\/\/www.europesays.com\/fr\/wp-json\/wp\/v2\/posts\/588295","targetHints":{"allow":["GET"]}}],"collection":[{"href":"https:\/\/www.europesays.com\/fr\/wp-json\/wp\/v2\/posts"}],"about":[{"href":"https:\/\/www.europesays.com\/fr\/wp-json\/wp\/v2\/types\/post"}],"author":[{"embeddable":true,"href":"https:\/\/www.europesays.com\/fr\/wp-json\/wp\/v2\/users\/2"}],"replies":[{"embeddable":true,"href":"https:\/\/www.europesays.com\/fr\/wp-json\/wp\/v2\/comments?post=588295"}],"version-history":[{"count":0,"href":"https:\/\/www.europesays.com\/fr\/wp-json\/wp\/v2\/posts\/588295\/revisions"}],"wp:featuredmedia":[{"embeddable":true,"href":"https:\/\/www.europesays.com\/fr\/wp-json\/wp\/v2\/media\/588296"}],"wp:attachment":[{"href":"https:\/\/www.europesays.com\/fr\/wp-json\/wp\/v2\/media?parent=588295"}],"wp:term":[{"taxonomy":"category","embeddable":true,"href":"https:\/\/www.europesays.com\/fr\/wp-json\/wp\/v2\/categories?post=588295"},{"taxonomy":"post_tag","embeddable":true,"href":"https:\/\/www.europesays.com\/fr\/wp-json\/wp\/v2\/tags?post=588295"}],"curies":[{"name":"wp","href":"https:\/\/api.w.org\/{rel}","templated":true}]}}