{"id":588299,"date":"2025-12-09T10:20:13","date_gmt":"2025-12-09T10:20:13","guid":{"rendered":"https:\/\/www.europesays.com\/fr\/588299\/"},"modified":"2025-12-09T10:20:13","modified_gmt":"2025-12-09T10:20:13","slug":"leurope-veillera-a-ce-que-la-russie-ne-dispose-plus-de-fonds-pour-financer-sa-machine-de-guerre-avertit-kaja-kallas","status":"publish","type":"post","link":"https:\/\/www.europesays.com\/fr\/588299\/","title":{"rendered":"L&rsquo;Europe \u00ab\u00a0veillera \u00e0 ce que la Russie ne dispose plus de fonds pour financer sa machine de guerre\u00a0\u00bb, avertit Kaja Kallas"},"content":{"rendered":"<p>L&rsquo;Europe \u00ab\u00a0veillera \u00e0 ce que la Russie ne dispose plus de fonds pour financer sa machine de guerre\u00a0\u00bb, avertit Kaja KallasSur le m\u00eame sujet<a href=\"https:\/\/www.bfmtv.com\/international\/europe\/ukraine\/video-kaja-kallas-defend-la-liberte-en-union-europeenne-face-aux-critiques-americaines-parlant-de-censure_VN-202512090437.html\" title=\"Kaja Kallas d\u00e9fend la &quot;libert\u00e9&quot; en Union europ\u00e9enne face aux critiques am\u00e9ricaines parlant de &quot;censure&quot;\" target=\"_blank\" rel=\"noopener\"><img width=\"16\" height=\"9\" class=\"lozad\"  alt=\"Kaja Kallas d\u00e9fend la &quot;libert\u00e9&quot; en Union europ\u00e9enne face aux critiques am\u00e9ricaines parlant de &quot;censure&quot;\"\/>1:17Kaja Kallas d\u00e9fend la \u00ab\u00a0libert\u00e9\u00a0\u00bb en Union europ\u00e9enne face aux critiques am\u00e9ricaines parlant de \u00ab\u00a0censure\u00a0\u00bb<\/a><a href=\"https:\/\/www.bfmtv.com\/international\/europe\/ukraine\/video-l-europe-veillera-a-ce-que-la-russie-ne-dispose-plus-de-fonds-pour-financer-sa-machine-de-guerre-avertit-kaja-kallas_VN-202512090432.html\" title=\"L&#039;Europe &quot;veillera \u00e0 ce que la Russie ne dispose plus de fonds pour financer sa machine de guerre&quot;, avertit Kaja Kallas\" target=\"_blank\" rel=\"noopener\"><img width=\"16\" height=\"9\" class=\"lozad\"  alt=\"L'Europe &quot;veillera \u00e0 ce que la Russie ne dispose plus de fonds pour financer sa machine de guerre&quot;, avertit Kaja Kallas\"\/>en lectureL&rsquo;Europe \u00ab\u00a0veillera \u00e0 ce que la Russie ne dispose plus de fonds pour financer sa machine de guerre\u00a0\u00bb, avertit Kaja Kallas<\/a><a href=\"https:\/\/www.bfmtv.com\/international\/europe\/ukraine\/video-guerre-en-ukraine-nous-voulons-batir-une-paix-robuste-durable-pour-les-ukrainiens-et-pour-les-europeens-assure-emmanuel-macron_VN-202512080861.html\" title=\"Guerre en Ukraine: &quot;Nous voulons b\u00e2tir une paix robuste, durable pour les Ukrainiens et pour les Europ\u00e9ens&quot;, assure Emmanuel Macron\" target=\"_blank\" rel=\"noopener\"><img width=\"16\" height=\"9\" class=\"lozad\"  alt=\"Guerre en Ukraine: &quot;Nous voulons b\u00e2tir une paix robuste, durable pour les Ukrainiens et pour les Europ\u00e9ens&quot;, assure Emmanuel Macron\"\/>1:27Guerre en Ukraine: \u00ab\u00a0Nous voulons b\u00e2tir une paix robuste, durable pour les Ukrainiens et pour les Europ\u00e9ens\u00a0\u00bb, assure Emmanuel Macron<\/a><a href=\"https:\/\/www.bfmtv.com\/international\/europe\/ukraine\/video-negociation-de-paix-en-ukraine-emmanuel-macron-est-attendu-a-londres-ce-lundi_VN-202512070282.html\" title=\"N\u00e9gociation de paix en Ukraine: Emmanuel Macron est attendu \u00e0 Londres ce lundi\" target=\"_blank\" rel=\"noopener\"><img width=\"16\" height=\"9\" class=\"lozad\"  alt=\"N\u00e9gociation de paix en Ukraine: Emmanuel Macron est attendu \u00e0 Londres ce lundi\"\/>1:08N\u00e9gociation de paix en Ukraine: Emmanuel Macron est attendu \u00e0 Londres ce lundi<\/a><a href=\"https:\/\/www.bfmtv.com\/international\/europe\/ukraine\/video-l-osce-entend-continuer-a-soutenir-l-ukraine-et-veille-a-ce-que-la-russie-soit-tenue-responsable-de-ses-actes_VN-202512050668.html\" title=\"L&#039;OSCE entend &quot;continuer \u00e0 soutenir l&#039;Ukraine&quot; et veille \u00e0 ce que &quot;la Russie soit tenue responsable de ses actes&quot;\" target=\"_blank\" rel=\"noopener\"><img width=\"16\" height=\"9\" class=\"lozad\"  alt=\"L'OSCE entend &quot;continuer \u00e0 soutenir l'Ukraine&quot; et veille \u00e0 ce que &quot;la Russie soit tenue responsable de ses actes&quot;\"\/>1:16L&rsquo;OSCE entend \u00ab\u00a0continuer \u00e0 soutenir l&rsquo;Ukraine\u00a0\u00bb et veille \u00e0 ce que \u00ab\u00a0la Russie soit tenue responsable de ses actes\u00a0\u00bb<\/a><a href=\"https:\/\/www.bfmtv.com\/international\/europe\/ukraine\/video-guerre-en-ukraine-emmanuel-macron-juge-indispensable-l-unite-entre-europeens-et-americains_VN-202512050430.html\" title=\"Guerre en Ukraine: Emmanuel Macron juge &quot;indispensable&quot; l&#039;unit\u00e9 entre Europ\u00e9ens et Am\u00e9ricains\" target=\"_blank\" rel=\"noopener\"><img width=\"16\" height=\"9\" class=\"lozad\"  alt=\"Guerre en Ukraine: Emmanuel Macron juge &quot;indispensable&quot; l'unit\u00e9 entre Europ\u00e9ens et Am\u00e9ricains\"\/>1:53Guerre en Ukraine: Emmanuel Macron juge \u00ab\u00a0indispensable\u00a0\u00bb l&rsquo;unit\u00e9 entre Europ\u00e9ens et Am\u00e9ricains<\/a><a href=\"https:\/\/www.bfmtv.com\/international\/europe\/ukraine\/video-il-ne-faut-pas-faire-la-guerre-aux-russes-affirme-jean-luc-melenchon-chef-de-file-de-la-france-insoumise_VN-202512041016.html\" title=\"&quot;Il ne faut pas faire la guerre aux Russes&quot;, affirme Jean-Luc M\u00e9lenchon, chef de file de la France insoumise\" target=\"_blank\" rel=\"noopener\"><img width=\"16\" height=\"9\" class=\"lozad\"  alt=\"&quot;Il ne faut pas faire la guerre aux Russes&quot;, affirme Jean-Luc M\u00e9lenchon, chef de file de la France insoumise\"\/>1:44&Prime;Il ne faut pas faire la guerre aux Russes\u00a0\u00bb, affirme Jean-Luc M\u00e9lenchon, chef de file de la France insoumise<\/a><a href=\"https:\/\/www.bfmtv.com\/international\/europe\/ukraine\/video-l-avis-des-gens-ils-s-en-foutent-jean-luc-melenchon-deplore-les-decisions-de-l-ue-dans-la-guerre-en-ukraine_VN-202512041015.html\" title=\"&quot;L&#039;avis des gens, ils s&#039;en foutent&quot;: Jean-Luc M\u00e9lenchon d\u00e9plore les d\u00e9cisions de l&#039;UE dans la guerre en Ukraine\" target=\"_blank\" rel=\"noopener\"><img width=\"16\" height=\"9\" class=\"lozad\"  alt=\"&quot;L'avis des gens, ils s'en foutent&quot;: Jean-Luc M\u00e9lenchon d\u00e9plore les d\u00e9cisions de l'UE dans la guerre en Ukraine\"\/>1:42&Prime;L&rsquo;avis des gens, ils s&rsquo;en foutent\u00a0\u00bb: Jean-Luc M\u00e9lenchon d\u00e9plore les d\u00e9cisions de l&rsquo;UE dans la guerre en Ukraine<\/a><a href=\"https:\/\/www.bfmtv.com\/international\/europe\/ukraine\/video-nous-devons-depenser-mieux-et-plus-intelligemment-face-a-la-menace-russe-declare-le-ministre-norvegien-de-la-defense_VN-202512040568.html\" title=\"&quot;Nous devons d\u00e9penser mieux et plus intelligemment&quot; face \u00e0 la menace russe, d\u00e9clare le ministre norv\u00e9gien de la D\u00e9fense\" target=\"_blank\" rel=\"noopener\"><img width=\"16\" height=\"9\" class=\"lozad\"  alt=\"&quot;Nous devons d\u00e9penser mieux et plus intelligemment&quot; face \u00e0 la menace russe, d\u00e9clare le ministre norv\u00e9gien de la D\u00e9fense\"\/>1:03&Prime;Nous devons d\u00e9penser mieux et plus intelligemment\u00a0\u00bb face \u00e0 la menace russe, d\u00e9clare le ministre norv\u00e9gien de la D\u00e9fense<\/a><a href=\"https:\/\/www.bfmtv.com\/international\/europe\/ukraine\/video-londres-et-oslo-vont-traquer-ensemble-les-sous-marins-russes-dans-l-atlantique-nord_VN-202512040550.html\" title=\"Londres et Oslo vont traquer ensemble les sous-marins russes dans l&#039;Atlantique Nord\" target=\"_blank\" rel=\"noopener\"><img width=\"16\" height=\"9\" class=\"lozad\"  alt=\"Londres et Oslo vont traquer ensemble les sous-marins russes dans l'Atlantique Nord\"\/>1:31Londres et Oslo vont traquer ensemble les sous-marins russes dans l&rsquo;Atlantique Nord<\/a><a href=\"https:\/\/www.bfmtv.com\/international\/europe\/ukraine\/video-guerre-en-ukraine-la-chine-continuera-de-jouer-un-role-constructif-pour-le-reglement-de-cette-crise-affirme-xi-jinping-devant-emmanuel-macron_VN-202512040207.html\" title=\"Guerre en Ukraine: &quot;La Chine continuera de jouer un r\u00f4le constructif pour le r\u00e9glement de cette crise&quot;, affirme Xi Jinping devant Emmanuel Macron\" target=\"_blank\" rel=\"noopener\"><img width=\"16\" height=\"9\" class=\"lozad\"  alt=\"Guerre en Ukraine: &quot;La Chine continuera de jouer un r\u00f4le constructif pour le r\u00e9glement de cette crise&quot;, affirme Xi Jinping devant Emmanuel Macron\"\/>0:40Guerre en Ukraine: \u00ab\u00a0La Chine continuera de jouer un r\u00f4le constructif pour le r\u00e9glement de cette crise\u00a0\u00bb, affirme Xi Jinping devant Emmanuel Macron<\/a><a href=\"https:\/\/www.bfmtv.com\/international\/europe\/ukraine\/video-negociations-sur-l-ukraine-donald-trump-evoque-une-tres-bonne-rencontre-entre-son-emissaire-et-vladimir-poutine_VN-202512030974.html\" title=\"N\u00e9gociations sur l&#039;Ukraine: Donald Trump \u00e9voque une &quot;tr\u00e8s bonne rencontre&quot; entre son \u00e9missaire et Vladimir Poutine\" target=\"_blank\" rel=\"noopener\"><img width=\"16\" height=\"9\" class=\"lozad\"  alt=\"N\u00e9gociations sur l'Ukraine: Donald Trump \u00e9voque une &quot;tr\u00e8s bonne rencontre&quot; entre son \u00e9missaire et Vladimir Poutine\"\/>1:04N\u00e9gociations sur l&rsquo;Ukraine: Donald Trump \u00e9voque une \u00ab\u00a0tr\u00e8s bonne rencontre\u00a0\u00bb entre son \u00e9missaire et Vladimir Poutine<\/a><a href=\"https:\/\/www.bfmtv.com\/international\/europe\/ukraine\/video-vladimir-poutine-pret-a-faire-la-guerre-a-l-europe-marie-mendras-juge-cette-possibilite-improbable_VN-202512030948.html\" title=\"Vladimir Poutine &quot;pr\u00eat \u00e0 faire la guerre \u00e0 l&#039;Europe&quot;: Marie Mendras juge cette possibilit\u00e9 &quot;improbable&quot;\" target=\"_blank\" rel=\"noopener\"><img width=\"16\" height=\"9\" class=\"lozad\"  alt=\"Vladimir Poutine &quot;pr\u00eat \u00e0 faire la guerre \u00e0 l'Europe&quot;: Marie Mendras juge cette possibilit\u00e9 &quot;improbable&quot;\"\/>2:14Vladimir Poutine \u00ab\u00a0pr\u00eat \u00e0 faire la guerre \u00e0 l&rsquo;Europe\u00a0\u00bb: Marie Mendras juge cette possibilit\u00e9 \u00ab\u00a0improbable\u00a0\u00bb<\/a><a href=\"https:\/\/www.bfmtv.com\/international\/europe\/ukraine\/video-menaces-de-vladimir-poutine-marie-mendras-professeure-a-sciences-po-voit-un-peu-de-panique-dans-ces-propos_VN-202512030914.html\" title=\"Menaces de Vladimir Poutine: Marie Mendras, professeure \u00e0 Sciences Po, voit &quot;un peu de panique&quot; dans ces propos\" target=\"_blank\" rel=\"noopener\"><img width=\"16\" height=\"9\" class=\"lozad\"  alt=\"Menaces de Vladimir Poutine: Marie Mendras, professeure \u00e0 Sciences Po, voit &quot;un peu de panique&quot; dans ces propos\"\/>1:57Menaces de Vladimir Poutine: Marie Mendras, professeure \u00e0 Sciences Po, voit \u00ab\u00a0un peu de panique\u00a0\u00bb dans ces propos<\/a><a class=\"jumpToVideo\" target=\"_blank\"><img class=\"thumbnailPreview\"\/><\/a><\/p>\n","protected":false},"excerpt":{"rendered":"L&rsquo;Europe \u00ab\u00a0veillera \u00e0 ce que la Russie ne dispose plus de fonds pour financer sa machine de guerre\u00a0\u00bb,&hellip;\n","protected":false},"author":2,"featured_media":588300,"comment_status":"","ping_status":"","sticky":false,"template":"","format":"standard","meta":{"footnotes":""},"categories":[1591],"tags":[11,1887,12,1885,1886,132],"class_list":{"0":"post-588299","1":"post","2":"type-post","3":"status-publish","4":"format-standard","5":"has-post-thumbnail","7":"category-russie","8":"tag-actualites","9":"tag-federation-de-russie","10":"tag-news","11":"tag-russia","12":"tag-russian-federation","13":"tag-russie"},"share_on_mastodon":{"url":"https:\/\/pubeurope.com\/@fr\/115689109843929011","error":""},"_links":{"self":[{"href":"https:\/\/www.europesays.com\/fr\/wp-json\/wp\/v2\/posts\/588299","targetHints":{"allow":["GET"]}}],"collection":[{"href":"https:\/\/www.europesays.com\/fr\/wp-json\/wp\/v2\/posts"}],"about":[{"href":"https:\/\/www.europesays.com\/fr\/wp-json\/wp\/v2\/types\/post"}],"author":[{"embeddable":true,"href":"https:\/\/www.europesays.com\/fr\/wp-json\/wp\/v2\/users\/2"}],"replies":[{"embeddable":true,"href":"https:\/\/www.europesays.com\/fr\/wp-json\/wp\/v2\/comments?post=588299"}],"version-history":[{"count":0,"href":"https:\/\/www.europesays.com\/fr\/wp-json\/wp\/v2\/posts\/588299\/revisions"}],"wp:featuredmedia":[{"embeddable":true,"href":"https:\/\/www.europesays.com\/fr\/wp-json\/wp\/v2\/media\/588300"}],"wp:attachment":[{"href":"https:\/\/www.europesays.com\/fr\/wp-json\/wp\/v2\/media?parent=588299"}],"wp:term":[{"taxonomy":"category","embeddable":true,"href":"https:\/\/www.europesays.com\/fr\/wp-json\/wp\/v2\/categories?post=588299"},{"taxonomy":"post_tag","embeddable":true,"href":"https:\/\/www.europesays.com\/fr\/wp-json\/wp\/v2\/tags?post=588299"}],"curies":[{"name":"wp","href":"https:\/\/api.w.org\/{rel}","templated":true}]}}