{"id":588303,"date":"2025-12-09T10:22:16","date_gmt":"2025-12-09T10:22:16","guid":{"rendered":"https:\/\/www.europesays.com\/fr\/588303\/"},"modified":"2025-12-09T10:22:16","modified_gmt":"2025-12-09T10:22:16","slug":"washington-veut-denucleariser-completement-pyongyang","status":"publish","type":"post","link":"https:\/\/www.europesays.com\/fr\/588303\/","title":{"rendered":"Washington veut d\u00e9nucl\u00e9ariser compl\u00e8tement Pyongyang"},"content":{"rendered":"<p>L&rsquo;ambassadeur am\u00e9ricain par int\u00e9rim \u00e0 S\u00e9oul, Kevin Kim, a tenu ces propos \u00e0 l&rsquo;issue d&rsquo;une r\u00e9union avec le vice-ministre sud-cor\u00e9en des Affaires \u00e9trang\u00e8res, Park Yoon-joo, rapporte l&rsquo;agence de presse Yonhap. <\/p>\n<p>Cette mise au point intervient quelques jours apr\u00e8s la publication par l&rsquo;administration Trump de sa nouvelle strat\u00e9gie de s\u00e9curit\u00e9 nationale (NSS), qui ne mentionnait pas explicitement la d\u00e9nucl\u00e9arisation de Pyongyang. <\/p>\n<p>\u00abLe pr\u00e9sident Trump et le pr\u00e9sident (sud-cor\u00e9en) Lee (Jae Myung) ont r\u00e9it\u00e9r\u00e9 leur engagement en faveur de la d\u00e9nucl\u00e9arisation compl\u00e8te de la Cor\u00e9e du Nord dans le document conjoint\u00bb, a d\u00e9clar\u00e9 Kim, faisant r\u00e9f\u00e9rence au texte publi\u00e9 r\u00e9cemment par les deux alli\u00e9s \u00e0 l&rsquo;issue de leur sommet. \u00abC&rsquo;est notre politique actuelle \u00e0 l&rsquo;\u00e9gard de la Cor\u00e9e\u00bb, a-t-il insist\u00e9. <\/p>\n<p>Kim a pr\u00e9cis\u00e9 que la Cor\u00e9e du Nord figurait parmi les sujets abord\u00e9s lors de son entretien avec Park, \u00e9voquant notamment les moyens d&rsquo;\u00aboptimiser la coordination\u00bb sur ce dossier et les sujets connexes. <\/p>\n<p>Interrog\u00e9 sur la possibilit\u00e9 que Washington r\u00e9vise l&rsquo;accord sur l&rsquo;\u00e9nergie nucl\u00e9aire pour permettre \u00e0 S\u00e9oul d&rsquo;enrichir de l&rsquo;uranium et de retraiter le combustible us\u00e9, il a indiqu\u00e9 que les deux parties \u00e9taient \u00abtoujours en discussion\u00bb. <\/p>\n<p>L&rsquo;agence de presse officielle nord-cor\u00e9enne KCNA avait r\u00e9agi en affirmant que ce document conjoint de la Maison Blanche \u00abconsacrait une fois de plus une politique d&rsquo;hostilit\u00e9 et de confrontation\u00bb envers Pyongyang.<\/p>\n","protected":false},"excerpt":{"rendered":"L&rsquo;ambassadeur am\u00e9ricain par int\u00e9rim \u00e0 S\u00e9oul, Kevin Kim, a tenu ces propos \u00e0 l&rsquo;issue d&rsquo;une r\u00e9union avec le&hellip;\n","protected":false},"author":2,"featured_media":588304,"comment_status":"","ping_status":"","sticky":false,"template":"","format":"standard","meta":{"footnotes":""},"categories":[1589],"tags":[11,5024,5025,5026,258,5028,1659,5029,5027,251,33,2518,73,1866,1283,1757,1393,985,12,316,104,517,5030,1864,1865,1863,308],"class_list":{"0":"post-588303","1":"post","2":"type-post","3":"status-publish","4":"format-standard","5":"has-post-thumbnail","7":"category-etats-unis","8":"tag-actualites","9":"tag-actualites-et-infos-au-maroc","10":"tag-actualites-et-infos-mondiale","11":"tag-actualites-marocaines-du-jour","12":"tag-alimentation","13":"tag-analyses","14":"tag-art-de-vivre","15":"tag-chronique","16":"tag-consommation-et-bien-etre","17":"tag-culture","18":"tag-economie","19":"tag-edito","20":"tag-etats-unis","21":"tag-etats-unis-damerique","22":"tag-etudes","23":"tag-insolite","24":"tag-loisirs","25":"tag-mode","26":"tag-news","27":"tag-politique","28":"tag-societe","29":"tag-sport","30":"tag-tribune","31":"tag-united-states","32":"tag-united-states-of-america","33":"tag-us","34":"tag-usa"},"share_on_mastodon":{"url":"https:\/\/pubeurope.com\/@fr\/115689117749732188","error":""},"_links":{"self":[{"href":"https:\/\/www.europesays.com\/fr\/wp-json\/wp\/v2\/posts\/588303","targetHints":{"allow":["GET"]}}],"collection":[{"href":"https:\/\/www.europesays.com\/fr\/wp-json\/wp\/v2\/posts"}],"about":[{"href":"https:\/\/www.europesays.com\/fr\/wp-json\/wp\/v2\/types\/post"}],"author":[{"embeddable":true,"href":"https:\/\/www.europesays.com\/fr\/wp-json\/wp\/v2\/users\/2"}],"replies":[{"embeddable":true,"href":"https:\/\/www.europesays.com\/fr\/wp-json\/wp\/v2\/comments?post=588303"}],"version-history":[{"count":0,"href":"https:\/\/www.europesays.com\/fr\/wp-json\/wp\/v2\/posts\/588303\/revisions"}],"wp:featuredmedia":[{"embeddable":true,"href":"https:\/\/www.europesays.com\/fr\/wp-json\/wp\/v2\/media\/588304"}],"wp:attachment":[{"href":"https:\/\/www.europesays.com\/fr\/wp-json\/wp\/v2\/media?parent=588303"}],"wp:term":[{"taxonomy":"category","embeddable":true,"href":"https:\/\/www.europesays.com\/fr\/wp-json\/wp\/v2\/categories?post=588303"},{"taxonomy":"post_tag","embeddable":true,"href":"https:\/\/www.europesays.com\/fr\/wp-json\/wp\/v2\/tags?post=588303"}],"curies":[{"name":"wp","href":"https:\/\/api.w.org\/{rel}","templated":true}]}}