{"id":588305,"date":"2025-12-09T10:23:18","date_gmt":"2025-12-09T10:23:18","guid":{"rendered":"https:\/\/www.europesays.com\/fr\/588305\/"},"modified":"2025-12-09T10:23:18","modified_gmt":"2025-12-09T10:23:18","slug":"royaume-uni-judi-dench-face-au-brouillard-de-la-memoire","status":"publish","type":"post","link":"https:\/\/www.europesays.com\/fr\/588305\/","title":{"rendered":"Royaume-Uni: Judi Dench face au brouillard de la m\u00e9moire"},"content":{"rendered":"<p>Publi\u00e99. d\u00e9cembre 2025, 11:07<\/p>\n<p>Royaume-Uni: Judi Dench face au brouillard de la m\u00e9moire<\/p>\n<p>\u00c0 91 ans, l\u2019ic\u00f4ne britannique confie ses trous noirs et sa quasi-c\u00e9cit\u00e9, tout en s\u2019accrochant \u00e0 Shakespeare comme \u00e0 une bou\u00e9e.<\/p>\n<p><img loading=\"lazy\" decoding=\"async\" src=\"https:\/\/www.europesays.com\/fr\/wp-content\/uploads\/2025\/12\/68de0417-462d-4e82-a5d3-2cea1abfdaff.jpg\" alt=\"Judi Dench \u00e0 Londres, le 20 mai 2024.\" title=\"Judi Dench \u00e0 Londres, le 20 mai 2024.\"  width=\"1200\" height=\"899\"\/><\/p>\n<p>Judi Dench \u00e0 Londres, le 20 mai 2024.<\/p>\n<p>WireImage<\/p>\n<p>L\u2019actrice britannique Judi Dench, mondialement connue pour son r\u00f4le de \u00abM\u00bb, la patronne de James Bond, a racont\u00e9 dans des interviews qu\u2019elle pouvait encore r\u00e9citer Shakespeare mais qu\u2019elle souffrait de pertes de m\u00e9moire et n\u2019y voyait quasiment plus.<\/p>\n<p>Judi Dench, qui f\u00eate mardi ses 91 ans, est l\u2019une des actrices anglaises les plus titr\u00e9es, avec un Oscar, deux Golden Globes, dix Baftas et de multiples r\u00e9compenses th\u00e9\u00e2trales.<\/p>\n<p>En 2022 encore, elle \u00e9tait nomin\u00e9e pour un Oscar.<\/p>\n<p>Dans une interview au magazine Radio Times publi\u00e9e dimanche, cette grande amoureuse de Shakespeare a expliqu\u00e9 \u00eatre chanceuse de se souvenir de longs passages de ses pi\u00e8ces.<\/p>\n<p>\u00abMais je ne me souviens pas de ce que je dois faire le lendemain\u00bb, a poursuivi celle qui a \u00e9t\u00e9 l\u2019une des plus grandes interpr\u00e8tes de Lady Macbeth.<\/p>\n<p>Judi Dench n\u2019a en revanche pas perdu son sens de l\u2019humour. Si elle croisait Shakespeare, elle lui demanderait: \u00abEcrivez-vous une autre pi\u00e8ce? Y a-t-il un r\u00f4le pour moi? Une vieille dame assise dans un coin qui prononce un joli discours \u00e0 un moment donn\u00e9, pas trop long\u00bb.<\/p>\n<p>Elle a aussi expliqu\u00e9 perdre la vue. Elle voit les personnes \u00e0 c\u00f4t\u00e9 d\u2019elle comme si elles \u00e9taient \u00abdans le brouillard\u00bb. L\u2019actrice ne peut plus regarder la t\u00e9l\u00e9vision et doit se contenter de l\u2019\u00e9couter. \u00abC\u2019est un cr\u00e8ve-c\u0153ur\u00bb, dit-elle.<\/p>\n<p>En 2012, elle a r\u00e9v\u00e9l\u00e9 que de graves probl\u00e8mes de vue caus\u00e9s par une d\u00e9g\u00e9n\u00e9rescence maculaire l\u2019obligeaient \u00e0 se faire lire les sc\u00e9narios.<\/p>\n<p>Lors d\u2019une interview sur la t\u00e9l\u00e9vision ITV d\u00e9but d\u00e9cembre, Judi Dench a expliqu\u00e9 qu\u2019elle ne voyait \u00abplus rien\u00bb. \u00abJe ne peux pas lire\u00bb, a-t-elle \u00e9galement admis.<\/p>\n<p>En 2023 d\u00e9j\u00e0, elle avait attribu\u00e9 sa retraite du monde du cin\u00e9ma \u00e0 sa maladie.<\/p>\n<p>(afp)<\/p>\n","protected":false},"excerpt":{"rendered":"Publi\u00e99. d\u00e9cembre 2025, 11:07 Royaume-Uni: Judi Dench face au brouillard de la m\u00e9moire \u00c0 91 ans, l\u2019ic\u00f4ne britannique&hellip;\n","protected":false},"author":2,"featured_media":588306,"comment_status":"","ping_status":"","sticky":false,"template":"","format":"standard","meta":{"footnotes":""},"categories":[1588],"tags":[11,1777,674,12,473,1853,1851,1850,1852],"class_list":{"0":"post-588305","1":"post","2":"type-post","3":"status-publish","4":"format-standard","5":"has-post-thumbnail","7":"category-royaume-uni","8":"tag-actualites","9":"tag-eu","10":"tag-europe","11":"tag-news","12":"tag-royaume-uni","13":"tag-royaume-uni-de-grande-bretagne-et-dirlande-du-nord","14":"tag-uk","15":"tag-united-kingdom","16":"tag-united-kingdom-of-great-britain-and-northern-ireland"},"share_on_mastodon":{"url":"https:\/\/pubeurope.com\/@fr\/115689122275517817","error":""},"_links":{"self":[{"href":"https:\/\/www.europesays.com\/fr\/wp-json\/wp\/v2\/posts\/588305","targetHints":{"allow":["GET"]}}],"collection":[{"href":"https:\/\/www.europesays.com\/fr\/wp-json\/wp\/v2\/posts"}],"about":[{"href":"https:\/\/www.europesays.com\/fr\/wp-json\/wp\/v2\/types\/post"}],"author":[{"embeddable":true,"href":"https:\/\/www.europesays.com\/fr\/wp-json\/wp\/v2\/users\/2"}],"replies":[{"embeddable":true,"href":"https:\/\/www.europesays.com\/fr\/wp-json\/wp\/v2\/comments?post=588305"}],"version-history":[{"count":0,"href":"https:\/\/www.europesays.com\/fr\/wp-json\/wp\/v2\/posts\/588305\/revisions"}],"wp:featuredmedia":[{"embeddable":true,"href":"https:\/\/www.europesays.com\/fr\/wp-json\/wp\/v2\/media\/588306"}],"wp:attachment":[{"href":"https:\/\/www.europesays.com\/fr\/wp-json\/wp\/v2\/media?parent=588305"}],"wp:term":[{"taxonomy":"category","embeddable":true,"href":"https:\/\/www.europesays.com\/fr\/wp-json\/wp\/v2\/categories?post=588305"},{"taxonomy":"post_tag","embeddable":true,"href":"https:\/\/www.europesays.com\/fr\/wp-json\/wp\/v2\/tags?post=588305"}],"curies":[{"name":"wp","href":"https:\/\/api.w.org\/{rel}","templated":true}]}}