{"id":588311,"date":"2025-12-09T10:26:14","date_gmt":"2025-12-09T10:26:14","guid":{"rendered":"https:\/\/www.europesays.com\/fr\/588311\/"},"modified":"2025-12-09T10:26:14","modified_gmt":"2025-12-09T10:26:14","slug":"vigilance-environnementale-des-grandes-entreprises-lue-reporte-encore-la-loi-en-2029-actualites","status":"publish","type":"post","link":"https:\/\/www.europesays.com\/fr\/588311\/","title":{"rendered":"Vigilance environnementale des grandes entreprises: l&rsquo;UE reporte encore la loi, en 2029 : Actualit\u00e9s"},"content":{"rendered":"<p class=\"lead \">L&rsquo;Union europ\u00e9enne a ent\u00e9rin\u00e9 un nouveau report de sa loi sur le devoir de vigilance environnementale des grandes entreprises, en 2029, apr\u00e8s avoir d\u00e9j\u00e0 largement d\u00e9tricot\u00e9 ce texte.<\/p>\n<p class=\"lead \">Selon un accord scell\u00e9 dans la nuit de lundi \u00e0 mardi entre pays europ\u00e9ens et eurod\u00e9put\u00e9s, les Etats auront jusqu&rsquo;au 26 juillet 2028 pour transposer cette loi et les entreprises devront se conformer aux nouvelles r\u00e8gles d&rsquo;ici juillet 2029, contre juillet 2028 auparavant.<\/p>\n<p class=\"lead \">Adopt\u00e9 il y a seulement un an et demi, ce texte visait \u00e0 obliger les grandes entreprises \u00e0 pr\u00e9venir et rem\u00e9dier aux violations de droits humains (travail des enfants, travail forc\u00e9, s\u00e9curit\u00e9&#8230;) et aux dommages environnementaux tout au long de leurs cha\u00eenes de valeur, y compris chez leurs fournisseurs dans le monde.<\/p>\n<p class=\"lead \">Mais il fait les frais du virage probusiness de l&rsquo;Union europ\u00e9enne, bouscul\u00e9e par la concurrence de la Chine et les droits de douane aux Etats-Unis. <\/p>\n<p class=\"lead \">Au nom de la \u00ab\u00a0simplification\u00a0\u00bb, les Vingt-Sept et les eurod\u00e9put\u00e9s ont d\u00e9cid\u00e9 de r\u00e9viser largement cette loi.<\/p>\n<p class=\"lead \">Le compromis scell\u00e9 dans la nuit reprend ainsi les grandes lignes d&rsquo;un vote du Parlement o\u00f9 droite et extr\u00eame droite s&rsquo;\u00e9taient alli\u00e9es pour sabrer une partie du texte mi-novembre.<\/p>\n<p class=\"lead \">Le seuil des entreprises concern\u00e9es a \u00e9t\u00e9 relev\u00e9 \u00e0 plus de 5.000 employ\u00e9s et plus de 1,5 milliard d&rsquo;euros de chiffre d&rsquo;affaires annuel. <\/p>\n<p class=\"lead \">Surtout, Etats et eurod\u00e9put\u00e9s ont supprim\u00e9 le r\u00e9gime de responsabilit\u00e9 civile europ\u00e9enne, qui servait \u00e0 harmoniser les obligations des entreprises et leurs responsabilit\u00e9s devant la justice en cas de manquements. Ils ont pr\u00e9f\u00e9r\u00e9 s&rsquo;en tenir aux l\u00e9gislations de chaque pays. <\/p>\n<p class=\"lead \">Ils ont \u00e9galement renonc\u00e9 aux plans de transition climatique que les entreprises \u00e9taient cens\u00e9es fournir.<\/p>\n<p class=\"lead \">Les 27 et le Parlement ont en outre simplifi\u00e9 une autre loi sur le \u00ab\u00a0reporting durable\u00a0\u00bb que devaient faire les entreprises. Ils ont exclu les PME de ce texte, qui concernera les entreprises de plus de 1.000 salari\u00e9s et 450 millions d&rsquo;euros de chiffre d&rsquo;affaires.<\/p>\n<p class=\"lead \">Le Danemark, qui occupe la pr\u00e9sidence tournante de l&rsquo;UE jusqu&rsquo;\u00e0 fin d\u00e9cembre, s&rsquo;est r\u00e9joui d&rsquo;avoir r\u00e9duit les \u00ab\u00a0formalit\u00e9s\u00a0\u00bb des entreprises.<\/p>\n<p class=\"lead \">Les \u00e9cologistes ont d\u00e9nonc\u00e9 \u00e0 l&rsquo;inverse une nouvelle remise en cause de lois environnementales.<\/p>\n<p class=\"lead \">\u00ab\u00a0Les conservateurs du Parlement europ\u00e9en et les \u00c9tats membres de l&rsquo;UE ont enfonc\u00e9 cette nuit le dernier clou dans le cercueil de la loi\u00a0\u00bb sur le devoir de vigilance des entreprises, a d\u00e9plor\u00e9 l&rsquo;eurod\u00e9put\u00e9e verte allemande Anna Cavazzini.<\/p>\n<p class=\"lead \">Ce compromis devra \u00eatre soumis \u00e0 un ultime vote du Parlement et des Etats, sans suspense.<\/p>\n<p class=\"small font-weight-bold text-gray3 \"> publi\u00e9 le 9 d\u00e9cembre \u00e0 11h23, AFP<\/p>\n<p>                             Partager<\/p>\n","protected":false},"excerpt":{"rendered":"L&rsquo;Union europ\u00e9enne a ent\u00e9rin\u00e9 un nouveau report de sa loi sur le devoir de vigilance environnementale des grandes&hellip;\n","protected":false},"author":2,"featured_media":588312,"comment_status":"","ping_status":"","sticky":false,"template":"","format":"standard","meta":{"footnotes":""},"categories":[1586],"tags":[11,313,436,1777,674,1779,1011,27,421,40397,12,1050,25,1778,364],"class_list":{"0":"post-588311","1":"post","2":"type-post","3":"status-publish","4":"format-standard","5":"has-post-thumbnail","7":"category-europe","8":"tag-actualites","9":"tag-entreprises","10":"tag-environnement","11":"tag-eu","12":"tag-europe","13":"tag-european-union","14":"tag-fr","15":"tag-france","16":"tag-lois","17":"tag-ministres","18":"tag-news","19":"tag-parlement","20":"tag-republique-francaise","21":"tag-ue","22":"tag-union-europeenne"},"share_on_mastodon":{"url":"https:\/\/pubeurope.com\/@fr\/115689133537955283","error":""},"_links":{"self":[{"href":"https:\/\/www.europesays.com\/fr\/wp-json\/wp\/v2\/posts\/588311","targetHints":{"allow":["GET"]}}],"collection":[{"href":"https:\/\/www.europesays.com\/fr\/wp-json\/wp\/v2\/posts"}],"about":[{"href":"https:\/\/www.europesays.com\/fr\/wp-json\/wp\/v2\/types\/post"}],"author":[{"embeddable":true,"href":"https:\/\/www.europesays.com\/fr\/wp-json\/wp\/v2\/users\/2"}],"replies":[{"embeddable":true,"href":"https:\/\/www.europesays.com\/fr\/wp-json\/wp\/v2\/comments?post=588311"}],"version-history":[{"count":0,"href":"https:\/\/www.europesays.com\/fr\/wp-json\/wp\/v2\/posts\/588311\/revisions"}],"wp:featuredmedia":[{"embeddable":true,"href":"https:\/\/www.europesays.com\/fr\/wp-json\/wp\/v2\/media\/588312"}],"wp:attachment":[{"href":"https:\/\/www.europesays.com\/fr\/wp-json\/wp\/v2\/media?parent=588311"}],"wp:term":[{"taxonomy":"category","embeddable":true,"href":"https:\/\/www.europesays.com\/fr\/wp-json\/wp\/v2\/categories?post=588311"},{"taxonomy":"post_tag","embeddable":true,"href":"https:\/\/www.europesays.com\/fr\/wp-json\/wp\/v2\/tags?post=588311"}],"curies":[{"name":"wp","href":"https:\/\/api.w.org\/{rel}","templated":true}]}}