{"id":588315,"date":"2025-12-09T10:28:14","date_gmt":"2025-12-09T10:28:14","guid":{"rendered":"https:\/\/www.europesays.com\/fr\/588315\/"},"modified":"2025-12-09T10:28:14","modified_gmt":"2025-12-09T10:28:14","slug":"le-jus-de-raisin-sentait-la-javel-une-nourrice-jugee-pour-avoir-intoxique-une-famille-juive","status":"publish","type":"post","link":"https:\/\/www.europesays.com\/fr\/588315\/","title":{"rendered":"Le jus de raisin sentait la javel\u2026 Une nourrice jug\u00e9e pour avoir intoxiqu\u00e9 une famille juive"},"content":{"rendered":"<p>Un vin coup\u00e9 avec du produit d\u2019entretien et du d\u00e9maquillant qui br\u00fble les yeux\u2026 Une nourrice va \u00eatre jug\u00e9e mardi \u00e0 <a href=\"https:\/\/www.20minutes.fr\/dossier\/nanterre\" class=\"c-link c-link--is-underlined\" target=\"_blank\" rel=\"noopener\">Nanterre<\/a> pour avoir intoxiqu\u00e9 les parents des enfants qu\u2019elle gardait en janvier\u00a02024, avec la circonstance aggravante d\u2019<a href=\"https:\/\/www.20minutes.fr\/dossier\/antisemitisme\" class=\"c-link c-link--is-underlined\" target=\"_blank\" rel=\"noopener\">antis\u00e9mitisme<\/a>.<\/p>\n<p>Alors que la nourrice, une femme alg\u00e9rienne \u00e2g\u00e9e de 40 ans \u00e0 l\u2019\u00e9poque, travaillait pour eux depuis le mois d\u2019octobre, la m\u00e8re d\u2019une famille de trois enfants de 2, 5 et 7 ans a remarqu\u00e9 qu\u2019une bouteille de vin avait une odeur de produit m\u00e9nager, qu\u2019un jus de raisin sentait la javel et que son d\u00e9maquillant lui br\u00fblait les yeux.<\/p>\n<p>\u00ab\u00a0J\u2019aurais jamais d\u00fb travailler pour une Juive\u00a0\u00bb<\/p>\n<p>Elle a alors port\u00e9 plainte au commissariat de <a href=\"https:\/\/www.20minutes.fr\/dossier\/levallois-perret\" class=\"c-link c-link--is-underlined\" target=\"_blank\" rel=\"noopener\">Levallois-Perret<\/a>, dans les Hauts-de-Seine. Les enqu\u00eateurs ont trouv\u00e9 des traces de produit nettoyant, toxique pour les humains, \u00e0 plusieurs endroits dans la maisonn\u00e9e\u00a0: dans des bouteilles de vin, d\u2019alcool et de jus de raisin, dans un plat de p\u00e2tes cuisin\u00e9 au whisky ainsi que dans un d\u00e9maquillant.<\/p>\n<p>Pendant sa garde \u00e0 vue, la femme a initialement reconnu avoir introduit des produits d\u2019entretien dans des bouteilles d\u2019alcool et cosm\u00e9tiques, selon l\u2019ordonnance de renvoi devant le tribunal correctionnel consult\u00e9e par l\u2019AFP. Interrog\u00e9e sur ses motivations, elle r\u00e9pond alors\u00a0: \u00ab\u00a0parce qu\u2019ils ont de l\u2019argent et le pouvoir, j\u2019aurais jamais d\u00fb travailler pour une Juive\u00a0\u00bb.<\/p>\n<\/p>\n<p>Un \u00ab\u00a0antis\u00e9mitisme d\u2019atmosph\u00e8re\u00a0\u00bb<\/p>\n<p>Le juge d\u2019instruction a d\u2019ailleurs retenu la circonstance aggravante d\u2019antis\u00e9mitisme lors du renvoi du dossier devant le tribunal correctionnel. Un des avocats de la famille, Me Sacha Ghozlan, \u00e9voque un \u00ab\u00a0antis\u00e9mitisme d\u2019atmosph\u00e8re, dans l\u2019intimit\u00e9 du cadre familial\u00a0\u00bb, tandis que son confr\u00e8re Me Patrick Klugman d\u00e9plore que les enfants du couple n\u2019aient pas \u00e9t\u00e9 retenus comme victimes.<\/p>\n<p>\u00ab\u00a0Ce sont les enfants qui \u00e9taient au contact direct de la nourrice, sans savoir qu\u2019ils \u00e9taient constamment expos\u00e9s \u00e0 sa vindicte contre les Juifs\u00a0\u00bb, d\u00e9plore-t-il, rappelant qu\u2019ils ont d\u00e9clar\u00e9 l\u2019avoir vu taper sur la m\u00e9zouza \u00e0 la porte du domicile et qu\u2019elle les questionnait avec insistance sur leur <a href=\"https:\/\/www.20minutes.fr\/dossier\/judaisme\" class=\"c-link c-link--is-underlined\" target=\"_blank\" rel=\"noopener\">juda\u00efsme<\/a>.<\/p>\n<p>\u00ab\u00a0Les enfants je ne leur ai pas mis de substance\u00a0\u00bb<\/p>\n<p>\u00ab\u00a0C\u2019\u00e9tait comme une punition par rapport \u00e0 ce qu\u2019ils ont fait envers moi, les enfants je ne leur ai pas mis de substance\u00a0\u00bb, a pour sa part d\u00e9clar\u00e9 la pr\u00e9venue devant les enqu\u00eateurs, \u00ab\u00a0excluant tout motif religieux dans le passage \u00e0 l\u2019acte\u00a0\u00bb selon l\u2019ordonnance de renvoi.<\/p>\n<p>Le pr\u00e9sident du Conseil repr\u00e9sentatif des institutions juives de France (<a href=\"https:\/\/www.20minutes.fr\/dossier\/crif\" class=\"c-link c-link--is-underlined\" target=\"_blank\" rel=\"noopener\">Crif<\/a>) Yonathan Arfi t\u00e9moignera pour la partie civile, et deux associations, l\u2019Union des \u00e9tudiants juifs de France (UEJF) et la Ligue contre le racisme et l\u2019antis\u00e9mitisme (Licra), se sont constitu\u00e9es parties civiles, a indiqu\u00e9 Me Sacha Ghozlan. Contact\u00e9e, l\u2019avocate de la pr\u00e9venue n\u2019a pas pu \u00eatre jointe par l\u2019AFP.<\/p>\n","protected":false},"excerpt":{"rendered":"Un vin coup\u00e9 avec du produit d\u2019entretien et du d\u00e9maquillant qui br\u00fble les yeux\u2026 Une nourrice va \u00eatre&hellip;\n","protected":false},"author":2,"featured_media":588316,"comment_status":"","ping_status":"","sticky":false,"template":"","format":"standard","meta":{"footnotes":""},"categories":[2],"tags":[47,11,6155,118,1011,27,3314,662,5447,20560,5005,303,30579,10963,12,2694,25],"class_list":{"0":"post-588315","1":"post","2":"type-post","3":"status-publish","4":"format-standard","5":"has-post-thumbnail","7":"category-actualites","8":"tag-actualite","9":"tag-actualites","10":"tag-antisemitisme","11":"tag-faits-divers","12":"tag-fr","13":"tag-france","14":"tag-hauts-de-seine","15":"tag-ile-de-france","16":"tag-intoxication","17":"tag-judaisme","18":"tag-juif","19":"tag-justice","20":"tag-levallois-perret","21":"tag-nanterre","22":"tag-news","23":"tag-proces","24":"tag-republique-francaise"},"share_on_mastodon":{"url":"https:\/\/pubeurope.com\/@fr\/115689141320858447","error":""},"_links":{"self":[{"href":"https:\/\/www.europesays.com\/fr\/wp-json\/wp\/v2\/posts\/588315","targetHints":{"allow":["GET"]}}],"collection":[{"href":"https:\/\/www.europesays.com\/fr\/wp-json\/wp\/v2\/posts"}],"about":[{"href":"https:\/\/www.europesays.com\/fr\/wp-json\/wp\/v2\/types\/post"}],"author":[{"embeddable":true,"href":"https:\/\/www.europesays.com\/fr\/wp-json\/wp\/v2\/users\/2"}],"replies":[{"embeddable":true,"href":"https:\/\/www.europesays.com\/fr\/wp-json\/wp\/v2\/comments?post=588315"}],"version-history":[{"count":0,"href":"https:\/\/www.europesays.com\/fr\/wp-json\/wp\/v2\/posts\/588315\/revisions"}],"wp:featuredmedia":[{"embeddable":true,"href":"https:\/\/www.europesays.com\/fr\/wp-json\/wp\/v2\/media\/588316"}],"wp:attachment":[{"href":"https:\/\/www.europesays.com\/fr\/wp-json\/wp\/v2\/media?parent=588315"}],"wp:term":[{"taxonomy":"category","embeddable":true,"href":"https:\/\/www.europesays.com\/fr\/wp-json\/wp\/v2\/categories?post=588315"},{"taxonomy":"post_tag","embeddable":true,"href":"https:\/\/www.europesays.com\/fr\/wp-json\/wp\/v2\/tags?post=588315"}],"curies":[{"name":"wp","href":"https:\/\/api.w.org\/{rel}","templated":true}]}}