{"id":588319,"date":"2025-12-09T10:31:16","date_gmt":"2025-12-09T10:31:16","guid":{"rendered":"https:\/\/www.europesays.com\/fr\/588319\/"},"modified":"2025-12-09T10:31:16","modified_gmt":"2025-12-09T10:31:16","slug":"jaime-etre-tres-grand-lukas-maase-un-geant-pour-un-defi-xxl-face-au-panathinaikos","status":"publish","type":"post","link":"https:\/\/www.europesays.com\/fr\/588319\/","title":{"rendered":"\u00ab\u00a0J\u2019aime \u00eatre tr\u00e8s grand\u00a0\u00bb, Lukas Maase un g\u00e9ant pour un d\u00e9fi XXL face au Panathina\u00efkos"},"content":{"rendered":"<p><strong>Alterna Stade Poitevin\u00a0&#8211; Panathina\u00efkos<\/strong><\/p>\n<p>Il n\u2019a pas eu \u00e0 encha\u00eener les services. Lukas Maase a termin\u00e9 le dernier entra\u00eenement \u00e0 l\u2019Arena Futuroscope un petit peu avant ses co\u00e9quipiers. Mais pas d\u2019inqui\u00e9tude, le central de l\u2019Alterna Stade Poitevin est en forme et sera sur le terrain pour disputer ce 16e\u00a0de finale aller de Coupe CEV. Le g\u00e9ant allemand est de toute fa\u00e7on calibr\u00e9 pour ce genre de rendez-vous continental. Encore plus face \u00e0 un tr\u00e8s grand nom du sport europ\u00e9en\u00a0: le Panathina\u00efkos.<\/p>\n<p>\u00ab\u00a0C\u2019est le champion de Gr\u00e8ce en titre, rappelle le central allemand. Tout le monde est excit\u00e9 de disputer la Coupe CEV.\u00a0Nous devons montrer que nous ne sommes pas seulement capables de gagner en France mais aussi en Europe. On repr\u00e9sente la MSL.\u00a0C\u2019est un honneur de participer \u00e0 une telle comp\u00e9tition. Le niveau d\u2019\u00e9nergie est vraiment tr\u00e8s haut.\u00a0\u00bb Surtout chez lui. Parce qu\u2019il est l\u2019un des rares Poitevins \u00e0 avoir l\u2019exp\u00e9rience de ces duels europ\u00e9ens, entre campagnes de Ligue des champions et Coupe CEV disput\u00e9es avec Friedrichshafen, L\u00fcneburg et Chaumont. Parce que son envie est \u00e9galement proportionnelle \u00e0 sa taille.<\/p>\n","protected":false},"excerpt":{"rendered":"Alterna Stade Poitevin\u00a0&#8211; Panathina\u00efkos Il n\u2019a pas eu \u00e0 encha\u00eener les services. Lukas Maase a termin\u00e9 le dernier&hellip;\n","protected":false},"author":2,"featured_media":588320,"comment_status":"","ping_status":"","sticky":false,"template":"","format":"standard","meta":{"footnotes":""},"categories":[1417],"tags":[1392,1654,39145,1011,27,1653,60,1584,1470,1469],"class_list":{"0":"post-588319","1":"post","2":"type-post","3":"status-publish","4":"format-standard","5":"has-post-thumbnail","7":"category-volley","8":"tag-a-la-une-local","9":"tag-alterna-stade-poitevin-volley-ball","10":"tag-coupe-deurope-volley","11":"tag-fr","12":"tag-france","13":"tag-poitiers","14":"tag-sports","15":"tag-vienne","16":"tag-volley","17":"tag-volleyball"},"share_on_mastodon":{"url":"","error":""},"_links":{"self":[{"href":"https:\/\/www.europesays.com\/fr\/wp-json\/wp\/v2\/posts\/588319","targetHints":{"allow":["GET"]}}],"collection":[{"href":"https:\/\/www.europesays.com\/fr\/wp-json\/wp\/v2\/posts"}],"about":[{"href":"https:\/\/www.europesays.com\/fr\/wp-json\/wp\/v2\/types\/post"}],"author":[{"embeddable":true,"href":"https:\/\/www.europesays.com\/fr\/wp-json\/wp\/v2\/users\/2"}],"replies":[{"embeddable":true,"href":"https:\/\/www.europesays.com\/fr\/wp-json\/wp\/v2\/comments?post=588319"}],"version-history":[{"count":0,"href":"https:\/\/www.europesays.com\/fr\/wp-json\/wp\/v2\/posts\/588319\/revisions"}],"wp:featuredmedia":[{"embeddable":true,"href":"https:\/\/www.europesays.com\/fr\/wp-json\/wp\/v2\/media\/588320"}],"wp:attachment":[{"href":"https:\/\/www.europesays.com\/fr\/wp-json\/wp\/v2\/media?parent=588319"}],"wp:term":[{"taxonomy":"category","embeddable":true,"href":"https:\/\/www.europesays.com\/fr\/wp-json\/wp\/v2\/categories?post=588319"},{"taxonomy":"post_tag","embeddable":true,"href":"https:\/\/www.europesays.com\/fr\/wp-json\/wp\/v2\/tags?post=588319"}],"curies":[{"name":"wp","href":"https:\/\/api.w.org\/{rel}","templated":true}]}}