{"id":588321,"date":"2025-12-09T10:32:20","date_gmt":"2025-12-09T10:32:20","guid":{"rendered":"https:\/\/www.europesays.com\/fr\/588321\/"},"modified":"2025-12-09T10:32:20","modified_gmt":"2025-12-09T10:32:20","slug":"transferts-pro-d2-colomiers-valentin-delpy-vers-un-retour-au-stade-toulousain-en-2026","status":"publish","type":"post","link":"https:\/\/www.europesays.com\/fr\/588321\/","title":{"rendered":"Transferts Pro D2-Colomiers: Valentin Delpy vers un retour au Stade Toulousain en 2026"},"content":{"rendered":"<p>Le monde du rugby est attentif et observe avec int\u00e9r\u00eat le jeune ouvreur Valentin Delpy, actuellement pr\u00eat\u00e9 par le <a href=\"https:\/\/www.rugby-transferts.com\/category\/top-14\/toulouse-top-14\/\" target=\"_blank\" rel=\"noopener\">Stade Toulousain<\/a> \u00e0 Colomiers Rugby. Alors que la saison actuelle bat son plein, les discussions autour de l\u2019avenir de ce joueur prometteur s\u2019intensifient.<\/p>\n<p>Une saison fructueuse \u00e0 Colomiers<\/p>\n<p>\u00c2g\u00e9 de 22 ans, Valentin Delpy a disput\u00e9 huit matchs avec Colomiers cette saison, accumulant un total impressionnant de 94 points. Ce pr\u00eat, qui a permis au joueur de gagner en exp\u00e9rience et en temps de jeu, a \u00e9galement \u00e9t\u00e9 b\u00e9n\u00e9fique pour le club de Pro D2. En effet, Colomiers a pu compter sur l\u2019un des jeunes talents les plus prometteurs du rugby fran\u00e7ais.<\/p>\n<p>Malgr\u00e9 le souhait de Colomiers de prolonger le pr\u00eat de Delpy pour la saison prochaine, le Stade Toulousain a d\u2019autres plans pour son jeune ouvreur. Les dirigeants toulousains envisagent d\u2019int\u00e9grer pleinement Delpy dans le groupe senior pour la saison 2026-2027, une d\u00e9cision clairement motiv\u00e9e par sa r\u00e9cente performance lors d\u2019un match contre Montauban, o\u00f9 il a inscrit 14 points.<\/p>\n<p>\u00c0 la recherche d\u2019un rempla\u00e7antNouveau ! Recevez la newsletter Rugby Transfert 1 fois par mois !<\/p>\n<p>Avec le retour imminent de Delpy au Stade Toulousain, les responsables de Colomiers Rugby doivent se pr\u00e9parer \u00e0 la perte de leur num\u00e9ro 10. Ils font donc appel \u00e0 leur r\u00e9seau pour identifier un autre joueur capable de prendre la rel\u00e8ve. Parmi les candidats potentiels, deux noms se distinguent : Lucas M\u00e9ret, 30 ans, qui a r\u00e9cemment prolong\u00e9 son contrat avec Valence-Romans, et Pierre Popelin, \u00e9galement \u00e2g\u00e9 de 30 ans, \u00e9voluant \u00e0 Castres.<\/p>\n<p>Cependant, la piste la plus prometteuse semble mener \u00e0 Thibault Deba\u00ebs, 24 ans, actuellement \u00e0 Vannes. Bien qu\u2019il soit sous contrat jusqu\u2019en 2027 avec le club breton, son temps de jeu limit\u00e9 (235 minutes lors de la premi\u00e8re partie de championnat) pourrait faciliter une \u00e9ventuelle lib\u00e9ration. Colomiers Rugby suit donc de pr\u00e8s ce dossier qui pourrait \u00eatre d\u00e9cisif pour la suite de leur saison.<\/p>\n<p>Conclusion<\/p>\n<p>La situation de Valentin Delpy illustre bien les enjeux des pr\u00eats dans le rugby professionnel, o\u00f9 les clubs doivent jongler entre le d\u00e9veloppement de jeunes talents et leurs besoins imm\u00e9diats. Alors que les discussions continuent autour de l\u2019avenir de Delpy, Colomiers Rugby se pr\u00e9pare \u00e0 effectuer des ajustements strat\u00e9giques pour maintenir sa comp\u00e9titivit\u00e9 en Pro D2.<\/p>\n<p> <img loading=\"lazy\" decoding=\"async\" src=\"https:\/\/www.europesays.com\/fr\/wp-content\/uploads\/2025\/04\/image-1.jpg\" width=\"100\" height=\"100\" alt=\"image 1\" itemprop=\"image\" class=\"lazyload\" title=\"Transferts Pro D2-Colomiers: Valentin Delpy vers un retour au Stade Toulousain en 2026\"\/><\/p>\n<p>Bruno Lancelle, n\u00e9 en 1986 \u00e0 La Seyne-sur-Mer (Var), aujourd\u2019hui Kin\u00e9sith\u00e9rapeute, est un ancien joueur\u00a0 de rugby \u00e0 XV qui \u00e9voluait au poste de demi d\u2019ouverture, pass\u00e9 par Toulon, Lyon, Provence Rugby, La Seyne-sur-Mer, US bressane, Lille et Hy\u00e8res.<\/p>\n","protected":false},"excerpt":{"rendered":"Le monde du rugby est attentif et observe avec int\u00e9r\u00eat le jeune ouvreur Valentin Delpy, actuellement pr\u00eat\u00e9 par&hellip;\n","protected":false},"author":2,"featured_media":588322,"comment_status":"","ping_status":"","sticky":false,"template":"","format":"standard","meta":{"footnotes":""},"categories":[1416],"tags":[1011,27,479,1468,60],"class_list":{"0":"post-588321","1":"post","2":"type-post","3":"status-publish","4":"format-standard","5":"has-post-thumbnail","7":"category-rugby","8":"tag-fr","9":"tag-france","10":"tag-rugby","11":"tag-rugby-football","12":"tag-sports"},"share_on_mastodon":{"url":"https:\/\/pubeurope.com\/@fr\/115689157138156795","error":""},"_links":{"self":[{"href":"https:\/\/www.europesays.com\/fr\/wp-json\/wp\/v2\/posts\/588321","targetHints":{"allow":["GET"]}}],"collection":[{"href":"https:\/\/www.europesays.com\/fr\/wp-json\/wp\/v2\/posts"}],"about":[{"href":"https:\/\/www.europesays.com\/fr\/wp-json\/wp\/v2\/types\/post"}],"author":[{"embeddable":true,"href":"https:\/\/www.europesays.com\/fr\/wp-json\/wp\/v2\/users\/2"}],"replies":[{"embeddable":true,"href":"https:\/\/www.europesays.com\/fr\/wp-json\/wp\/v2\/comments?post=588321"}],"version-history":[{"count":0,"href":"https:\/\/www.europesays.com\/fr\/wp-json\/wp\/v2\/posts\/588321\/revisions"}],"wp:featuredmedia":[{"embeddable":true,"href":"https:\/\/www.europesays.com\/fr\/wp-json\/wp\/v2\/media\/588322"}],"wp:attachment":[{"href":"https:\/\/www.europesays.com\/fr\/wp-json\/wp\/v2\/media?parent=588321"}],"wp:term":[{"taxonomy":"category","embeddable":true,"href":"https:\/\/www.europesays.com\/fr\/wp-json\/wp\/v2\/categories?post=588321"},{"taxonomy":"post_tag","embeddable":true,"href":"https:\/\/www.europesays.com\/fr\/wp-json\/wp\/v2\/tags?post=588321"}],"curies":[{"name":"wp","href":"https:\/\/api.w.org\/{rel}","templated":true}]}}