{"id":588323,"date":"2025-12-09T10:33:14","date_gmt":"2025-12-09T10:33:14","guid":{"rendered":"https:\/\/www.europesays.com\/fr\/588323\/"},"modified":"2025-12-09T10:33:14","modified_gmt":"2025-12-09T10:33:14","slug":"18-francais-admis-dans-le-tableau-principal-de-lopen-daustralie-leolia-jeanjean-entre-de-justesse","status":"publish","type":"post","link":"https:\/\/www.europesays.com\/fr\/588323\/","title":{"rendered":"18 Fran\u00e7ais admis dans le tableau principal de l&rsquo;Open d&rsquo;Australie, L\u00e9olia Jeanjean entre de justesse"},"content":{"rendered":"\n<p class=\"Paragraph__content\" data-v-e14a34bc=\"\">Il y aura au moins 20 Fran\u00e7ais dans les tableaux de simple de l&rsquo;Open d&rsquo;Australie, premier Grand Chelem de l&rsquo;ann\u00e9e qui se tiendra du 19\u00a0janvier au 1er\u00a0f\u00e9vrier, \u00e0 Melbourne. Le tournoi <a href=\"https:\/\/ausopen.com\/articles\/news\/australian-open-2026-entry-lists-released\" notaddlevel=\"true\" target=\"_blank\" rel=\"noopener\">a d\u00e9voil\u00e9 mardi la liste des entrants et entrantes directs.<\/a> Ainsi, 14 Fran\u00e7ais et 4 Fran\u00e7aises int\u00e8grent, le tableau final du Majeur australien gr\u00e2ce \u00e0 leur classement.<\/p>\n<p class=\"Paragraph__content\" data-v-e14a34bc=\"\">La FFT communiquera d&rsquo;ici peu le nom du Fran\u00e7ais et la Fran\u00e7aise invit\u00e9s dans le cadre d&rsquo;un accord de r\u00e9ciprocit\u00e9 avec Tennis Australia, la F\u00e9d\u00e9ration australienne, qui b\u00e9n\u00e9ficie, elle, d&rsquo;une wild-card par tableau \u00e0 Roland-Garros. En 2025, Lucas Pouille et Chlo\u00e9 Paquet avaient \u00e9t\u00e9 convi\u00e9s et s&rsquo;\u00e9taient inclin\u00e9s d&rsquo;entr\u00e9e.<\/p>\n<p>                        L&rsquo;invitation entre Rakotomanga et Parry\u00a0? <\/p>\n<p class=\"Paragraph__content\" data-v-e14a34bc=\"\">L\u00e9olia Jeanjean n&rsquo;aura pas besoin d&rsquo;un coup de pouce f\u00e9d\u00e9ral. La Montpelli\u00e9raine de 30\u00a0ans, 103e mondiale alors que le classement pris en compte \u00e9tait <a href=\"https:\/\/www.lequipe.fr\/Tennis\/wta\/epreuve-simple-dames\/page-classement-individuel\/general\" notaddlevel=\"true\" target=\"_blank\" rel=\"noopener\">celui de ce lundi<\/a>, est la derni\u00e8re admise directe pour le tableau principal de l&rsquo;Open d&rsquo;Australie. Trois autres Fran\u00e7aises sont assur\u00e9es d&rsquo;en \u00eatre\u00a0: Lo\u00efs Boisson (36e), Elsa Jacquemot (59e) et Varvara Gracheva (77e). L&rsquo;invitation f\u00e9d\u00e9rale pourrait se jouer entre Sarah Rakotomanga (123e) et Diane Parry (124e).<\/p>\n<p class=\"Paragraph__content\" data-v-e14a34bc=\"\">\u00c0 noter la pr\u00e9sence de l&rsquo;ex-num\u00e9ro\u00a01 mondiale Karolina Pliskova, qui a utilis\u00e9 son classement prot\u00e9g\u00e9 (40e). La Tch\u00e8que de 33\u00a0ans, 1056e mondiale, n&rsquo;a disput\u00e9 que deux tournois de cat\u00e9gorie WTA 125 en 2025, en septembre. Danielle Collins, 64e mondiale, ne s&rsquo;est pas inscrite, tout comme Ons Jabeur (76e), absente depuis Wimbledon, <a href=\"https:\/\/www.lequipe.fr\/Tennis\/Actualites\/Ons-jabeur-annonce-etre-enceinte-de-son-premier-enfant-nous-allons-bientot-accueillir-notre-petit-coequipier\/1609070\" notaddlevel=\"true\" target=\"_blank\" rel=\"noopener\">qui avait annonc\u00e9 en novembre que son retour serait diff\u00e9r\u00e9<\/a> en raison d&rsquo;un heureux \u00e9v\u00e9nement. \u00ab\u00a0Les courts devront attendre encore un peu car bient\u00f4t&#8230; nous accueillerons notre plus petit co\u00e9quipier.\u00a0\u00bb<\/p>\n<p>                        Kokkinakis a utilis\u00e9 son classement prot\u00e9g\u00e9 <\/p>\n<p class=\"Paragraph__content\" data-v-e14a34bc=\"\">Dans le tableau masculin, le cut s&rsquo;arr\u00eatait au classement du 17\u00a0novembre. Les 14 Fran\u00e7ais dans le top 100 ont \u00e9t\u00e9 admis\u00a0: Arthur Rinderknech (29e), Corentin Moutet (35e), Ugo Humbert (37e), Arthur Fils (40e), Alexandre M\u00fcller (42e), Valentin Royer (57e), Giovanni Mpetshi Perricard (58e), T\u00e9rence Atmane (63e), Arthur Cazaux (66e), Ga\u00ebl Monfils (68e), Adrian Mannarino (69e), Quentin Halys (91e), Benjamin Bonzi (94e) et Hugo Gaston (97e).\u00a0L&rsquo;invitation de la FFT pourrait se jouer entre Kyrian Jacquet (138e), Ugo Blanchet (145e), Titouan Droguet (149e), Pierre-Hugues Herbert (155e), Harold Mayot (163e), Luca Van Assche (166e).<\/p>\n<p class=\"Paragraph__content\" data-v-e14a34bc=\"\">Plusieurs joueurs ont fait usage de leur classement prot\u00e9g\u00e9. On peut citer le Chinois Shang Juncheng (253e) ou l&rsquo;Australien Thanasi Kokkinakis, 452e mondial, qui ne cesse de conna\u00eetre des probl\u00e8mes physiques et n&rsquo;a plus jou\u00e9 depuis l&rsquo;Open d&rsquo;Australie.<\/p>\n","protected":false},"excerpt":{"rendered":"Il y aura au moins 20 Fran\u00e7ais dans les tableaux de simple de l&rsquo;Open d&rsquo;Australie, premier Grand Chelem&hellip;\n","protected":false},"author":2,"featured_media":588324,"comment_status":"","ping_status":"","sticky":false,"template":"","format":"standard","meta":{"footnotes":""},"categories":[1415],"tags":[1011,27,60,1467],"class_list":{"0":"post-588323","1":"post","2":"type-post","3":"status-publish","4":"format-standard","5":"has-post-thumbnail","7":"category-tennis","8":"tag-fr","9":"tag-france","10":"tag-sports","11":"tag-tennis"},"share_on_mastodon":{"url":"https:\/\/pubeurope.com\/@fr\/115689160952767463","error":""},"_links":{"self":[{"href":"https:\/\/www.europesays.com\/fr\/wp-json\/wp\/v2\/posts\/588323","targetHints":{"allow":["GET"]}}],"collection":[{"href":"https:\/\/www.europesays.com\/fr\/wp-json\/wp\/v2\/posts"}],"about":[{"href":"https:\/\/www.europesays.com\/fr\/wp-json\/wp\/v2\/types\/post"}],"author":[{"embeddable":true,"href":"https:\/\/www.europesays.com\/fr\/wp-json\/wp\/v2\/users\/2"}],"replies":[{"embeddable":true,"href":"https:\/\/www.europesays.com\/fr\/wp-json\/wp\/v2\/comments?post=588323"}],"version-history":[{"count":0,"href":"https:\/\/www.europesays.com\/fr\/wp-json\/wp\/v2\/posts\/588323\/revisions"}],"wp:featuredmedia":[{"embeddable":true,"href":"https:\/\/www.europesays.com\/fr\/wp-json\/wp\/v2\/media\/588324"}],"wp:attachment":[{"href":"https:\/\/www.europesays.com\/fr\/wp-json\/wp\/v2\/media?parent=588323"}],"wp:term":[{"taxonomy":"category","embeddable":true,"href":"https:\/\/www.europesays.com\/fr\/wp-json\/wp\/v2\/categories?post=588323"},{"taxonomy":"post_tag","embeddable":true,"href":"https:\/\/www.europesays.com\/fr\/wp-json\/wp\/v2\/tags?post=588323"}],"curies":[{"name":"wp","href":"https:\/\/api.w.org\/{rel}","templated":true}]}}