{"id":588325,"date":"2025-12-09T10:37:15","date_gmt":"2025-12-09T10:37:15","guid":{"rendered":"https:\/\/www.europesays.com\/fr\/588325\/"},"modified":"2025-12-09T10:37:15","modified_gmt":"2025-12-09T10:37:15","slug":"baptiste-poulard-change-de-nationalite-et-file-en-asie-actualite","status":"publish","type":"post","link":"https:\/\/www.europesays.com\/fr\/588325\/","title":{"rendered":"Baptiste Poulard change de nationalit\u00e9 et file en Asie &#8211; Actualit\u00e9"},"content":{"rendered":"<p style=\"text-align: justify;\">2026 sera l&rsquo;ann\u00e9e de tous les changements pour <strong><a href=\"https:\/\/www.directvelo.com\/coureur\/39603\/baptiste-poulard\" target=\"_blank\" rel=\"noopener\">Baptiste Poulard<\/a><\/strong>. Victime de l&rsquo;arr\u00eat de la structure Ark\u00e9a-B&amp;B H\u00f4tels, celui qui \u00e9tait membre de la r\u00e9serve a trouv\u00e9 un point de chute&#8230; \u00e0 l&rsquo;autre bout du globe. En effet, c&rsquo;est du c\u00f4t\u00e9 de la Tha\u00eflande que l&rsquo;ancien soci\u00e9taire du VCP Loud\u00e9ac a choisi de poser ses bagages. Il portera ainsi, l&rsquo;an prochain, les couleurs de l&rsquo;\u00e9quipe Roojai Insurance Winspace.<\/p>\n<p style=\"text-align: justify;\">Par ailleurs, Baptiste Poulard, qui est d&rsquo;origine franco-tha\u00eflandaise, a fait le choix de changer de nationalit\u00e9 sportive. De fait, il \u00e9voluera d\u00e9sormais sous le drapeau de la Tha\u00eflande \u00e0 partir de 2026. Sa nouvelle formation pr\u00e9cise \u00e9galement qu&rsquo;il va concourir sous le nom d&rsquo;Athit Poulard.<\/p>\n<p>Sa premi\u00e8re course sous ses nouvelles couleurs devrait d&rsquo;ailleurs bien \u00eatre son d\u00e9sormais\u00a0Championnat national, en Tha\u00eflande, les 16 et 18 janvier prochains.\u00a0\u00a0<\/p>\n<p>Pour rappel, le coureur de 22 ans disputait sa premi\u00e8re saison au niveau Continental en 2025. Baptiste Poulard a pris la 8e place d&rsquo;une \u00e9tape de l&rsquo;Alpes Is\u00e8re Tour (2.2) et la 12e d&rsquo;une \u00e9tape du Tour de Croatie (2.1) disput\u00e9 avec l&rsquo;\u00e9quipe premi\u00e8re. Il s&rsquo;est \u00e9galement positionn\u00e9 par deux fois dans le Top 15 d&rsquo;\u00e9tapes au Circuit des Ardennes. En 2024, il \u00e9tait devenu vice-Champion de France Amateurs et avait termin\u00e9 2e du Kreiz Breizh Elites.\u00a0<\/p>\n<p>Suivez tous les transferts de l&rsquo;hiver <a href=\"https:\/\/www.directvelo.com\/mutations\/2026#teams-pro\" target=\"_blank\" rel=\"noopener\"><strong>en cliquant ici<\/strong><\/a>.<\/p>\n","protected":false},"excerpt":{"rendered":"2026 sera l&rsquo;ann\u00e9e de tous les changements pour Baptiste Poulard. Victime de l&rsquo;arr\u00eat de la structure Ark\u00e9a-B&amp;B H\u00f4tels,&hellip;\n","protected":false},"author":2,"featured_media":588326,"comment_status":"","ping_status":"","sticky":false,"template":"","format":"standard","meta":{"footnotes":""},"categories":[1411],"tags":[834,828,836,829,837,827,83,826,824,823,1154,207,814,817,815,816,822,821,832,211,839,1011,27,820,818,819,835,831,830,833,838,60,212,208,825],"class_list":{"0":"post-588325","1":"post","2":"type-post","3":"status-publish","4":"format-standard","5":"has-post-thumbnail","7":"category-cyclisme","8":"tag-attaque","9":"tag-belgique","10":"tag-braquet","11":"tag-bretagne","12":"tag-chute","13":"tag-competition","14":"tag-coupe-de-france","15":"tag-coureur","16":"tag-course-cyclisme","17":"tag-course-cycliste","18":"tag-cycling","19":"tag-cyclisme","20":"tag-direct","21":"tag-direct-velo","22":"tag-directvelo","23":"tag-directvelo-com","24":"tag-epreuve","25":"tag-epreuve-cycliste","26":"tag-federation-francaise-de-cyclisme","27":"tag-ffc","28":"tag-flandres","29":"tag-fr","30":"tag-france","31":"tag-live","32":"tag-live-course","33":"tag-live-epreuve","34":"tag-peloton","35":"tag-radio-peloton","36":"tag-radio-tour","37":"tag-ravitaillement","38":"tag-relance","39":"tag-sports","40":"tag-uci","41":"tag-velo","42":"tag-velos"},"share_on_mastodon":{"url":"https:\/\/pubeurope.com\/@fr\/115689176852824338","error":""},"_links":{"self":[{"href":"https:\/\/www.europesays.com\/fr\/wp-json\/wp\/v2\/posts\/588325","targetHints":{"allow":["GET"]}}],"collection":[{"href":"https:\/\/www.europesays.com\/fr\/wp-json\/wp\/v2\/posts"}],"about":[{"href":"https:\/\/www.europesays.com\/fr\/wp-json\/wp\/v2\/types\/post"}],"author":[{"embeddable":true,"href":"https:\/\/www.europesays.com\/fr\/wp-json\/wp\/v2\/users\/2"}],"replies":[{"embeddable":true,"href":"https:\/\/www.europesays.com\/fr\/wp-json\/wp\/v2\/comments?post=588325"}],"version-history":[{"count":0,"href":"https:\/\/www.europesays.com\/fr\/wp-json\/wp\/v2\/posts\/588325\/revisions"}],"wp:featuredmedia":[{"embeddable":true,"href":"https:\/\/www.europesays.com\/fr\/wp-json\/wp\/v2\/media\/588326"}],"wp:attachment":[{"href":"https:\/\/www.europesays.com\/fr\/wp-json\/wp\/v2\/media?parent=588325"}],"wp:term":[{"taxonomy":"category","embeddable":true,"href":"https:\/\/www.europesays.com\/fr\/wp-json\/wp\/v2\/categories?post=588325"},{"taxonomy":"post_tag","embeddable":true,"href":"https:\/\/www.europesays.com\/fr\/wp-json\/wp\/v2\/tags?post=588325"}],"curies":[{"name":"wp","href":"https:\/\/api.w.org\/{rel}","templated":true}]}}