{"id":588329,"date":"2025-12-09T10:39:11","date_gmt":"2025-12-09T10:39:11","guid":{"rendered":"https:\/\/www.europesays.com\/fr\/588329\/"},"modified":"2025-12-09T10:39:11","modified_gmt":"2025-12-09T10:39:11","slug":"exclu-public-hautaine-imbue-de-sa-personne-jonatan-cerrada-reapparait-et-demolit-yseult-et-ses-discours-borderline","status":"publish","type":"post","link":"https:\/\/www.europesays.com\/fr\/588329\/","title":{"rendered":"Exclu Public : \u00ab\u00a0Hautaine, imbue de sa personne\u00a0\u00bb, Jonatan Cerrada r\u00e9appara\u00eet et d\u00e9molit Yseult et ses \u00ab\u00a0discours borderline\u00a0\u00bb"},"content":{"rendered":"<p>      R\u00e9sum\u00e9<\/p>\n<p>Jonatan Cerrada critique ouvertement la personnalit\u00e9 et certains propos d&rsquo;Yseult, exprimant un point de vue controvers\u00e9 sur le f\u00e9minisme et la carri\u00e8re des femmes artistes aujourd&rsquo;hui.<\/p>\n<p>        Sommaire<\/p>\n<p>Chroniqueur sur le plateau de <a href=\"https:\/\/www.public.fr\/tag\/tout-beau-tout-9\" target=\"_blank\" rel=\"noopener\">Tout beau tout n9uf<\/a>, <a href=\"https:\/\/www.instagram.com\/jordandeluxe\/?hl=fr\" target=\"_blank\" rel=\"noreferrer noopener\"><strong>Jordan de Luxe<\/strong><\/a> anime \u00e9galement sa propre \u00e9mission, <strong>Le Jet de Luxe.<\/strong><\/p>\n<p>Dans ce programme, il re\u00e7oit une multitude de personnalit\u00e9s, de Pascal Soetens \u00e0 Olivier Villa, en passant par Philippe Candeloro ou encore Lou Pernaut.<\/p>\n<p>Ce mardi 9 d\u00e9cembre 2025, le prot\u00e9g\u00e9 de <a href=\"https:\/\/www.public.fr\/tag\/cyril-hanouna\" target=\"_blank\" rel=\"noopener\">Cyril Hanouna<\/a> a d&rsquo;ailleurs eu l&rsquo;occasion de s&rsquo;entretenir avec <strong><a href=\"https:\/\/www.public.fr\/jonatan-cerrada-nouvelle-star-est-devenu-papa\" target=\"_blank\" rel=\"noopener\">Jonatan Cerrada<\/a>, vainqueur de la toute premi\u00e8re \u00e9dition de Nouvelle Star sur M6 en 2003.<\/strong><\/p>\n<p>Au cours de leur \u00e9change, les deux hommes ont \u00e9voqu\u00e9 plusieurs sujets, dont la carri\u00e8re d&rsquo;<strong>Yseult<\/strong>, elle aussi r\u00e9v\u00e9l\u00e9e gr\u00e2ce \u00e0 Nouvelle star. <\/p>\n<p>Jonatan Cerrada sans filtre sur Yseult<\/p>\n<p>Loin d&rsquo;\u00eatre conquis par la personnalit\u00e9 de la chanteuse, Jonatan Cerrada n&rsquo;a pas m\u00e2ch\u00e9 ses mots : \u00ab\u00a0<strong>Je la trouve tr\u00e8s talentueuse, mais je ne la trouve pas sympathique. Je la trouve m\u00eame plut\u00f4t un peu hautaine, imbue de sa personne<\/strong>\u00ab\u00a0.<\/p>\n<p>S&rsquo;il aime beaucoup \u00ab\u00a0quelques-unes de ses chansons\u00a0\u00bb, le jeune homme trouve, en revanche, que l&rsquo;artiste a pu avoir des \u00ab\u00a0<strong>discours un peu borderline sur certains plateaux t\u00e9l\u00e9<\/strong>\u00ab\u00a0. <\/p>\n<p>\u00ab\u00a0On est quand m\u00eame dans une \u00e9poque o\u00f9 il faut se politiser, s\u2019engager en tant qu\u2019artiste, on ne peut pas \u00eatre juste l\u00e0, vendre du r\u00eave, avoir ce c\u00f4t\u00e9 un peu l\u00e9ger. Toutes les chanteuses doivent \u00eatre f\u00e9ministes, politis\u00e9es, \u00e7a me gonfle un peu\u00a0\u00bb, a-t-il pr\u00e9cis\u00e9. <\/p>\n<p>\u00ab\u00a0Je n\u2019ai pas l\u2019impression qu\u2019elle ait tellement gal\u00e9r\u00e9\u00a0\u00bb<\/p>\n<p><strong>Jonatan Cerrada en a visiblement assez de cette \u00ab\u00a0position de victime\u00a0\u00bb chez certaines femmes<\/strong>. \u00ab\u00a0&lsquo;Je suis une femme, une femme de couleur&rsquo;, mais en r\u00e9alit\u00e9, je n\u2019ai pas l\u2019impression qu\u2019elle ait tellement gal\u00e9r\u00e9. Au contraire\u2026 Elle a une tr\u00e8s belle carri\u00e8re, elle a chant\u00e9 pour les Jeux olympiques, on ne peut pas dire que ce soit une meuf qui gal\u00e8re \u00e9norm\u00e9ment. Et au final, toutes les plus grandes popstars de la plan\u00e8te sont des femmes, peut-\u00eatre m\u00eame plus que des hommes. Donc <strong>ce discours tr\u00e8s f\u00e9ministe en ce moment qui consiste \u00e0 dire : &lsquo;Nous, les meufs, on gal\u00e8re, il a fallu travailler deux fois plus pour faire notre trou.&rsquo; Je trouve que ce n\u2019est pas tr\u00e8s juste<\/strong>.\u00a0\u00bb <\/p>\n<p>Le Li\u00e9geois de 40 ans reconna\u00eet n\u00e9anmoins que \u00ab\u00a0les femmes ont gal\u00e9r\u00e9 pendant des centaines d\u2019ann\u00e9es\u00a0\u00bb, mais pour lui, \u00ab\u00a0gr\u00e2ce aux anciennes g\u00e9n\u00e9rations, les g\u00e9n\u00e9rations d\u2019aujourd\u2019hui n\u2019ont pas tellement \u00e0 gal\u00e9rer. Moins, en tout cas\u00a0\u00bb. Un avis tranch\u00e9 qui risque de faire jaser ! <\/p>\n<p>\n          Hits &amp; People en continu\n        <\/p>\n<p>\n          Public Radio\n        <\/p>\n<p>      Mentionn\u00e9s dans cet article<\/p>\n<p>      Sur le m\u00eame sujet<\/p>\n<p>  <script async src=\"\/\/www.instagram.com\/embed.js\"><\/script><\/p>\n","protected":false},"excerpt":{"rendered":"R\u00e9sum\u00e9 Jonatan Cerrada critique ouvertement la personnalit\u00e9 et certains propos d&rsquo;Yseult, exprimant un point de vue controvers\u00e9 sur&hellip;\n","protected":false},"author":2,"featured_media":588330,"comment_status":"","ping_status":"","sticky":false,"template":"","format":"standard","meta":{"footnotes":""},"categories":[1359],"tags":[58,59,1011,27,70177,4829,973,31990],"class_list":{"0":"post-588329","1":"post","2":"type-post","3":"status-publish","4":"format-standard","5":"has-post-thumbnail","7":"category-people","8":"tag-divertissement","9":"tag-entertainment","10":"tag-fr","11":"tag-france","12":"tag-jonatan-cerrada","13":"tag-jordan-de-luxe","14":"tag-people","15":"tag-yseult"},"share_on_mastodon":{"url":"https:\/\/pubeurope.com\/@fr\/115689184643657237","error":""},"_links":{"self":[{"href":"https:\/\/www.europesays.com\/fr\/wp-json\/wp\/v2\/posts\/588329","targetHints":{"allow":["GET"]}}],"collection":[{"href":"https:\/\/www.europesays.com\/fr\/wp-json\/wp\/v2\/posts"}],"about":[{"href":"https:\/\/www.europesays.com\/fr\/wp-json\/wp\/v2\/types\/post"}],"author":[{"embeddable":true,"href":"https:\/\/www.europesays.com\/fr\/wp-json\/wp\/v2\/users\/2"}],"replies":[{"embeddable":true,"href":"https:\/\/www.europesays.com\/fr\/wp-json\/wp\/v2\/comments?post=588329"}],"version-history":[{"count":0,"href":"https:\/\/www.europesays.com\/fr\/wp-json\/wp\/v2\/posts\/588329\/revisions"}],"wp:featuredmedia":[{"embeddable":true,"href":"https:\/\/www.europesays.com\/fr\/wp-json\/wp\/v2\/media\/588330"}],"wp:attachment":[{"href":"https:\/\/www.europesays.com\/fr\/wp-json\/wp\/v2\/media?parent=588329"}],"wp:term":[{"taxonomy":"category","embeddable":true,"href":"https:\/\/www.europesays.com\/fr\/wp-json\/wp\/v2\/categories?post=588329"},{"taxonomy":"post_tag","embeddable":true,"href":"https:\/\/www.europesays.com\/fr\/wp-json\/wp\/v2\/tags?post=588329"}],"curies":[{"name":"wp","href":"https:\/\/api.w.org\/{rel}","templated":true}]}}