{"id":588343,"date":"2025-12-09T10:47:10","date_gmt":"2025-12-09T10:47:10","guid":{"rendered":"https:\/\/www.europesays.com\/fr\/588343\/"},"modified":"2025-12-09T10:47:10","modified_gmt":"2025-12-09T10:47:10","slug":"julie-zitouni-destituee-de-son-echarpe-de-miss-provence","status":"publish","type":"post","link":"https:\/\/www.europesays.com\/fr\/588343\/","title":{"rendered":"Julie Zitouni destitu\u00e9e de son \u00e9charpe de Miss Provence"},"content":{"rendered":"<p><strong><a href=\"https:\/\/www.laprovence.com\/article\/societe\/96909985538602\/polemique-apres-l-election-de-miss-france-destitution-mise-au-placard-que-risque-julie-zitouni-miss-provence\" target=\"_blank\" rel=\"noopener\">Julie Zitouni n&rsquo;est plus Miss Provence<\/a><\/strong>. La d\u00e9cision vient d&rsquo;\u00eatre prise par le comit\u00e9 Paca, soutenu par la soci\u00e9t\u00e9 Miss France et l&rsquo;Amicale des d\u00e9l\u00e9gu\u00e9s r\u00e9gionaux.\u00a0<\/p>\n<p>\u00ab\u00a0Je ne me r\u00e9jouis pas de cette situation bien au contraire\u00a0\u00bb, nous confie la responsable du comit\u00e9 proven\u00e7al, Lydia Podossenoff.<\/p>\n<p>\u00ab\u00a0On ne peut pas passer sur \u00e7a\u00a0\u00bb<\/p>\n<p>Dans une vid\u00e9o post\u00e9e samedi soir sur les r\u00e9seaux sociaux priv\u00e9s de Miss Aquitaine, <strong>A\u00efnoha Lahitet, \u00e9galement destitu\u00e9e de son titre par son comit\u00e9<\/strong>, Julie Zitouni tient des propos injurieux \u00e0 l&rsquo;encontre des autres candidates encore en lice. \u00ab\u00a0Je dissocie la personne, Julie, de la Miss. L&rsquo;erreur n&rsquo;est pas pardonnable, nous souffle Lydia Podossenoff en exclusivit\u00e9. En tant que Miss Provence, alors qu&rsquo;on repr\u00e9sente toute une r\u00e9gion, on ne peut pas dire \u00e7a. On ne peut pas passer, nous comit\u00e9, sur \u00e7a. Je connais bien Julie, son caract\u00e8re, je sais qu&rsquo;elle a \u00e9t\u00e9 le boute-en-train de la promo \u00e0 faire rire la galerie mais l\u00e0 \u00e7a n&rsquo;a pas fonctionn\u00e9. Je ne me r\u00e9jouis pas de la situation, bien au contraire.\u00a0\u00bb<\/p>\n<p>Concr\u00e8tement, la Marseillaise de 26 ans est donc destitu\u00e9e de son titre. Elle ne sera donc pas pr\u00e9sente pour les \u00e9lections locales, d\u00e9partementales\u00a0 et enfin l&rsquo;\u00e9lection r\u00e9gionale l&rsquo;\u00e9t\u00e9 prochain. \u00ab\u00a0C&rsquo;est triste, souffle la patronne du comit\u00e9 Paca. C&rsquo;est une d\u00e9cision lourde de cons\u00e9quence : on se retrouve avec une r\u00e9gion qui n&rsquo;a plus de Miss\u00a0\u00bb.\u00a0<\/p>\n<p>De souvenir de celle qui a \u00e9t\u00e9 elle m\u00eame Miss Provence il y a une vingtaine d&rsquo;ann\u00e9es, c&rsquo;est la premi\u00e8re fois qu&rsquo;une telle situation se passe dans la r\u00e9gion. Au niveau national \u00e9galement : les propos d&rsquo;une Miss n&rsquo;ont jamais pouss\u00e9 \u00e0 une destitution. Certaines avaient \u00e9t\u00e9 priv\u00e9es de leur titre en raison de photos \u00ab\u00a0d\u00e9nud\u00e9es\u00a0\u00bb.\u00a0<\/p>\n<p><a href=\"https:\/\/www.laprovence.com\/article\/culture-loisirs\/2692220101890314\/miss-france-2026-au-coeur-d-une-polemique-miss-provence-se-confie-apres-son-elimination\" target=\"_blank\" rel=\"noopener\">Dans une interview accord\u00e9e \u00e0 La Provence dimanche soir<\/a>, apr\u00e8s la diffusion par l&rsquo;influenceur Aquababe de cette vid\u00e9o, Julie Zitouni se d\u00e9fendait d&rsquo;\u00eatre \u00ab\u00a0une peste\u00a0\u00bb. \u00ab\u00a0J&rsquo;ai fait une blague de mauvais go\u00fbt parce que, juste avant, l&rsquo;une des chaperonnes avait dit un truc du style : &lsquo;Oui, c&rsquo;est fini, vous pouvez vous remettre \u00e0 dire des gros mots ou des trucs comme \u00e7a&rsquo;. Et c&rsquo;est l\u00e0 o\u00f9 je suis arriv\u00e9e par-derri\u00e8re pour dire : &lsquo;Oui, c&rsquo;est des grosses p***&rsquo;, ahahah !\u00a0\u00bb, nous confiait-elle en avan\u00e7ant le ton de l&rsquo;humour et non de l&rsquo;insulte.\u00a0<\/p>\n<p>La jeune femme nous confiait \u00eatre au centre d&rsquo;une cabale sur les r\u00e9seaux sociaux. Malgr\u00e9 ses excuses publiques dans nos colonnes mais aussi sur son compte Instagram, elle assurait avoir re\u00e7u des dizaines de milliers de messages haineux. \u00ab\u00a0Les comit\u00e9s Paca et Aquitaine condamnent avec la m\u00eame fermet\u00e9 les propos tenus dans cette vid\u00e9o<a href=\"https:\/\/www.laprovence.com\/article\/societe\/41218267482119\/propos-injurieux-de-miss-provence-le-harcelement-na-pas-lieu-detre-rappelle-une-ancienne-miss-france\" target=\"_blank\" rel=\"noopener\"> que le d\u00e9ferlement de cyberviolence et de harc\u00e8lement dont Julie et A\u00efnhoa<\/a> font l&rsquo;objet depuis leur diffusion. Aucune faute ne justifie la haine, l&rsquo;acharnement ou les menaces sur les r\u00e9seaux sociaux\u00a0\u00bb, \u00e9crivent les deux instances dans un communiqu\u00e9.<\/p>\n","protected":false},"excerpt":{"rendered":"Julie Zitouni n&rsquo;est plus Miss Provence. La d\u00e9cision vient d&rsquo;\u00eatre prise par le comit\u00e9 Paca, soutenu par la&hellip;\n","protected":false},"author":2,"featured_media":588344,"comment_status":"","ping_status":"","sticky":false,"template":"","format":"standard","meta":{"footnotes":""},"categories":[8],"tags":[17,70179,58,59,1011,27,38422,27472,1747,104,3711,41346],"class_list":{"0":"post-588343","1":"post","2":"type-post","3":"status-publish","4":"format-standard","5":"has-post-thumbnail","7":"category-divertissement","8":"tag-17","9":"tag-destituee","10":"tag-divertissement","11":"tag-entertainment","12":"tag-fr","13":"tag-france","14":"tag-julie","15":"tag-miss","16":"tag-scandale","17":"tag-societe","18":"tag-son","19":"tag-zitouni"},"share_on_mastodon":{"url":"https:\/\/pubeurope.com\/@fr\/115689216187834795","error":""},"_links":{"self":[{"href":"https:\/\/www.europesays.com\/fr\/wp-json\/wp\/v2\/posts\/588343","targetHints":{"allow":["GET"]}}],"collection":[{"href":"https:\/\/www.europesays.com\/fr\/wp-json\/wp\/v2\/posts"}],"about":[{"href":"https:\/\/www.europesays.com\/fr\/wp-json\/wp\/v2\/types\/post"}],"author":[{"embeddable":true,"href":"https:\/\/www.europesays.com\/fr\/wp-json\/wp\/v2\/users\/2"}],"replies":[{"embeddable":true,"href":"https:\/\/www.europesays.com\/fr\/wp-json\/wp\/v2\/comments?post=588343"}],"version-history":[{"count":0,"href":"https:\/\/www.europesays.com\/fr\/wp-json\/wp\/v2\/posts\/588343\/revisions"}],"wp:featuredmedia":[{"embeddable":true,"href":"https:\/\/www.europesays.com\/fr\/wp-json\/wp\/v2\/media\/588344"}],"wp:attachment":[{"href":"https:\/\/www.europesays.com\/fr\/wp-json\/wp\/v2\/media?parent=588343"}],"wp:term":[{"taxonomy":"category","embeddable":true,"href":"https:\/\/www.europesays.com\/fr\/wp-json\/wp\/v2\/categories?post=588343"},{"taxonomy":"post_tag","embeddable":true,"href":"https:\/\/www.europesays.com\/fr\/wp-json\/wp\/v2\/tags?post=588343"}],"curies":[{"name":"wp","href":"https:\/\/api.w.org\/{rel}","templated":true}]}}