{"id":588349,"date":"2025-12-09T10:50:17","date_gmt":"2025-12-09T10:50:17","guid":{"rendered":"https:\/\/www.europesays.com\/fr\/588349\/"},"modified":"2025-12-09T10:50:17","modified_gmt":"2025-12-09T10:50:17","slug":"la-coree-du-sud-deploie-des-avions-de-chasse-apres-le-reperage-davions-russes-et-chinois","status":"publish","type":"post","link":"https:\/\/www.europesays.com\/fr\/588349\/","title":{"rendered":"La Cor\u00e9e du Sud d\u00e9ploie des avions de chasse apr\u00e8s le rep\u00e9rage d\u2019avions russes et chinois"},"content":{"rendered":"<p>                      <img loading=\"lazy\" decoding=\"async\" src=\"https:\/\/www.europesays.com\/fr\/wp-content\/uploads\/2025\/12\/d638974_upload-1-obpnv0608phl-000-34jy9ra.jpg\" alt=\"Des avions de chasse F-35A de l\u2019arm\u00e9e de l\u2019air sud-cor\u00e9enne se pr\u00e9parant au d\u00e9collage depuis la base a\u00e9rienne de Cheongju, en Cor\u00e9e du Sud, le 23\u00a0f\u00e9vrier 2024.\"   width=\"664\" height=\"443\"\/>    Des avions de chasse F-35A de l\u2019arm\u00e9e de l\u2019air sud-cor\u00e9enne se pr\u00e9parant au d\u00e9collage depuis la base a\u00e9rienne de Cheongju, en Cor\u00e9e du Sud, le 23\u00a0f\u00e9vrier 2024.  MINIST\u00c8RE DE LA D\u00c9FENSE SUD-COR\u00c9EN\/VIA AFP                          <\/p>\n<p class=\"article__paragraph  \">S\u00e9oul a annonc\u00e9 avoir d\u00e9ploy\u00e9 en urgence des avions de chasse apr\u00e8s avoir rep\u00e9r\u00e9 sept avions militaires russes et deux autres chinois dans sa zone de d\u00e9fense a\u00e9rienne, mardi 9\u00a0d\u00e9cembre. Les a\u00e9ronefs russes et chinois sont entr\u00e9s dans cette zone d\u2019identification de la d\u00e9fense a\u00e9rienne de Cor\u00e9e du Sud vers 10\u00a0heures (2\u00a0heures, \u00e0 Paris), a rapport\u00e9 l\u2019\u00e9tat-major interarm\u00e9es de Cor\u00e9e du Sud dans un communiqu\u00e9. Aucun d\u2019eux n\u2019a viol\u00e9 l\u2019espace a\u00e9rien sud-cor\u00e9en, selon la m\u00eame source. L\u2019arm\u00e9e sud-cor\u00e9enne a pr\u00e9cis\u00e9 avoir fait d\u00e9coller \u00ab\u00a0des avions de combat pour prendre des mesures tactiques en pr\u00e9vision de toute \u00e9ventualit\u00e9\u00a0\u00bb.<\/p>\n<p class=\"article__paragraph  \">Une zone d\u2019identification de d\u00e9fense a\u00e9rienne (ADIZ) est la zone, plus large que l\u2019espace a\u00e9rien, qu\u2019un pays contr\u00f4le pour des raisons de s\u00e9curit\u00e9, m\u00eame si ce concept n\u2019est d\u00e9fini dans aucun trait\u00e9 international.<\/p>\n<p class=\"article__paragraph  \">Selon l\u2019arm\u00e9e de S\u00e9oul, <a href=\"https:\/\/fr.yna.co.kr\/view\/AFR20251209003100884?section=national\/index\" target=\"_blank\" rel=\"noopener\" title=\"Nouvelle fen\u00eatre\">cit\u00e9e par l\u2019agence de presse sud-cor\u00e9enne Yonhap,<\/a> les avions chinois et russes ont \u00e9t\u00e9 d\u00e9tect\u00e9s avant d\u2019entrer dans cette zone. Ils y sont entr\u00e9s et en sont sortis plusieurs fois avant de repartir au bout d\u2019une heure.<\/p>\n<p class=\"article__paragraph  \">P\u00e9kin et Moscou ont r\u00e9guli\u00e8rement fait voler des avions militaires dans la zone de d\u00e9fense a\u00e9rienne de la Cor\u00e9e du Sud depuis 2019, invoquant des exercices conjoints. Le dernier incident de ce type remonte \u00e0 novembre\u00a02024 et impliquait cinq appareils chinois et six russes, selon S\u00e9oul. La Chine et la Russie, alli\u00e9s traditionnels de la Cor\u00e9e du Nord, ont renforc\u00e9 leur coop\u00e9ration militaire depuis l\u2019invasion de l\u2019Ukraine par l\u2019arm\u00e9e de Moscou d\u00e9but 2022.<\/p>\n<p class=\"author__detail\">  Le Monde avec AFP  <\/p>\n<p>L\u2019espace des contributions est r\u00e9serv\u00e9 aux abonn\u00e9s.<\/p>\n<p>Abonnez-vous pour acc\u00e9der \u00e0 cet espace d\u2019\u00e9change et contribuer \u00e0 la discussion.<\/p>\n<p>    <a href=\"https:\/\/abo.lemonde.fr\/?edi_medium=BOUTONS_LMFR&amp;edi_campaign=CONTRIBUTION_ARTICLE\" class=\"btn btn--premium js-btn-premium\" target=\"_blank\" rel=\"noopener\">S\u2019abonner<\/a>              <a href=\"https:\/\/www.lemonde.fr\/syndication\/\" class=\"reuse__content\" title=\"R\u00e9utiliser ce contenu\" target=\"_blank\" rel=\"noopener\">R\u00e9utiliser ce contenu<\/a>      <\/p>\n","protected":false},"excerpt":{"rendered":"Des avions de chasse F-35A de l\u2019arm\u00e9e de l\u2019air sud-cor\u00e9enne se pr\u00e9parant au d\u00e9collage depuis la base a\u00e9rienne&hellip;\n","protected":false},"author":2,"featured_media":588350,"comment_status":"","ping_status":"","sticky":false,"template":"","format":"standard","meta":{"footnotes":""},"categories":[5],"tags":[11,1011,27,14,12,28],"class_list":{"0":"post-588349","1":"post","2":"type-post","3":"status-publish","4":"format-standard","5":"has-post-thumbnail","7":"category-international","8":"tag-actualites","9":"tag-fr","10":"tag-france","11":"tag-international","12":"tag-news","13":"tag-world"},"share_on_mastodon":{"url":"https:\/\/pubeurope.com\/@fr\/115689228625519032","error":""},"_links":{"self":[{"href":"https:\/\/www.europesays.com\/fr\/wp-json\/wp\/v2\/posts\/588349","targetHints":{"allow":["GET"]}}],"collection":[{"href":"https:\/\/www.europesays.com\/fr\/wp-json\/wp\/v2\/posts"}],"about":[{"href":"https:\/\/www.europesays.com\/fr\/wp-json\/wp\/v2\/types\/post"}],"author":[{"embeddable":true,"href":"https:\/\/www.europesays.com\/fr\/wp-json\/wp\/v2\/users\/2"}],"replies":[{"embeddable":true,"href":"https:\/\/www.europesays.com\/fr\/wp-json\/wp\/v2\/comments?post=588349"}],"version-history":[{"count":0,"href":"https:\/\/www.europesays.com\/fr\/wp-json\/wp\/v2\/posts\/588349\/revisions"}],"wp:featuredmedia":[{"embeddable":true,"href":"https:\/\/www.europesays.com\/fr\/wp-json\/wp\/v2\/media\/588350"}],"wp:attachment":[{"href":"https:\/\/www.europesays.com\/fr\/wp-json\/wp\/v2\/media?parent=588349"}],"wp:term":[{"taxonomy":"category","embeddable":true,"href":"https:\/\/www.europesays.com\/fr\/wp-json\/wp\/v2\/categories?post=588349"},{"taxonomy":"post_tag","embeddable":true,"href":"https:\/\/www.europesays.com\/fr\/wp-json\/wp\/v2\/tags?post=588349"}],"curies":[{"name":"wp","href":"https:\/\/api.w.org\/{rel}","templated":true}]}}