{"id":588360,"date":"2025-12-09T10:57:49","date_gmt":"2025-12-09T10:57:49","guid":{"rendered":"https:\/\/www.europesays.com\/fr\/588360\/"},"modified":"2025-12-09T10:57:49","modified_gmt":"2025-12-09T10:57:49","slug":"amenagement-du-boulevard-daustrasie-metropole-du-grand-nancy","status":"publish","type":"post","link":"https:\/\/www.europesays.com\/fr\/588360\/","title":{"rendered":"am\u00e9nagement du boulevard d&rsquo;Austrasie\u2014 M\u00e9tropole du Grand Nancy"},"content":{"rendered":"<p>Dans le cadre du Plan M\u00e9tropolitain des Mobilit\u00e9s (P2M), la M\u00e9tropole du Grand Nancy et la Ville de Nancy s\u2019engagent pour un territoire qui concilie plus harmonieusement les enjeux de mobilit\u00e9s, d\u2019accessibilit\u00e9 et de qualit\u00e9 des espaces publics.<\/p>\n<p>En ce sens est notamment pr\u00e9vu le d\u00e9veloppement d\u2019un axe de mobilit\u00e9s actives majeur reliant les communes de la m\u00e9tropole d\u2019Est en Ouest. Cette liaison favorisera la bonne cohabitation des diff\u00e9rents types de mobilit\u00e9 en toute s\u00e9curit\u00e9 et reliera, \u00e0 terme, les Rives de Meurthe \u00e0 la place Paul Painlev\u00e9.<\/p>\n<p>L\u2019am\u00e9nagement du boulevard d\u2019Austrasie, entre les avenues du XXe Corps et Charles \u00c9tienne Collignon, s\u2019inscrit pleinement dans ce projet : la rue b\u00e9n\u00e9ficiera d\u2019une r\u00e9fection totale (de fa\u00e7ade \u00e0 fa\u00e7ade), de la r\u00e9alisation d\u2019une piste cyclable s\u00e9curis\u00e9e \u00e0 double sens, d\u2019une v\u00e9g\u00e9talisation accrue et d\u2019une d\u00e9simperm\u00e9abilisation des sols.<\/p>\n<p class=\"titrage-text\">\u2192 La premi\u00e8re phase de travaux est programm\u00e9e \u00e0 partir de f\u00e9vrier 2026.\u00a0<\/p>\n<p>Les modalit\u00e9s de circulation lors des travaux vous seront communiqu\u00e9es \u00e0 l\u2019avancement. Les acc\u00e8s riverains, commerces et parkings seront maintenus.\u00a0<\/p>\n<p class=\"titrage-text\">\u2192 Pr\u00e9alablement aux travaux, l\u2019abattage d\u2019arbres fragilis\u00e9s est n\u00e9cessaire d\u00e8s mi-d\u00e9cembre 2025.\u00a0<\/p>\n<p>En effet, la quasi-totalit\u00e9 des arbres du boulevard pr\u00e9sentent une faiblesse g\u00e9n\u00e9rale li\u00e9e \u00e0 l\u2019\u00e9troitesse de leur fosse et \u00e0 leur infestation par un champignon lignivore (Fomitiporia punctata), ce qui a conduit \u00e0 les couper par tron\u00e7on selon leur \u00e9tat depuis plusieurs ann\u00e9es. Par ailleurs, pour d\u2019autres arbres, une implantation non optimale vis-\u00e0-vis des infrastructures et des usages urbains les a affaiblis. La s\u00e9curit\u00e9 de l\u2019espace public rend donc n\u00e9cessaire leur abattage d\u00e8s cet hiver.\u00a0<\/p>\n<p>Lors des travaux d\u2019am\u00e9nagement, le boulevard d\u2019Austrasie b\u00e9n\u00e9ficiera d\u2019une nouvelle v\u00e9g\u00e9talisation, mieux implant\u00e9e, compos\u00e9e notamment d\u2019une centaine de nouveaux arbres.<\/p>\n<p>*\u00a0Les dates mentionn\u00e9es pr\u00e9c\u00e9demment, le sont \u00e0 titre pr\u00e9visionnel.<\/p>\n","protected":false},"excerpt":{"rendered":"Dans le cadre du Plan M\u00e9tropolitain des Mobilit\u00e9s (P2M), la M\u00e9tropole du Grand Nancy et la Ville de&hellip;\n","protected":false},"author":2,"featured_media":588361,"comment_status":"","ping_status":"","sticky":false,"template":"","format":"standard","meta":{"footnotes":""},"categories":[9635],"tags":[1111,11,1777,674,1011,27,775,1702,12,25],"class_list":{"0":"post-588360","1":"post","2":"type-post","3":"status-publish","4":"format-standard","5":"has-post-thumbnail","7":"category-nancy","8":"tag-actu","9":"tag-actualites","10":"tag-eu","11":"tag-europe","12":"tag-fr","13":"tag-france","14":"tag-grand-est","15":"tag-nancy","16":"tag-news","17":"tag-republique-francaise"},"share_on_mastodon":{"url":"https:\/\/pubeurope.com\/@fr\/115689259202273865","error":""},"_links":{"self":[{"href":"https:\/\/www.europesays.com\/fr\/wp-json\/wp\/v2\/posts\/588360","targetHints":{"allow":["GET"]}}],"collection":[{"href":"https:\/\/www.europesays.com\/fr\/wp-json\/wp\/v2\/posts"}],"about":[{"href":"https:\/\/www.europesays.com\/fr\/wp-json\/wp\/v2\/types\/post"}],"author":[{"embeddable":true,"href":"https:\/\/www.europesays.com\/fr\/wp-json\/wp\/v2\/users\/2"}],"replies":[{"embeddable":true,"href":"https:\/\/www.europesays.com\/fr\/wp-json\/wp\/v2\/comments?post=588360"}],"version-history":[{"count":0,"href":"https:\/\/www.europesays.com\/fr\/wp-json\/wp\/v2\/posts\/588360\/revisions"}],"wp:featuredmedia":[{"embeddable":true,"href":"https:\/\/www.europesays.com\/fr\/wp-json\/wp\/v2\/media\/588361"}],"wp:attachment":[{"href":"https:\/\/www.europesays.com\/fr\/wp-json\/wp\/v2\/media?parent=588360"}],"wp:term":[{"taxonomy":"category","embeddable":true,"href":"https:\/\/www.europesays.com\/fr\/wp-json\/wp\/v2\/categories?post=588360"},{"taxonomy":"post_tag","embeddable":true,"href":"https:\/\/www.europesays.com\/fr\/wp-json\/wp\/v2\/tags?post=588360"}],"curies":[{"name":"wp","href":"https:\/\/api.w.org\/{rel}","templated":true}]}}