{"id":588365,"date":"2025-12-09T11:01:12","date_gmt":"2025-12-09T11:01:12","guid":{"rendered":"https:\/\/www.europesays.com\/fr\/588365\/"},"modified":"2025-12-09T11:01:12","modified_gmt":"2025-12-09T11:01:12","slug":"valerie-chevalier-et-virginie-brugues-la-partition-du-renouveau-et-le-tram-5","status":"publish","type":"post","link":"https:\/\/www.europesays.com\/fr\/588365\/","title":{"rendered":"Val\u00e9rie Chevalier et Virginie Brugues \u00ab\u00a0La partition du renouveau\u00a0\u00bb et le tram 5"},"content":{"rendered":"<p>                    Par<br \/>\n        <strong><br \/>\n            <a href=\"https:\/\/actu.fr\/auteur\/metropoop\" title=\"Consulter tous les articles de R\u00e9daction M\u00e9tropolitain\" target=\"_blank\" rel=\"noopener\">R\u00e9daction M\u00e9tropolitain<\/a><br \/>\n                    <\/strong><\/p>\n<p>        Publi\u00e9 le<\/p>\n<p>            9 d\u00e9c. 2025 \u00e0 11h39        <\/p>\n<p>Comme chaque semaine, <strong>l\u2019hebdomadaire M\u00e9tropolitain<\/strong> vous propose un autre regard sur <strong>l\u2019actualit\u00e9 de Montpellier et de l\u2019H\u00e9rault<\/strong>. D\u00e9couvrez le sommaire de notre nouveau num\u00e9ro.<\/p>\n<p>\u00c0 la Une<\/p>\n<p class=\" wall-content\">Par leur personnalit\u00e9, leur histoire, leur pass\u00e9 professionnel, elles sont diff\u00e9rentes. Mais par leur sensibilit\u00e9, leur justesse, leur ambition pour l\u2019Art, elles se ressemblent. Et d\u00e9sormais, elles forment un duo aussi inattendu que compl\u00e9mentaire \u00e0 l\u2019Op\u00e9ra Orchestre national Montpellier Occitanie. D\u2019un c\u00f4t\u00e9, on retrouve Val\u00e9rie Chevalier, directrice g\u00e9n\u00e9rale, figure respect\u00e9e et distingu\u00e9e du monde culturel \u00e0 l\u2019\u00e9chelle internationale. De l\u2019autre, Virginie Brugues, secr\u00e9taire g\u00e9n\u00e9rale fra\u00eechement arriv\u00e9e du secteur priv\u00e9, elle aussi bien connue de l\u2019\u00e9cosyst\u00e8me r\u00e9gional. Ensemble, les deux femmes incarnent une ambition : faire de cette institution centenaire un acteur \u00e9conomique et soci\u00e9tal majeur du territoire. Rencontre dans les coulisses de l\u2019Op\u00e9ra Com\u00e9die, o\u00f9 se m\u00ealent partitions de g\u00e9nies et strat\u00e9gies d\u2019entreprise.<\/p>\n<p>News.<\/p>\n<p class=\" wall-content\"><strong>Inauguration de la ligne 5 de tramway<\/strong> : jour de f\u00eate samedi 20 d\u00e9cembre<\/p>\n<p class=\" wall-content\"><strong>La vid\u00e9o de la semaine<\/strong> : Montpellier : et si nos tr\u00e9sors oubli\u00e9s retrouvaient vie ?<\/p>\n<p class=\" wall-content\"><strong>Rocade de B\u00e9ziers<\/strong> : bient\u00f4t la fin du chantier ? On fait le point<\/p>\n<p>Vid\u00e9os : en ce moment sur ActuLifestyle.<\/p>\n<p class=\" wall-content\"><strong>\u00c0 la chasse aux Cryptors<\/strong> : Aigues-Mortes comme vous ne l\u2019avez jamais vue<\/p>\n<p class=\" wall-content\"><strong>Essai auto<\/strong> : Toyota Hilux \u00e9lectrique 4\u00d74<\/p>\n<p>Votre r\u00e9gion, votre actu !<\/p>\n<p>Recevez chaque jour les infos qui comptent pour vous.<\/p>\n<p>\t<a href=\"https:\/\/actu.fr\/newsletter\" class=\"ac-btn ac-btn--corner ac-btn--medium ac-btn--blue800\" target=\"_blank\" rel=\"noopener\">S&rsquo;incrire<\/a><\/p>\n<p class=\" wall-content\"><strong>S\u00e9lection caviste<\/strong> : Domaine La N\u00e9gly<\/p>\n<p>\u00c9co.<\/p>\n<p class=\" wall-content\"><strong>Montpellier d\u00e9voile son H\u00f4tel des S\u00e9curit\u00e9s<\/strong>, une forteresse moderne pour coordonner 450 agents<\/p>\n<p>Annonces l\u00e9gales<\/p>\n<p class=\" wall-content\"><strong>O\u00f9 le trouver ?<\/strong><\/p>\n<p class=\" wall-content\">Le magazine M\u00e9tropolitain est disponible gratuitement chaque semaine dans plus de 350 points de passage dans le d\u00e9partement de l\u2019H\u00e9rault. M\u00e9tropolitain est \u00e9galement le seul titre de presse disponible en libre-service au sein des halls d\u2019embarquement des a\u00e9roports de Montpellier et de B\u00e9ziers. Il est bien s\u00fbr possible de s\u2019abonner, afin de le recevoir directement chez soi. Aussi, toutes les semaines, retrouvez en ligne la version digitale, <a href=\"https:\/\/v.calameo.com\/library\/?type=account&amp;id=5794458&amp;rows=1&amp;sortBy=latestPublished&amp;theme=wood&amp;bgColor=&amp;thumbSize=large&amp;showTitle=true&amp;showShadow=true&amp;showGloss=true&amp;showInfo=account&amp;linkTo=view&amp;linkTarget=_blank\" target=\"_blank\" rel=\"noopener\">consultable sur notre site.<\/a><\/p>\n<p class=\" wall-content\">Personnalisez votre actualit\u00e9 en ajoutant vos villes et m\u00e9dias en favori avec <a href=\"https:\/\/moncompte.actu.fr\" title=\"D\u00e9couvez Mon Actu\" rel=\"nofollow noopener\" data-trk=\"{&quot;cta&quot;:{&quot;action&quot;:&quot;https:\\\/\\\/moncompte.actu.fr&quot;,&quot;category&quot;:&quot;mon compte&quot;,&quot;from&quot;:&quot;article footer&quot;,&quot;name&quot;:&quot;Mon actu&quot;,&quot;type&quot;:&quot;cta&quot;}}\" target=\"_blank\">Mon Actu<\/a>.<\/p>\n","protected":false},"excerpt":{"rendered":"Par R\u00e9daction M\u00e9tropolitain Publi\u00e9 le 9 d\u00e9c. 2025 \u00e0 11h39 Comme chaque semaine, l\u2019hebdomadaire M\u00e9tropolitain vous propose un&hellip;\n","protected":false},"author":2,"featured_media":588366,"comment_status":"","ping_status":"","sticky":false,"template":"","format":"standard","meta":{"footnotes":""},"categories":[9599],"tags":[1111,11,1777,674,1011,27,2208,12,2680,7165,25,104,59623,2086],"class_list":{"0":"post-588365","1":"post","2":"type-post","3":"status-publish","4":"format-standard","5":"has-post-thumbnail","7":"category-montpellier","8":"tag-actu","9":"tag-actualites","10":"tag-eu","11":"tag-europe","12":"tag-fr","13":"tag-france","14":"tag-montpellier","15":"tag-news","16":"tag-occitanie","17":"tag-opera","18":"tag-republique-francaise","19":"tag-societe","20":"tag-tam","21":"tag-travaux"},"share_on_mastodon":{"url":"https:\/\/pubeurope.com\/@fr\/115689271142445428","error":""},"_links":{"self":[{"href":"https:\/\/www.europesays.com\/fr\/wp-json\/wp\/v2\/posts\/588365","targetHints":{"allow":["GET"]}}],"collection":[{"href":"https:\/\/www.europesays.com\/fr\/wp-json\/wp\/v2\/posts"}],"about":[{"href":"https:\/\/www.europesays.com\/fr\/wp-json\/wp\/v2\/types\/post"}],"author":[{"embeddable":true,"href":"https:\/\/www.europesays.com\/fr\/wp-json\/wp\/v2\/users\/2"}],"replies":[{"embeddable":true,"href":"https:\/\/www.europesays.com\/fr\/wp-json\/wp\/v2\/comments?post=588365"}],"version-history":[{"count":0,"href":"https:\/\/www.europesays.com\/fr\/wp-json\/wp\/v2\/posts\/588365\/revisions"}],"wp:featuredmedia":[{"embeddable":true,"href":"https:\/\/www.europesays.com\/fr\/wp-json\/wp\/v2\/media\/588366"}],"wp:attachment":[{"href":"https:\/\/www.europesays.com\/fr\/wp-json\/wp\/v2\/media?parent=588365"}],"wp:term":[{"taxonomy":"category","embeddable":true,"href":"https:\/\/www.europesays.com\/fr\/wp-json\/wp\/v2\/categories?post=588365"},{"taxonomy":"post_tag","embeddable":true,"href":"https:\/\/www.europesays.com\/fr\/wp-json\/wp\/v2\/tags?post=588365"}],"curies":[{"name":"wp","href":"https:\/\/api.w.org\/{rel}","templated":true}]}}