{"id":588369,"date":"2025-12-09T11:03:10","date_gmt":"2025-12-09T11:03:10","guid":{"rendered":"https:\/\/www.europesays.com\/fr\/588369\/"},"modified":"2025-12-09T11:03:10","modified_gmt":"2025-12-09T11:03:10","slug":"candidat-de-reconquete-frederic-mazier-veut-reprendre-rouen-en-main","status":"publish","type":"post","link":"https:\/\/www.europesays.com\/fr\/588369\/","title":{"rendered":"candidat de Reconqu\u00eate, Fr\u00e9d\u00e9ric Mazier veut \u00ab reprendre Rouen en main \u00bb"},"content":{"rendered":"<p>                    Par<br \/>\n        <strong><br \/>\n            <a href=\"https:\/\/actu.fr\/auteur\/yann-rivallan\" title=\"Consulter tous les articles de Yann Rivallan\" target=\"_blank\" rel=\"noopener\">Yann Rivallan<\/a><br \/>\n                    <\/strong><\/p>\n<p>        Publi\u00e9 le<\/p>\n<p>            9 d\u00e9c. 2025 \u00e0 11h19        <\/p>\n<p>Engag\u00e9 en politique depuis ses 14\u00a0ans, Fr\u00e9d\u00e9ric Mazier se lance dans la campagne des <a href=\"https:\/\/actu.fr\/politique\/elections-municipales\" target=\"_blank\" rel=\"noopener\">municipales<\/a> 2026 \u00e0 <a href=\"https:\/\/actu.fr\/normandie\/rouen_76540\" target=\"_blank\" rel=\"noopener\">Rouen<\/a>. Cet <strong>ancien adh\u00e9rent du Front National<\/strong>, \u00e9galement pass\u00e9 bri\u00e8vement par Debout la France, le mouvement politique de Nicolas Dupont-Aignan, est aujourd\u2019hui la t\u00eate de liste <strong>du parti Reconqu\u00eate<\/strong> dans la ville aux cent clochers. Une campagne qu\u2019il veut axer autour de la \u00ab\u2009lutte contre l\u2019ins\u00e9curit\u00e9\u2009\u00bb.\u00a0<\/p>\n<p>Qui est Fr\u00e9d\u00e9ric Mazier\u2009?<\/p>\n<p class=\" wall-content\">Ce retrait\u00e9 de 61\u00a0ans conna\u00eet particuli\u00e8rement bien la Ville de Rouen. Il y a travaill\u00e9 comme <strong>fonctionnaire pendant 20\u00a0ans<\/strong>, notamment en tant que coordinateur des manifestations. D\u2019abord au service du maire UDF Pierre Albertini, puis successivement aupr\u00e8s des diff\u00e9rents maires socialistes. Il dit avoir vu la ville \u00ab\u2009d\u00e9cliner\u2009\u00bb au cours des deux derni\u00e8res d\u00e9cennies.<\/p>\n<p class=\" wall-content\">Pr\u00eat \u00e0 <strong>\u00ab\u2009reprendre Rouen en main\u2009\u00bb<\/strong>, comme il l\u2019\u00e9crit sur l\u2019un de ses tracts, <a href=\"https:\/\/x.com\/FredericMazier\">le candidat<\/a> du parti d\u2019\u00c9ric Zemmour r\u00e9unit sur sa liste des membres de Reconqu\u00eate, mais aussi de Debout la France et des Patriotes.<\/p>\n<p class=\" wall-content\">Concernant une \u00e9ventuelle alliance avec le Rassemblement National, qu\u2019il estime pourtant ne \u00ab\u2009pas \u00eatre un parti de droite\u2009\u00bb, Fr\u00e9d\u00e9ric Mazier explique avoir eu des discussions avec des repr\u00e9sentants, sans qu\u2019aucun accord ne soit trouv\u00e9. \u00ab\u2009Pour eux, on n\u2019existe pas\u2009\u00bb, constate-t-il. Il veut pour autant \u00ab\u2009travailler intelligemment\u2009\u00bb avec le parti de Marine Le\u00a0Pen.<\/p>\n<blockquote class=\"ac-article-quote wall-content\">\n<p>Nous ne sommes pas ennemis [avec le RN]. Je veux mettre fin au socialisme et faire en sorte qu&rsquo;on ne le remplace pas par la macronie en \u00e9lisant la liste de Mme Caron [la candidate du parti Horizons, NDLR].<\/p>\n<p>    <strong>Fr\u00e9d\u00e9ric Mazier<\/strong><br \/>\n        Candidat Reconqu\u00eate pour les municipales \u00e0 Rouen    <\/p><\/blockquote>\n<p>Vid\u00e9os : en ce moment sur Actu<\/p>\n<p class=\" wall-content\">M\u00eame s\u2019il se dit \u00ab\u2009r\u00e9aliste\u2009\u00bb sur ses maigres chances de victoire pour ce scrutin municipal, Fr\u00e9d\u00e9ric Mazier et ses colistiers esp\u00e8rent faire un bon score pour entrer au conseil municipal\u2009: \u00ab\u2009Si on peut avoir <strong>trois conseillers municipaux<\/strong>, ce sera d\u00e9j\u00e0 bien.\u2009\u00bb<\/p>\n<p>Ins\u00e9curit\u00e9, immigration, stationnement\u2026<\/p>\n<p class=\" wall-content\">Sans grande surprise, la <strong>lutte contre l\u2019ins\u00e9curit\u00e9 et l\u2019immigration<\/strong> sont au c\u0153ur de son programme. Deux priorit\u00e9s qu\u2019il entend r\u00e9gler en \u00ab\u2009arr\u00eatant la politique du chiffre d\u2019affaires de la police municipale\u2009\u00bb. Concernant l\u2019immigration, il veut donner \u00ab\u2009la priorit\u00e9 aux compatriotes fran\u00e7ais dans l\u2019attribution de logements sociaux\u2009\u00bb.<\/p>\n<p>Votre r\u00e9gion, votre actu !<\/p>\n<p>Recevez chaque jour les infos qui comptent pour vous.<\/p>\n<p>\t<a href=\"https:\/\/actu.fr\/newsletter\" class=\"ac-btn ac-btn--corner ac-btn--medium ac-btn--blue800\" target=\"_blank\" rel=\"noopener\">S&rsquo;incrire<\/a><\/p>\n<p class=\" wall-content\">Avec cette candidature, Fr\u00e9d\u00e9ric Mazier veut aussi <strong>\u00ab\u2009d\u00e9noncer les aberrations\u2009\u00bb<\/strong> de la majorit\u00e9 municipale. Plut\u00f4t que de concevoir le futur <a href=\"https:\/\/actu.fr\/normandie\/rouen_76540\/en-images-decouvrez-ce-que-va-devenir-la-piscine-abandonnee-de-l-ile-lacroix-a-rouen_63480632.html\" target=\"_blank\" rel=\"noopener\">centre des cultures urbaines<\/a> \u00e0 l\u2019emplacement de l\u2019ancienne piscine Oc\u00e9ade de l\u2019\u00eele Lacroix, le candidat Reconqu\u00eate propose \u00ab<strong>\u2009un grand parking<\/strong> de deux \u00e9tages [\u2026] pour sauver le commerce Rouennais\u2009\u00bb.<\/p>\n<p class=\" wall-content\">Farouchement oppos\u00e9 \u00e0 la ZFE (Zone \u00e0 Faibles \u00c9missions), Fr\u00e9d\u00e9ric Mazier esp\u00e8re \u00ab\u2009relancer le commerce \u00e0 Rouen en optimisant les parkings\u2009\u00bb. Sa proposition\u2009: transformer des places de stationnement payantes <strong>en zones bleues<\/strong>. Les automobilistes pourraient alors se garer gratuitement en centre-ville, mais pendant une dur\u00e9e limit\u00e9e (en g\u00e9n\u00e9ral une heure ou deux).<\/p>\n<p class=\" wall-content\">Le candidat envisage aussi une \u00ab\u2009r\u00e9organisation de la brigade verte\u2009\u00bb avec davantage de moyens pour \u00ab\u2009lutter contre les d\u00e9p\u00f4ts et les affichages sauvages\u2009\u00bb.<\/p>\n<p>Suivez l\u2019actualit\u00e9 de Rouen sur <a href=\"https:\/\/www.whatsapp.com\/channel\/0029VaKfnf99hXF2ddApFB1D\" target=\"_blank\" rel=\"noopener\">notre cha\u00eene WhatsApp<\/a> et sur <a href=\"https:\/\/www.tiktok.com\/@76actu.fr?lang=fr\" target=\"_blank\" rel=\"noopener\">notre compte TikTok<\/a><\/p>\n<p class=\" wall-content\">Personnalisez votre actualit\u00e9 en ajoutant vos villes et m\u00e9dias en favori avec <a href=\"https:\/\/moncompte.actu.fr\" title=\"D\u00e9couvez Mon Actu\" rel=\"nofollow noopener\" data-trk=\"{&quot;cta&quot;:{&quot;action&quot;:&quot;https:\\\/\\\/moncompte.actu.fr&quot;,&quot;category&quot;:&quot;mon compte&quot;,&quot;from&quot;:&quot;article footer&quot;,&quot;name&quot;:&quot;Mon actu&quot;,&quot;type&quot;:&quot;cta&quot;}}\" target=\"_blank\">Mon Actu<\/a>.<\/p>\n<p>                    <script async src=\"\/\/www.tiktok.com\/embed.js\"><\/script><\/p>\n","protected":false},"excerpt":{"rendered":"Par Yann Rivallan Publi\u00e9 le 9 d\u00e9c. 2025 \u00e0 11h19 Engag\u00e9 en politique depuis ses 14\u00a0ans, Fr\u00e9d\u00e9ric Mazier&hellip;\n","protected":false},"author":2,"featured_media":588370,"comment_status":"","ping_status":"","sticky":false,"template":"","format":"standard","meta":{"footnotes":""},"categories":[9587],"tags":[1111,11,4188,1777,674,1011,27,2825,3434,12,5161,316,10838,25,9590],"class_list":{"0":"post-588369","1":"post","2":"type-post","3":"status-publish","4":"format-standard","5":"has-post-thumbnail","7":"category-rouen","8":"tag-actu","9":"tag-actualites","10":"tag-elections-municipales","11":"tag-eu","12":"tag-europe","13":"tag-fr","14":"tag-france","15":"tag-insecurite","16":"tag-municipales-2026","17":"tag-news","18":"tag-normandie","19":"tag-politique","20":"tag-reconquete","21":"tag-republique-francaise","22":"tag-rouen"},"share_on_mastodon":{"url":"https:\/\/pubeurope.com\/@fr\/115689279116215892","error":""},"_links":{"self":[{"href":"https:\/\/www.europesays.com\/fr\/wp-json\/wp\/v2\/posts\/588369","targetHints":{"allow":["GET"]}}],"collection":[{"href":"https:\/\/www.europesays.com\/fr\/wp-json\/wp\/v2\/posts"}],"about":[{"href":"https:\/\/www.europesays.com\/fr\/wp-json\/wp\/v2\/types\/post"}],"author":[{"embeddable":true,"href":"https:\/\/www.europesays.com\/fr\/wp-json\/wp\/v2\/users\/2"}],"replies":[{"embeddable":true,"href":"https:\/\/www.europesays.com\/fr\/wp-json\/wp\/v2\/comments?post=588369"}],"version-history":[{"count":0,"href":"https:\/\/www.europesays.com\/fr\/wp-json\/wp\/v2\/posts\/588369\/revisions"}],"wp:featuredmedia":[{"embeddable":true,"href":"https:\/\/www.europesays.com\/fr\/wp-json\/wp\/v2\/media\/588370"}],"wp:attachment":[{"href":"https:\/\/www.europesays.com\/fr\/wp-json\/wp\/v2\/media?parent=588369"}],"wp:term":[{"taxonomy":"category","embeddable":true,"href":"https:\/\/www.europesays.com\/fr\/wp-json\/wp\/v2\/categories?post=588369"},{"taxonomy":"post_tag","embeddable":true,"href":"https:\/\/www.europesays.com\/fr\/wp-json\/wp\/v2\/tags?post=588369"}],"curies":[{"name":"wp","href":"https:\/\/api.w.org\/{rel}","templated":true}]}}