{"id":588373,"date":"2025-12-09T11:05:13","date_gmt":"2025-12-09T11:05:13","guid":{"rendered":"https:\/\/www.europesays.com\/fr\/588373\/"},"modified":"2025-12-09T11:05:13","modified_gmt":"2025-12-09T11:05:13","slug":"le-dissident-loic-marissal-entre-officiellement-dans-la-course","status":"publish","type":"post","link":"https:\/\/www.europesays.com\/fr\/588373\/","title":{"rendered":"le dissident Lo\u00efc Marissal entre officiellement dans la course"},"content":{"rendered":"<p>\u00ab\u00a0Conduire une liste, c\u2019est un engagement fort. J\u2019avais envie de franchir ce cap depuis longtemps\u00a0\u00bb, confie en d\u00e9but d\u2019entretien le candidat Lo\u00efc Marissal. Et ce nom de liste, Dom\u00e8ne \u00e0 c\u0153ur,  lui va comme un gant. \u00ab\u00a0J\u2019adore cette commune.\u00a0\u00bb Il s\u2019y est install\u00e9 en 2018 avec sa famille. \u00ab\u00a0Dom\u00e8ne, je la vis au quotidien et je veux m\u2019y investir.\u00a0\u00bb Et puis \u00ab\u00a0g\u00e9rer une commune, c\u2019est mon m\u00e9tier [il est directeur g\u00e9n\u00e9ral des services \u00e0 Bernin, NDLR]\u00a0\u00bb. Alors d\u00e9cider, ce sera pour lui qu\u2019\u00ab\u00a0un prolongement logique.\u00a0\u00bb Et maintenant il a en t\u00eate&#8230;<\/p>\n","protected":false},"excerpt":{"rendered":"\u00ab\u00a0Conduire une liste, c\u2019est un engagement fort. J\u2019avais envie de franchir ce cap depuis longtemps\u00a0\u00bb, confie en d\u00e9but&hellip;\n","protected":false},"author":2,"featured_media":588374,"comment_status":"","ping_status":"","sticky":false,"template":"","format":"standard","meta":{"footnotes":""},"categories":[9566],"tags":[1111,11,2430,1984,12492,113,4188,1777,674,1011,27,2731,12204,3540,108,6319,2759,12,316,3370,25],"class_list":{"0":"post-588373","1":"post","2":"type-post","3":"status-publish","4":"format-standard","5":"has-post-thumbnail","7":"category-grenoble","8":"tag-actu","9":"tag-actualites","10":"tag-auvergne-rhone-alpes","11":"tag-conseil-municipal","12":"tag-domene","13":"tag-edition-gresivaudan-oisans","14":"tag-elections-municipales","15":"tag-eu","16":"tag-europe","17":"tag-fr","18":"tag-france","19":"tag-grenoble","20":"tag-gresivaudan","21":"tag-horizons","22":"tag-isere","23":"tag-les-republicains","24":"tag-modem","25":"tag-news","26":"tag-politique","27":"tag-renaissance","28":"tag-republique-francaise"},"share_on_mastodon":{"url":"https:\/\/pubeurope.com\/@fr\/115689287009988906","error":""},"_links":{"self":[{"href":"https:\/\/www.europesays.com\/fr\/wp-json\/wp\/v2\/posts\/588373","targetHints":{"allow":["GET"]}}],"collection":[{"href":"https:\/\/www.europesays.com\/fr\/wp-json\/wp\/v2\/posts"}],"about":[{"href":"https:\/\/www.europesays.com\/fr\/wp-json\/wp\/v2\/types\/post"}],"author":[{"embeddable":true,"href":"https:\/\/www.europesays.com\/fr\/wp-json\/wp\/v2\/users\/2"}],"replies":[{"embeddable":true,"href":"https:\/\/www.europesays.com\/fr\/wp-json\/wp\/v2\/comments?post=588373"}],"version-history":[{"count":0,"href":"https:\/\/www.europesays.com\/fr\/wp-json\/wp\/v2\/posts\/588373\/revisions"}],"wp:featuredmedia":[{"embeddable":true,"href":"https:\/\/www.europesays.com\/fr\/wp-json\/wp\/v2\/media\/588374"}],"wp:attachment":[{"href":"https:\/\/www.europesays.com\/fr\/wp-json\/wp\/v2\/media?parent=588373"}],"wp:term":[{"taxonomy":"category","embeddable":true,"href":"https:\/\/www.europesays.com\/fr\/wp-json\/wp\/v2\/categories?post=588373"},{"taxonomy":"post_tag","embeddable":true,"href":"https:\/\/www.europesays.com\/fr\/wp-json\/wp\/v2\/tags?post=588373"}],"curies":[{"name":"wp","href":"https:\/\/api.w.org\/{rel}","templated":true}]}}