{"id":588375,"date":"2025-12-09T11:06:14","date_gmt":"2025-12-09T11:06:14","guid":{"rendered":"https:\/\/www.europesays.com\/fr\/588375\/"},"modified":"2025-12-09T11:06:14","modified_gmt":"2025-12-09T11:06:14","slug":"les-travaux-place-de-metz-a-grenoble-font-polemique","status":"publish","type":"post","link":"https:\/\/www.europesays.com\/fr\/588375\/","title":{"rendered":"Les travaux place de Metz \u00e0 Grenoble font pol\u00e9mique"},"content":{"rendered":"<p>\t\t\t\t\tCHRONIQUE \u2013 Place Gre\u2019net s\u2019as\u00adso\u00adcie \u00e0 la radio <a href=\"https:\/\/rcf.fr\" target=\"_blank\" rel=\"noopener\">RCF Is\u00e8re<\/a> chaque lundi midi dans la chro\u00adnique <a href=\"https:\/\/www.placegrenet.fr\/tag\/lecho-des-medias\" target=\"_blank\" rel=\"noopener\">L\u2019\u00c9cho des m\u00e9dias<\/a>. Notre objec\u00adtif\u00a0? Revenir sur une actua\u00adlit\u00e9, d\u00e9cryp\u00adter une infor\u00adma\u00adtion\u2026 ou r\u00e9v\u00e9\u00adler les cou\u00adlisses du trai\u00adte\u00adment d\u2019une nou\u00advelle. Pour cette chro\u00adnique n\u00b0128 du lundi 8 d\u00e9cembre 2025, retour sur les tra\u00advaux place de Metz \u00e0 Grenoble.<\/p>\n<p>\u00ab\u00a0Aujourd\u2019hui, nous allons par\u00adler du chan\u00adtier de la place de Metz \u00e0 Grenoble. Cette place a ainsi \u00e9t\u00e9 d\u00e9nom\u00adm\u00e9e en 1918, en sou\u00adve\u00adnir de la ville de Lorraine per\u00addue par la France \u00e0 l\u2019is\u00adsue de la guerre franco-prus\u00adsienne de 1870. Quant \u00e0 la rue de Strasbourg, elle rend hom\u00admage \u00e0 l\u2019Alsace, \u00e9ga\u00adle\u00adment annex\u00e9e puis r\u00e9in\u00adt\u00e9\u00adgr\u00e9e en 1918, et repr\u00e9\u00adsente elle aussi un mar\u00adqueur fort de l\u2019unit\u00e9 nationale.<\/p>\n<p>Toujours est-il que la place de Metz fait actuel\u00adle\u00adment l\u2019ob\u00adjet de tra\u00advaux de r\u00e9no\u00adva\u00adtion. Si cha\u00adcun s\u2019ac\u00adcorde \u00e0 dire qu\u2019ils \u00e9taient plus que n\u00e9ces\u00adsaires, la fina\u00adlit\u00e9 de ces tra\u00advaux, elle, ne fait pas l\u2019unanimit\u00e9.<\/p>\n<p>Des tra\u00advaux place de Metz qui ont pris du retard<\/p>\n<p>La Ville et la M\u00e9tropole de Grenoble ont en effet pr\u00e9vu de sup\u00adpri\u00admer l\u2019in\u00adt\u00e9\u00adgra\u00adlit\u00e9 des 72 places de par\u00adking que compte la place. De quoi bra\u00adquer les com\u00admer\u00ad\u00e7ants du quar\u00adtier, pour qui ce choix va for\u00adte\u00adment nuire \u00e0 leur activit\u00e9.<\/p>\n<p>En plus de cela, les tra\u00advaux ont pris du retard. Le chan\u00adtier a repris, fin novembre, apr\u00e8s avoir \u00e9t\u00e9 inter\u00adrompu \u00e0 la suite de la d\u00e9cou\u00adverte d\u2019hy\u00addro\u00adcar\u00adbures dans le sol. Ce qui a n\u00e9ces\u00adsit\u00e9 l\u2019in\u00adter\u00adven\u00adtion d\u2019une entre\u00adprise sp\u00e9\u00adcia\u00adli\u00ads\u00e9e, avec pour r\u00e9sul\u00adtat une fin de tra\u00advaux annon\u00adc\u00e9e en ao\u00fbt 2026, contre mars ini\u00adtia\u00adle\u00adment. Pas de quoi r\u00e9jouir les res\u00adtau\u00adra\u00adteurs de la place, dont les clients ont actuel\u00adle\u00adment une vue impre\u00adnable\u2026 sur des grillages.<\/p>\n<p>Inutile de dire que les com\u00admer\u00ad\u00e7ants, d\u00e9j\u00e0 m\u00e9con\u00adtents de la nature des tra\u00advaux, sont aussi tr\u00e8s remon\u00adt\u00e9s du fait de ce retard, m\u00eame si celui-ci n\u2019a rien d\u2019in\u00adha\u00adbi\u00adtuel. Le pro\u00adpri\u00e9\u00adtaire de la fro\u00adma\u00adge\u00adrie Les Alpages, \u00e9ta\u00adblis\u00adse\u00adment his\u00adto\u00adrique du quar\u00adtier, s\u2019est ainsi \u00e9tonn\u00e9 que des son\u00addages dans le sol n\u2019aient pas \u00e9t\u00e9 r\u00e9a\u00adli\u00ads\u00e9s avant le lan\u00adce\u00adment des tra\u00advaux, consi\u00add\u00e9\u00adrant cela comme une marque d\u2019incomp\u00e9tence.<\/p>\n<p>Qui plus est, les com\u00admer\u00ad\u00e7ants disent d\u00e9j\u00e0 res\u00adsen\u00adtir les impacts de ce chan\u00adtier. Toujours selon le fro\u00adma\u00adger, cer\u00adtains de ses col\u00adl\u00e8gues de la rue de Strasbourg auraient ainsi d\u00e9j\u00e0 observ\u00e9 une baisse de 15 \u00e0 20\u00a0% de leur acti\u00advit\u00e9. En cause, selon lui\u00a0: l\u2019im\u00adpos\u00adsi\u00adbi\u00adlit\u00e9 pour les clients de se garer \u00e0 proxi\u00admit\u00e9 et des par\u00adkings avoi\u00adsi\u00adnants d\u00e9crits comme tota\u00adle\u00adment satu\u00adr\u00e9s. Si les f\u00eates de fin d\u2019an\u00adn\u00e9e pour\u00adraient limi\u00adter les d\u00e9g\u00e2ts, le com\u00admer\u00ad\u00e7ant dit craindre des cons\u00e9\u00adquences encore plus graves \u00e0 par\u00adtir de d\u00e9but\u00a02026.<\/p>\n<p>Un com\u00adpro\u00admis impossible\u00a0?<\/p>\n<p>Ce n\u2019est bien s\u00fbr pas l\u2019o\u00adpi\u00adnion des par\u00adti\u00adsans des tra\u00advaux. La M\u00e9tropole d\u00e9fend au contraire l\u2019i\u00add\u00e9e qu\u2019une place de Metz moins min\u00e9\u00adrale et plus ver\u00addoyante, en un mot plus attrac\u00adtive, met\u00adtra en valeur les com\u00admerces locaux et assu\u00adrera leur fr\u00e9\u00adquen\u00adta\u00adtion. Et des asso\u00adcia\u00adtions \u00e9co\u00adlo\u00adgistes comme l\u2019ADTC contestent l\u2019i\u00add\u00e9e que l\u2019al\u00adpha et l\u2019o\u00adm\u00e9ga du com\u00admerce de centre-ville repo\u00adse\u00adrait sur l\u2019ac\u00adces\u00adsi\u00adbi\u00adlit\u00e9 en voi\u00adture. Il s\u2019a\u00adgit pour elles d\u2019un mod\u00e8le d\u2019un autre temps qu\u2019il convient de d\u00e9passer.<\/p>\n<p>Ce sont bien deux visions qui s\u2019op\u00adposent et deux r\u00e9a\u00adli\u00adt\u00e9s. Avec des com\u00admer\u00ad\u00e7ants qui craignent pour leur acti\u00advit\u00e9 \u00e0 court terme, ce qui est l\u00e9gi\u00adtime, et des per\u00adsonnes qui veulent rendre la ville de demain plus vivable dans un contexte de r\u00e9chauf\u00adfe\u00adment cli\u00adma\u00adtique, ce qui semble \u00e9vi\u00addem\u00adment n\u00e9cessaire.<\/p>\n<p>Reste qu\u2019un juste milieu semble pos\u00adsible. Et l\u2019on peut regret\u00adter que le dia\u00adlogue ou la recherche de com\u00adpro\u00admis soient bien sou\u00advent, mais pas tou\u00adjours, contra\u00adri\u00e9s par des pos\u00adtures de prin\u00adcipe d\u2019un c\u00f4t\u00e9 comme de l\u2019autre.\u00a0\u00bb<\/p>\n<p>Retrouvez la chro\u00adnique RCF 128 dans sa ver\u00adsion radio\u00adpho\u00adnique en cli\u00adquant sur le lec\u00adteur ci-dessous.<\/p>\n<p><a href=\"https:\/\/rcf.fr\/actualite\/lecho-des-medias-avec-place-grenet\" target=\"_blank\" rel=\"noopener\"><img fetchpriority=\"high\" decoding=\"async\" aria-describedby=\"caption-attachment-545542\" class=\"wp-image-545542 size-full\" src=\"data:image\/svg+xml,%3Csvg%20xmlns=\" http:=\"\" alt=\"Chronique RCF 128 : Les travaux place de Metz \u00e0 Grenoble\" width=\"1181\" height=\"622\" data-lazy- data-lazy- data-lazy-src=\"https:\/\/www.europesays.com\/fr\/wp-content\/uploads\/2025\/04\/RCF_LOGO_ISERE_QUADRI-e1631280905220.png\"\/><\/a><\/p>\n<p id=\"caption-attachment-545542\" class=\"wp-caption-text\">Chronique RCF 128\u00a0: Les tra\u00advaux place de Metz \u00e0 Grenoble<\/p>\n<p>Chaque lundi midi, retrou\u00advez la chro\u00adnique L\u2019\u00c9cho des m\u00e9dias <a href=\"https:\/\/rcf.fr\/actualite\/lecho-des-medias-avec-place-grenet\" target=\"_blank\" rel=\"noopener\">sur RCF Is\u00e8re<\/a> (103.7\u00a0FM \u00e0 Grenoble) en par\u00adte\u00adna\u00adriat avec Place Gre\u2019net. (Cliquer sur l\u2019i\u00admage pour acc\u00e9\u00adder \u00e0 toutes les chroniques.)<\/p>\n","protected":false},"excerpt":{"rendered":"CHRONIQUE \u2013 Place Gre\u2019net s\u2019as\u00adso\u00adcie \u00e0 la radio RCF Is\u00e8re chaque lundi midi dans la chro\u00adnique L\u2019\u00c9cho des&hellip;\n","protected":false},"author":2,"featured_media":27517,"comment_status":"","ping_status":"","sticky":false,"template":"","format":"standard","meta":{"footnotes":""},"categories":[9566],"tags":[1111,11,2430,1777,674,1011,27,2731,12,25],"class_list":{"0":"post-588375","1":"post","2":"type-post","3":"status-publish","4":"format-standard","5":"has-post-thumbnail","7":"category-grenoble","8":"tag-actu","9":"tag-actualites","10":"tag-auvergne-rhone-alpes","11":"tag-eu","12":"tag-europe","13":"tag-fr","14":"tag-france","15":"tag-grenoble","16":"tag-news","17":"tag-republique-francaise"},"share_on_mastodon":{"url":"https:\/\/pubeurope.com\/@fr\/115689290778644997","error":""},"_links":{"self":[{"href":"https:\/\/www.europesays.com\/fr\/wp-json\/wp\/v2\/posts\/588375","targetHints":{"allow":["GET"]}}],"collection":[{"href":"https:\/\/www.europesays.com\/fr\/wp-json\/wp\/v2\/posts"}],"about":[{"href":"https:\/\/www.europesays.com\/fr\/wp-json\/wp\/v2\/types\/post"}],"author":[{"embeddable":true,"href":"https:\/\/www.europesays.com\/fr\/wp-json\/wp\/v2\/users\/2"}],"replies":[{"embeddable":true,"href":"https:\/\/www.europesays.com\/fr\/wp-json\/wp\/v2\/comments?post=588375"}],"version-history":[{"count":0,"href":"https:\/\/www.europesays.com\/fr\/wp-json\/wp\/v2\/posts\/588375\/revisions"}],"wp:featuredmedia":[{"embeddable":true,"href":"https:\/\/www.europesays.com\/fr\/wp-json\/wp\/v2\/media\/27517"}],"wp:attachment":[{"href":"https:\/\/www.europesays.com\/fr\/wp-json\/wp\/v2\/media?parent=588375"}],"wp:term":[{"taxonomy":"category","embeddable":true,"href":"https:\/\/www.europesays.com\/fr\/wp-json\/wp\/v2\/categories?post=588375"},{"taxonomy":"post_tag","embeddable":true,"href":"https:\/\/www.europesays.com\/fr\/wp-json\/wp\/v2\/tags?post=588375"}],"curies":[{"name":"wp","href":"https:\/\/api.w.org\/{rel}","templated":true}]}}