{"id":588383,"date":"2025-12-09T11:11:14","date_gmt":"2025-12-09T11:11:14","guid":{"rendered":"https:\/\/www.europesays.com\/fr\/588383\/"},"modified":"2025-12-09T11:11:14","modified_gmt":"2025-12-09T11:11:14","slug":"nice-cest-quoi-ces-affiches-etonnantes-qui-ont-fleuri-un-peu-partout-en-ville","status":"publish","type":"post","link":"https:\/\/www.europesays.com\/fr\/588383\/","title":{"rendered":"Nice. C&rsquo;est quoi ces affiches \u00e9tonnantes qui ont fleuri un peu partout en ville\u00a0?"},"content":{"rendered":"<p>                    Par<br \/>\n        <strong><br \/>\n            <a href=\"https:\/\/actu.fr\/auteur\/arthur-frand\" title=\"Consulter tous les articles de Arthur Frand\" target=\"_blank\" rel=\"noopener\">Arthur Frand<\/a><br \/>\n                    <\/strong><\/p>\n<p>        Publi\u00e9 le<\/p>\n<p>            9 d\u00e9c. 2025 \u00e0 11h18        <\/p>\n<p>Tourner en d\u00e9rision la m\u00e9diocrit\u00e9. Voil\u00e0 l\u2019objectif de certains fans des Aiglons. Ce week-end du 6 et 7\u00a0d\u00e9cembre, certains habitants ou touristes sont tomb\u00e9s sur <strong>de dr\u00f4les d\u2019affiches <\/strong>de couleur dans les rues de <a href=\"https:\/\/actu.fr\/nice\/\" target=\"_blank\" rel=\"noopener\">Nice<\/a>, dans les <a href=\"https:\/\/actu.fr\/provence-alpes-cote-d-azur\/alpes-maritimes_06\" target=\"_blank\" rel=\"noopener\">Alpes-Maritimes<\/a>.<\/p>\n<p class=\" wall-content\">\u00c0 vis\u00e9e parodique, elles redirigent vers un site internet surprenant et sont li\u00e9es \u00e0 <strong>la situation du club<\/strong> de football, l\u2019OGC Nice, enfonc\u00e9 dans une crise sportive et extra-sportive profonde. On vous explique.<\/p>\n<p>Des affiches qui reprennent les codes du cirque<\/p>\n<p class=\" wall-content\">Dans la nuit du samedi\u00a06 au dimanche 7\u00a0d\u00e9cembre 2025, de nombreuses affiches, repartag\u00e9es sur les r\u00e9seaux sociaux, <strong>ont \u00e9t\u00e9 coll\u00e9es \u00e0 divers endroits<\/strong> de la ville de Nice. En centre-ville mais pas que. De couleur jaune et rouge, elles reprennent <strong>les codes du cirque<\/strong>. On peut y voir, au centre, un <strong>clown en veste rouge et noir<\/strong> qui montre du doigt la personne qui regarde l\u2019affiche. Et cible directement le club de l\u2019OGC Nice.<br \/>Un message clair est affich\u00e9\u2009: \u00ab\u2009OGC Nice\u2009: le plus c\u00e9l\u00e8bre cirque d\u2019Europe enfin de retour\u2009!\u2009\u00bb<\/p>\n<p>    <img decoding=\"async\" loading=\"lazy\" src=\"https:\/\/www.europesays.com\/fr\/wp-content\/uploads\/2025\/12\/affiches-nice-2-586x640.jpg\" alt=\"Affiches Nice\" width=\"586\" height=\"640\"\/><br \/>\n    Des affiches moquant la situation de l\u2019OGC Nice ont fleuri en ville. (\u00a9Capture d\u2019\u00e9cran X)<\/p>\n<p class=\" wall-content\">Ces affiches parodiques, placard\u00e9es avant le match de Ligue 1 contre Angers \u00e0 l\u2019Allianz Riviera (d\u00e9faite 1-0) ce dimanche, n\u2019avaient qu\u2019un but\u2009: se moquer et <strong>critiquer la situation catastrophique<\/strong> de l\u2019OGC Nice.<\/p>\n<p class=\" wall-content\">Le club traverse une crise exceptionnelle, sportive d\u00e9j\u00e0 avec sept d\u00e9faites de suite et une derni\u00e8re place au classement de Ligue Europa (0 point). Mais aussi extra-sportive depuis une grosse semaine puisque deux joueurs du club, actuellement en arr\u00eat de travail, ont port\u00e9 plainte, estimant avoir \u00e9t\u00e9 frapp\u00e9s par certains supporters le 30\u00a0novembre dernier.<\/p>\n<p>Votre r\u00e9gion, votre actu !<\/p>\n<p>Recevez chaque jour les infos qui comptent pour vous.<\/p>\n<p>\t<a href=\"https:\/\/actu.fr\/newsletter\" class=\"ac-btn ac-btn--corner ac-btn--medium ac-btn--blue800\" target=\"_blank\" rel=\"noopener\">S&rsquo;incrire<\/a><br \/>\nElles redirigent vers un site internet comique<\/p>\n<p class=\" wall-content\">Dans ce marasme, certains supporters des Aiglons se sont montr\u00e9s <strong>tr\u00e8s inventifs<\/strong>. Au-del\u00e0 des codes esth\u00e9tiques atypiques, ces affiches renvoient vers <a href=\"https:\/\/lecirqueogcnice.com\/\" target=\"_blank\" rel=\"noopener\">un site internet cr\u00e9e de toute part<\/a>\u2009: lecirqueogcnice.com.<\/p>\n<p class=\" wall-content\">Celui-ci propose <strong>plusieurs options<\/strong>\u2009comme cliquer sur le logo d\u2019une des sept \u00e9quipes ayant battu Nice (PSG, OM, Lorient, Fribourg, etc.) ces derni\u00e8res semaines avec une musique de cirque en fond.<\/p>\n<p class=\" wall-content\">Il est aussi possible de <strong>\u00ab\u2009parier sur une d\u00e9faite\u2009\u00bb<\/strong> du Gym. En l\u2019occurrence, le prochain match de Ligue Europa contre les Portugais de Braga, ce jeudi 11\u00a0d\u00e9cembre. Si vous pronostiquez une victoire, un message ironique appara\u00eet\u2009avec la t\u00eate du directeur sportif Florian Maurice\u2009: \u00ab\u2009Haha, vous pensez vraiment qu\u2019ils peuvent gagner\u2009\u00bb\u2009?<\/p>\n<p class=\" wall-content\">Selon le quotidien Le Parisien ont aussi \u00e9t\u00e9 mises aux abords du centre d\u2019entra\u00eenement avant d\u2019\u00eatre enlev\u00e9es par la police et la s\u00e9curit\u00e9 du club.<\/p>\n<p class=\" wall-content\">Personnalisez votre actualit\u00e9 en ajoutant vos villes et m\u00e9dias en favori avec <a href=\"https:\/\/moncompte.actu.fr\" title=\"D\u00e9couvez Mon Actu\" rel=\"nofollow noopener\" data-trk=\"{&quot;cta&quot;:{&quot;action&quot;:&quot;https:\\\/\\\/moncompte.actu.fr&quot;,&quot;category&quot;:&quot;mon compte&quot;,&quot;from&quot;:&quot;article footer&quot;,&quot;name&quot;:&quot;Mon actu&quot;,&quot;type&quot;:&quot;cta&quot;}}\" target=\"_blank\">Mon Actu<\/a>.<\/p>\n","protected":false},"excerpt":{"rendered":"Par Arthur Frand Publi\u00e9 le 9 d\u00e9c. 2025 \u00e0 11h18 Tourner en d\u00e9rision la m\u00e9diocrit\u00e9. Voil\u00e0 l\u2019objectif de&hellip;\n","protected":false},"author":2,"featured_media":588384,"comment_status":"","ping_status":"","sticky":false,"template":"","format":"standard","meta":{"footnotes":""},"categories":[2819],"tags":[1111,11,5398,1777,674,1011,27,708,12,2401,882,25,104],"class_list":{"0":"post-588383","1":"post","2":"type-post","3":"status-publish","4":"format-standard","5":"has-post-thumbnail","7":"category-nice","8":"tag-actu","9":"tag-actualites","10":"tag-cirque","11":"tag-eu","12":"tag-europe","13":"tag-fr","14":"tag-france","15":"tag-humour","16":"tag-news","17":"tag-nice","18":"tag-provence-alpes-cote-dazur","19":"tag-republique-francaise","20":"tag-societe"},"share_on_mastodon":{"url":"https:\/\/pubeurope.com\/@fr\/115689311206964712","error":""},"_links":{"self":[{"href":"https:\/\/www.europesays.com\/fr\/wp-json\/wp\/v2\/posts\/588383","targetHints":{"allow":["GET"]}}],"collection":[{"href":"https:\/\/www.europesays.com\/fr\/wp-json\/wp\/v2\/posts"}],"about":[{"href":"https:\/\/www.europesays.com\/fr\/wp-json\/wp\/v2\/types\/post"}],"author":[{"embeddable":true,"href":"https:\/\/www.europesays.com\/fr\/wp-json\/wp\/v2\/users\/2"}],"replies":[{"embeddable":true,"href":"https:\/\/www.europesays.com\/fr\/wp-json\/wp\/v2\/comments?post=588383"}],"version-history":[{"count":0,"href":"https:\/\/www.europesays.com\/fr\/wp-json\/wp\/v2\/posts\/588383\/revisions"}],"wp:featuredmedia":[{"embeddable":true,"href":"https:\/\/www.europesays.com\/fr\/wp-json\/wp\/v2\/media\/588384"}],"wp:attachment":[{"href":"https:\/\/www.europesays.com\/fr\/wp-json\/wp\/v2\/media?parent=588383"}],"wp:term":[{"taxonomy":"category","embeddable":true,"href":"https:\/\/www.europesays.com\/fr\/wp-json\/wp\/v2\/categories?post=588383"},{"taxonomy":"post_tag","embeddable":true,"href":"https:\/\/www.europesays.com\/fr\/wp-json\/wp\/v2\/tags?post=588383"}],"curies":[{"name":"wp","href":"https:\/\/api.w.org\/{rel}","templated":true}]}}